{"id":969791,"date":"2024-09-01T13:26:09","date_gmt":"2024-09-01T16:26:09","guid":{"rendered":"https:\/\/www.cnbb.org.br\/?p=969791"},"modified":"2024-09-03T13:28:17","modified_gmt":"2024-09-03T16:28:17","slug":"mensagem-do-papa-francisco-para-o-dia-mundial-pelo-cuidado-da-criacao","status":"publish","type":"post","link":"https:\/\/www.cnbb.org.br\/mensagem-do-papa-francisco-para-o-dia-mundial-pelo-cuidado-da-criacao\/","title":{"rendered":"Mensagem do Papa Francisco para o Dia Mundial pelo cuidado da Cria\u00e7\u00e3o"},"content":{"rendered":"<p style=\"text-align: right;\">Cardeal Orani Jo\u00e3o Tempesta<br \/>\nArcebispo do Rio de Janeiro<\/p>\n<p style=\"text-align: right;\">\nTema: \u201cEspera e age com a cria\u00e7\u00e3o\u201d (Rm 8, 19-25)<\/p>\n<p style=\"text-align: justify;\">O Papa Francisco escreveu uma mensagem direcionada a toda Igreja em raz\u00e3o do Dia Mundial pelo Cuidado da Cria\u00e7\u00e3o que \u00e9 celebrado no dia 1\u00b0 de setembro. O tema escolhido para este ano \u00e9 da carta aos Romanos: \u201cEspera e age com a cria\u00e7\u00e3o\u201d (Rm 8, 19-25).<\/p>\n<p>A inten\u00e7\u00e3o de celebrar todos os anos o Dia Mundial pelo Cuidado da Cria\u00e7\u00e3o \u00e9 chamar a aten\u00e7\u00e3o de todos os fi\u00e9is para cuidem e zelem do meio ambiente. Com esse dia come\u00e7a o tempo do cuidado da cria\u00e7\u00e3o que vai at\u00e9 o dia 4 de outubro, dia de S\u00e3o Francisco de Assis.<\/p>\n<p>Infelizmente vemos com certa tristeza e preocupa\u00e7\u00e3o o que vem acontecendo no planeta, atrav\u00e9s da a\u00e7\u00e3o do homem o planeta tem passado por muitas transforma\u00e7\u00f5es, como por exemplo: aquecimento em excesso, aumento do n\u00edvel do mar, escassez de chuva e cat\u00e1strofes naturais cada vez mais intensas.<\/p>\n<p>Vemos com preocupa\u00e7\u00e3o o futuro do nosso planeta e da humanidade, algo precisa ser feito de maneira urgente para que as cat\u00e1strofes n\u00e3o sejam maiores. A cria\u00e7\u00e3o \u00e9 um dom de Deus que disp\u00f4s para n\u00f3s, como por exemplo: \u00e1rvores, animais, rios, mar, o ar que respiramos, enfim, temos que cuidar de tudo o que Deus criou, porque tudo o que Ele criou foi bom e em vista do nosso bem.<\/p>\n<p>Temos que fazer um esfor\u00e7o e cuidar da nossa casa comum, ou seja, de nosso planeta terra, onde todos precisam viver bem, com dignidade e com todos os direitos garantidos. Que todas as pessoas tenham acesso a moradia, comida, \u00e1gua, saneamento b\u00e1sico, sa\u00fade e trabalho. Tenhamos o cuidado de n\u00e3o desperdi\u00e7ar \u00e1gua, um bem t\u00e3o precioso para n\u00f3s, que infelizmente em muitos lugares est\u00e1 ficando escassa devido a seca. N\u00e3o desperdi\u00e7ar luz ou comida. Esses bens t\u00e3o preciosos devem ser o direito de todos os cidad\u00e3os do mundo e n\u00e3o somente de alguns.<\/p>\n<p>A grande causa do aquecimento global e de tudo o que vem acontecendo no planeta \u00e9 o desmatamento, temos que cuidar de nossas florestas, pois o verde \u00e9 vida. Infelizmente, a cada ano que passa, aumenta o desmatamento em na floresta amaz\u00f4nica e em nossas cidades, no lugar do verde se constr\u00f3i pr\u00e9dios e outras coisas de concreto, isso impacta muito no clima. Outra causa do aquecimento global \u00e9 a polui\u00e7\u00e3o provinda dos escapamentos dos autom\u00f3veis e das m\u00e1quinas das f\u00e1bricas. Alguma provid\u00eancia precisa ser tomada, como catalisar essa fuma\u00e7a e a fabrica\u00e7\u00e3o de mais carros e \u00f4nibus el\u00e9tricos para ter menos impacto no meio ambiente.<\/p>\n<p>Diante de todas essas a\u00e7\u00f5es a temperatura do planeta aumentou quase dois graus, as \u00e1guas do oceano pac\u00edfico est\u00e3o mais quentes, tem ocorrido o derretimento das geleiras, e tem crescido as chamadas ondas de calor. Aqui no Brasil, a tend\u00eancia \u00e9 que a cada ano o ver\u00e3o seja mais rigoroso com temperaturas mais altas. Se quisermos deixar um futuro para as pr\u00f3ximas gera\u00e7\u00f5es temos que iniciar a mudan\u00e7a desde j\u00e1.<\/p>\n<p>O tema escolhido pelo Papa Francisco para a mensagem desse ano de 2024 \u00e9: \u201cEspera e age com a cria\u00e7\u00e3o\u201d (Rm 8, 19-25). O que S\u00e3o Paulo quer dizer nesse vers\u00edculo e o que o Santo Padre quer dizer nessa mensagem \u00e9 que n\u00e3o devemos agir de maneira afoita com a cria\u00e7\u00e3o, mas devemos agir com sabedoria e prud\u00eancia.<\/p>\n<p>Um poder descontrolado com a cria\u00e7\u00e3o e feito sem pensar, a a\u00e7\u00e3o pode voltar contra n\u00f3s mesmos, ou seja, se desmatarmos as florestas descontroladamente n\u00f3s que sofreremos depois com o calor excessivo e a falta de ventos. Se desperdi\u00e7armos \u00e1gua, n\u00f3s que sofremos a falta dela mais adiante, e se poluirmos o meio ambiente, n\u00f3s que n\u00e3o conseguiremos respirar mais para a frente. Por isso, temos que fazer tudo de maneira controlada e pensar nas consequ\u00eancias de nossos atos.<\/p>\n<p>Infelizmente estamos presenciando no mundo v\u00e1rias guerras e viol\u00eancias por toda parte. As guerras s\u00e3o muito devastadoras e inconsequentes, v\u00e3o contra os planos de Deus e al\u00e9m de matar inocentes, atinge o nosso planeta de maneira geral. Todas as na\u00e7\u00f5es precisam viver bem na terra, e todos devem se unir num \u00fanico objetivo fazer o bem sem olhar a quem.<\/p>\n<p>As guerras s\u00e3o um grande mal, \u00e9 preciso aprender a dialogar e n\u00e3o resolver as quest\u00f5es somente na viol\u00eancia. Dependendo de qual caminho os conflitos tra\u00e7arem poderemos ter consequ\u00eancias dr\u00e1sticas, como por exemplo outra guerra mundial, ou outros pa\u00edses se juntarem ao conflito. Com tudo isso o planeta vai sofrendo as consequ\u00eancias das bombas, dos m\u00edsseis e dos conflitos.<\/p>\n<p>O cora\u00e7\u00e3o humano precisa se aproximar mais de Deus, ao se aproximar de Deus \u00e9 poss\u00edvel se aproximar mais do pr\u00f3ximo. Com isso, cessariam as guerras e os conflitos, quando Deus criou o universo e posteriormente o homem os criou para que refletissem no pr\u00f3ximo o amor de Deus.<\/p>\n<p>Motivados pela mensagem do Santo Padre o Papa Francisco para esse Dia Mundial de Ora\u00e7\u00e3o pelo Cuidado da Cria\u00e7\u00e3o, fa\u00e7amos uma reflex\u00e3o geral de como estamos cuidando primeiramente de n\u00f3s mesmos e em segundo lugar como estamos cuidando da nossa casa comum. E reflitamos sobretudo que aquilo que n\u00e3o queremos para n\u00f3s, n\u00e3o devemos desejar para o pr\u00f3ximo. Edifiquemos o reino de Deus aqui na terra, para depois vive-lo de maneira plena no c\u00e9u.<\/p>\n<p>&nbsp;<\/p>\n","protected":false},"excerpt":{"rendered":"<p>Cardeal Orani Jo\u00e3o Tempesta Arcebispo do Rio de Janeiro Tema: \u201cEspera e age com a cria\u00e7\u00e3o\u201d (Rm 8, 19-25) O Papa Francisco escreveu uma mensagem direcionada a toda Igreja em raz\u00e3o do Dia Mundial pelo Cuidado da Cria\u00e7\u00e3o que \u00e9 celebrado no dia 1\u00b0 de setembro. O tema escolhido para este ano \u00e9 da carta &hellip;<\/p>\n<p class=\"read-more\"> <a class=\"\" href=\"https:\/\/www.cnbb.org.br\/mensagem-do-papa-francisco-para-o-dia-mundial-pelo-cuidado-da-criacao\/\"> <span class=\"screen-reader-text\">Mensagem do Papa Francisco para o Dia Mundial pelo cuidado da Cria\u00e7\u00e3o<\/span> Leia mais &raquo;<\/a><\/p>\n","protected":false},"author":31,"featured_media":0,"comment_status":"closed","ping_status":"closed","sticky":false,"template":"","format":"standard","meta":{"site-sidebar-layout":"default","site-content-layout":"default","ast-global-header-display":"","ast-banner-title-visibility":"","ast-main-header-display":"","ast-hfb-above-header-display":"","ast-hfb-below-header-display":"","ast-hfb-mobile-header-display":"","site-post-title":"","ast-breadcrumbs-content":"","ast-featured-img":"","footer-sml-layout":"","theme-transparent-header-meta":"default","adv-header-id-meta":"","stick-header-meta":"","header-above-stick-meta":"","header-main-stick-meta":"","header-below-stick-meta":""},"categories":[758],"tags":[],"acf":[],"_links":{"self":[{"href":"https:\/\/www.cnbb.org.br\/cnbb-app\/wp\/v2\/posts\/969791"}],"collection":[{"href":"https:\/\/www.cnbb.org.br\/cnbb-app\/wp\/v2\/posts"}],"about":[{"href":"https:\/\/www.cnbb.org.br\/cnbb-app\/wp\/v2\/types\/post"}],"author":[{"embeddable":true,"href":"https:\/\/www.cnbb.org.br\/cnbb-app\/wp\/v2\/users\/31"}],"replies":[{"embeddable":true,"href":"https:\/\/www.cnbb.org.br\/cnbb-app\/wp\/v2\/comments?post=969791"}],"version-history":[{"count":1,"href":"https:\/\/www.cnbb.org.br\/cnbb-app\/wp\/v2\/posts\/969791\/revisions"}],"predecessor-version":[{"id":969792,"href":"https:\/\/www.cnbb.org.br\/cnbb-app\/wp\/v2\/posts\/969791\/revisions\/969792"}],"wp:attachment":[{"href":"https:\/\/www.cnbb.org.br\/cnbb-app\/wp\/v2\/media?parent=969791"}],"wp:term":[{"taxonomy":"category","embeddable":true,"href":"https:\/\/www.cnbb.org.br\/cnbb-app\/wp\/v2\/categories?post=969791"},{"taxonomy":"post_tag","embeddable":true,"href":"https:\/\/www.cnbb.org.br\/cnbb-app\/wp\/v2\/tags?post=969791"}],"curies":[{"name":"wp","href":"https:\/\/api.w.org\/{rel}","templated":true}]}}