{"id":969828,"date":"2024-09-04T14:32:22","date_gmt":"2024-09-04T17:32:22","guid":{"rendered":"https:\/\/www.cnbb.org.br\/?p=969828"},"modified":"2024-09-04T16:36:21","modified_gmt":"2024-09-04T19:36:21","slug":"instalada-frente-parlamentar-catolica-senado-federal","status":"publish","type":"post","link":"https:\/\/www.cnbb.org.br\/instalada-frente-parlamentar-catolica-senado-federal\/","title":{"rendered":"Instalada no Senado Federal uma Frente Parlamentar Cat\u00f3lica Apost\u00f3lica Romana"},"content":{"rendered":"<p style=\"text-align: justify;\">Foi instalada, na manh\u00e3 desta quarta-feira, 4, a Frente Parlamentar Cat\u00f3lica Apost\u00f3lica Romana no Senado Federal. A cria\u00e7\u00e3o do grupo \u00e9 proposi\u00e7\u00e3o do senador Astronauta Marcos Pontes e conta com 12 senadores. O evento contou com a presen\u00e7a do arcebispo de Bras\u00edlia (DF), cardeal Paulo Cezar Costa, e de representantes de outras institui\u00e7\u00f5es cat\u00f3licas.<\/p>\n<p style=\"text-align: justify;\">Na resolu\u00e7\u00e3o que aprovou a instala\u00e7\u00e3o da Frente Parlamentar, s\u00e3o apresentados os objetivos de defender os princ\u00edpios \u00e9ticos, morais e doutrin\u00e1rios da Igreja Cat\u00f3lica; acompanhar projetos e assessorar os parlamentares na elabora\u00e7\u00e3o e vota\u00e7\u00e3o de propostas.<\/p>\n<p style=\"text-align: justify;\">A Comiss\u00e3o ser\u00e1 presidida pelo senador Astronauta Marcos Pontes e com o senador Fl\u00e1vio Arns na vice-presid\u00eancia. Em seu discurso de abertura, Pontes falou do compromisso de que os valores crist\u00e3os sejam considerados nas discuss\u00f5es legislativas.<\/p>\n<p><img decoding=\"async\" loading=\"lazy\" class=\"aligncenter size-full wp-image-969840\" src=\"https:\/\/www.cnbb.org.br\/wp-content\/uploads\/2024\/09\/Frente-Parlamentar-Catolica-Senado-3.jpg\" alt=\"\" width=\"960\" height=\"510\" srcset=\"https:\/\/www.cnbb.org.br\/wp-content\/uploads\/2024\/09\/Frente-Parlamentar-Catolica-Senado-3.jpg 960w, https:\/\/www.cnbb.org.br\/wp-content\/uploads\/2024\/09\/Frente-Parlamentar-Catolica-Senado-3-300x159.jpg 300w, https:\/\/www.cnbb.org.br\/wp-content\/uploads\/2024\/09\/Frente-Parlamentar-Catolica-Senado-3-768x408.jpg 768w, https:\/\/www.cnbb.org.br\/wp-content\/uploads\/2024\/09\/Frente-Parlamentar-Catolica-Senado-3-500x266.jpg 500w\" sizes=\"(max-width: 960px) 100vw, 960px\" \/><\/p>\n<p>&nbsp;<\/p>\n<blockquote>\n<p style=\"text-align: justify;\">&#8220;Defender os princ\u00edpios da Igreja significa defender os valores de milh\u00f5es de brasileiros. O Brasil \u00e9 uma na\u00e7\u00e3o crist\u00e3, sendo a sua maioria cat\u00f3lica. S\u00e3o milh\u00f5es de brasileiros que, guiados por sua f\u00e9, contribuem diariamente para a forma\u00e7\u00e3o cultural e moral da nossa sociedade&#8221;, pontuou.<\/p>\n<\/blockquote>\n<h3 style=\"text-align: justify;\">Pol\u00edtica pelo bem comum<\/h3>\n<p style=\"text-align: justify;\">O arcebispo de Bras\u00edlia, cardeal Paulo Cezar Costa, recordou que a Igreja possui &#8220;uma vis\u00e3o elevada sobre a pol\u00edtica, que deve atuar pelo bem comum&#8221;, e que seu exerc\u00edcio deve conduzir a comunidade humana \u00e0 sua realiza\u00e7\u00e3o. Ele destacou o di\u00e1logo como um caminho para a paz, recordando algumas falas do Papa Francisco, e orientou que a Frente Parlamentar deve ter o olhar de Cristo para o outro e deve estar unida, mesmo nas diferen\u00e7as.<\/p>\n<p style=\"text-align: justify;\">&#8220;Uma Frente Parlamentar Cat\u00f3lica implica ter esse olhar, o olhar de Jesus Cristo. Ter o olhar de Cristo implica ter a vida, a realidade, as pessoas como Deus as v\u00ea, implica ter um olhar alargado, ver possibilidade onde a Lei apontava condena\u00e7\u00e3o&#8221;, disse, lembrando de passagens do Evangelho nas quais Cristo mostra seu olhar de miseric\u00f3rdia, perd\u00e3o e esperan\u00e7a.<\/p>\n<blockquote><p>&#8220;Ter o esp\u00edrito de Cristo tem que ser lei para n\u00f3s. Por isso, nessa Frente Parlamentar, o que une tem que ser maior do que o que divide, onde se encontra a pessoa concreta; onde, por detr\u00e1s das discuss\u00f5es, das diverg\u00eancias, dos interesses, das ideologias existem pessoas a serem encontradas, acolhidas e amadas. Existe um irm\u00e3o, uma irm\u00e3.\u00a0\u00a0Essa Frente Parlamentar deve ser local onde as diferen\u00e7as se tornam dom; onde o outro, a outra n\u00e3o \u00e9 olhado pelo partido, se \u00e9 de direita ou de esquerda, mas pela possibilidade que traz consigo; onde aquele que discorda de mim, que pensa diferente de mim, \u00e9 um irm\u00e3o, n\u00e3o um inimigo&#8221;.<\/p><\/blockquote>\n<figure id=\"attachment_969841\" aria-describedby=\"caption-attachment-969841\" style=\"width: 736px\" class=\"wp-caption aligncenter\"><img decoding=\"async\" loading=\"lazy\" class=\"size-full wp-image-969841\" src=\"https:\/\/www.cnbb.org.br\/wp-content\/uploads\/2024\/09\/Frente-Parlamentar-Catolica-Senado-4.jpg\" alt=\"\" width=\"736\" height=\"491\" srcset=\"https:\/\/www.cnbb.org.br\/wp-content\/uploads\/2024\/09\/Frente-Parlamentar-Catolica-Senado-4.jpg 736w, https:\/\/www.cnbb.org.br\/wp-content\/uploads\/2024\/09\/Frente-Parlamentar-Catolica-Senado-4-300x200.jpg 300w, https:\/\/www.cnbb.org.br\/wp-content\/uploads\/2024\/09\/Frente-Parlamentar-Catolica-Senado-4-500x334.jpg 500w\" sizes=\"(max-width: 736px) 100vw, 736px\" \/><figcaption id=\"caption-attachment-969841\" class=\"wp-caption-text\">Dom Paulo Cezar Costa | Foto: Aliram Costa Assessoria<\/figcaption><\/figure>\n<p>&nbsp;<\/p>\n<h3 style=\"text-align: justify;\">Laicidade do Estado<\/h3>\n<p style=\"text-align: justify;\">Por meio do di\u00e1logo e da amizade social diante das diferen\u00e7as, o arcebispo destacou a realiza\u00e7\u00e3o da &#8220;verdadeira laicidade do Estado&#8221;. Dom Paulo tamb\u00e9m explicou o a ideia de laicidade, frente \u00e0 confus\u00e3o entre Estado Laico e Estado ateu que se apresenta na sociedade brasileira.<\/p>\n<p style=\"text-align: justify;\">Um Estado ateu, segundo dom Paulo, j\u00e1 teria assumido uma postura diante da religi\u00e3o. J\u00e1 o Estado Laico &#8220;\u00e9 aquele que protege todas as religi\u00f5es, que d\u00e1 liberdade para que todas as religi\u00f5es possam exercer sua miss\u00e3o religiosa, sua miss\u00e3o social, sua miss\u00e3o caritativa e demais&#8221;.<\/p>\n<p style=\"text-align: justify;\"><em><strong><a href=\"https:\/\/www.cnbb.org.br\/inscricoes-abertas-para-simposio-sobre-laicidade-do-estado-e-a-liberdade-religiosa-em-setembro-em-brasilia-df\/\">Simp\u00f3sio sobre a laicidade do Estado e a liberdade religiosa promovido pela CNBB<\/a><\/strong><\/em><\/p>\n<p>Al\u00e9m de dom Paulo Cezar, tamb\u00e9m participaram da sess\u00e3o de instala\u00e7\u00e3o da Frente Parlamentar Cat\u00f3lica o bispo auxiliar de Bras\u00edlia dom Denilson Geraldo, e representantes da arquidiocese de Bras\u00edlia, da Funda\u00e7\u00e3o Jo\u00e3o Paulo II &#8211; mantenedora do Sistema Can\u00e7\u00e3o Nova de Comunica\u00e7\u00e3o, do Santu\u00e1rio do Cristo Redentor, no Rio de Janeiro (RJ), e da Fazenda da Esperan\u00e7a.<\/p>\n<pre>Por Luiz Lopes Jr. com informa\u00e7\u00f5es da Ag\u00eancia Senado \r\n\r\nFoto de Aliram Costa Assessoria<\/pre>\n","protected":false},"excerpt":{"rendered":"<p>Na resolu\u00e7\u00e3o que aprovou a instala\u00e7\u00e3o da Frente Parlamentar, s\u00e3o apresentados os objetivos de defender os princ\u00edpios \u00e9ticos, morais e doutrin\u00e1rios da Igreja Cat\u00f3lica; acompanhar projetos e assessorar os parlamentares na elabora\u00e7\u00e3o e vota\u00e7\u00e3o de propostas. Cardeal Paulo Cezar Costa, arcebispo de Bras\u00edlia, participou da instala\u00e7\u00e3o<\/p>\n","protected":false},"author":38,"featured_media":969839,"comment_status":"closed","ping_status":"closed","sticky":false,"template":"","format":"standard","meta":{"site-sidebar-layout":"default","site-content-layout":"default","ast-global-header-display":"","ast-banner-title-visibility":"","ast-main-header-display":"","ast-hfb-above-header-display":"","ast-hfb-below-header-display":"","ast-hfb-mobile-header-display":"","site-post-title":"","ast-breadcrumbs-content":"","ast-featured-img":"","footer-sml-layout":"","theme-transparent-header-meta":"default","adv-header-id-meta":"","stick-header-meta":"","header-above-stick-meta":"","header-main-stick-meta":"","header-below-stick-meta":""},"categories":[50,833],"tags":[5703,3981],"acf":[],"_links":{"self":[{"href":"https:\/\/www.cnbb.org.br\/cnbb-app\/wp\/v2\/posts\/969828"}],"collection":[{"href":"https:\/\/www.cnbb.org.br\/cnbb-app\/wp\/v2\/posts"}],"about":[{"href":"https:\/\/www.cnbb.org.br\/cnbb-app\/wp\/v2\/types\/post"}],"author":[{"embeddable":true,"href":"https:\/\/www.cnbb.org.br\/cnbb-app\/wp\/v2\/users\/38"}],"replies":[{"embeddable":true,"href":"https:\/\/www.cnbb.org.br\/cnbb-app\/wp\/v2\/comments?post=969828"}],"version-history":[{"count":4,"href":"https:\/\/www.cnbb.org.br\/cnbb-app\/wp\/v2\/posts\/969828\/revisions"}],"predecessor-version":[{"id":969858,"href":"https:\/\/www.cnbb.org.br\/cnbb-app\/wp\/v2\/posts\/969828\/revisions\/969858"}],"wp:featuredmedia":[{"embeddable":true,"href":"https:\/\/www.cnbb.org.br\/cnbb-app\/wp\/v2\/media\/969839"}],"wp:attachment":[{"href":"https:\/\/www.cnbb.org.br\/cnbb-app\/wp\/v2\/media?parent=969828"}],"wp:term":[{"taxonomy":"category","embeddable":true,"href":"https:\/\/www.cnbb.org.br\/cnbb-app\/wp\/v2\/categories?post=969828"},{"taxonomy":"post_tag","embeddable":true,"href":"https:\/\/www.cnbb.org.br\/cnbb-app\/wp\/v2\/tags?post=969828"}],"curies":[{"name":"wp","href":"https:\/\/api.w.org\/{rel}","templated":true}]}}