{"id":969988,"date":"2024-09-06T13:41:38","date_gmt":"2024-09-06T16:41:38","guid":{"rendered":"https:\/\/www.cnbb.org.br\/?p=969988"},"modified":"2024-09-06T13:41:38","modified_gmt":"2024-09-06T16:41:38","slug":"seminario-animadores-mes-da-biblia-estudo-livro-ezequiel","status":"publish","type":"post","link":"https:\/\/www.cnbb.org.br\/seminario-animadores-mes-da-biblia-estudo-livro-ezequiel\/","title":{"rendered":"Semin\u00e1rio B\u00edblico do M\u00eas da B\u00edblia"},"content":{"rendered":"<p style=\"text-align: justify;\">A Comiss\u00e3o para a Anima\u00e7\u00e3o B\u00edblico-Catequ\u00e9tica da Confer\u00eancia Nacional dos Bispos do Brasil (CNBB) oferece, de 9 a 11 de setembro, o Semin\u00e1rio B\u00edblico do M\u00eas da B\u00edblia. A forma\u00e7\u00e3o acontece de modo on-line, a partir das 19h30, e ser\u00e1 transmitida pelas redes sociais da CNBB (@cnbbnacional); Catequese do Brasil (@catequesedobrasil) e Edi\u00e7\u00f5es CNBB.<\/p>\n<p style=\"text-align: justify;\">A cada dia ser\u00e1 aprofundado um aspecto relacionado ao livro de Ezequiel, escolhido para estudo neste M\u00eas da B\u00edblia de 2024. As reflex\u00f5es t\u00eam sido iluminadas pelo lema \u201cPorei em v\u00f3s meu esp\u00edrito e vivereis\u201d (cf. Ez 37,14). S\u00e3o oferecidos como materiais de apoio o <a href=\"https:\/\/www.edicoescnbb.com.br\/livros-digitais\/sagrada-escritura\/mes-da-biblia-2024-texto-base-digital\" target=\"_blank\" rel=\"noopener\">texto-base<\/a>\u00a0e um livreto com\u00a0<a href=\"https:\/\/www.edicoescnbb.com.br\/livros-digitais\/sagrada-escritura\/mes-da-biblia-2024-encontros-biblicos-digital\" target=\"_blank\" rel=\"noopener\">encontros b\u00edblicos<\/a>.<\/p>\n<p>&nbsp;<\/p>\n<h3 style=\"text-align: justify;\">Temas de cada dia<\/h3>\n<p><img decoding=\"async\" loading=\"lazy\" class=\" wp-image-970005 alignleft\" style=\"text-align: justify;\" src=\"https:\/\/www.cnbb.org.br\/wp-content\/uploads\/2024\/09\/Seminario-Biblico-Mes-da-Biblia-post.jpg\" alt=\"\" width=\"240\" height=\"300\" srcset=\"https:\/\/www.cnbb.org.br\/wp-content\/uploads\/2024\/09\/Seminario-Biblico-Mes-da-Biblia-post.jpg 1080w, https:\/\/www.cnbb.org.br\/wp-content\/uploads\/2024\/09\/Seminario-Biblico-Mes-da-Biblia-post-240x300.jpg 240w, https:\/\/www.cnbb.org.br\/wp-content\/uploads\/2024\/09\/Seminario-Biblico-Mes-da-Biblia-post-819x1024.jpg 819w, https:\/\/www.cnbb.org.br\/wp-content\/uploads\/2024\/09\/Seminario-Biblico-Mes-da-Biblia-post-768x960.jpg 768w, https:\/\/www.cnbb.org.br\/wp-content\/uploads\/2024\/09\/Seminario-Biblico-Mes-da-Biblia-post-500x625.jpg 500w\" sizes=\"(max-width: 240px) 100vw, 240px\" \/><\/p>\n<p style=\"text-align: justify;\">No dia 9, segunda-feira, a tem\u00e1tica a ser abordada no Semin\u00e1rio B\u00edblico ser\u00e1 \u201c<em><strong>A esperan\u00e7a a partir do livro de Ezequiel<\/strong><\/em>\u201d, com o professor e doutor F\u00e1bio Siqueira.<\/p>\n<p style=\"text-align: justify;\">Na ter\u00e7a-feira, 10 de setembro, a tem\u00e1tica a ser estudada ser\u00e1 \u201c<em><strong>A gl\u00f3ria do Senhor a partir de Ezequiel<\/strong><\/em>\u201d, com a professora e doutora Maria de Lourdes Lima.<\/p>\n<p style=\"text-align: justify;\">No \u00faltimo dia, 11, a tem\u00e1tica ser\u00e1 sobre \u201c<em><strong>A convers\u00e3o ecol\u00f3gica a partir de Ezequiel<\/strong><\/em>\u201d, com o professor e doutor Matthias Grenzer.<\/p>\n<p style=\"text-align: justify;\">\n<div class=\"ast-oembed-container\" style=\"height: 100%;\"><iframe loading=\"lazy\" title=\"Semin\u00e1rio B\u00edblico - M\u00eas da B\u00edblia | 1\u00b0 Dia\" width=\"500\" height=\"281\" src=\"https:\/\/www.youtube.com\/embed\/z0kNyMcRT64?feature=oembed\" frameborder=\"0\" allow=\"accelerometer; autoplay; clipboard-write; encrypted-media; gyroscope; picture-in-picture; web-share\" referrerpolicy=\"strict-origin-when-cross-origin\" allowfullscreen><\/iframe><\/div>\n<p style=\"text-align: justify;\">\n<div class=\"elementor-column elementor-col-50 elementor-inner-column elementor-element elementor-element-f2b1fed\" data-id=\"f2b1fed\" data-element_type=\"column\">\n<div class=\"elementor-column-wrap elementor-element-populated\">\n<div class=\"elementor-widget-wrap\">\n<div class=\"elementor-element elementor-element-19d7f321 elementor-widget elementor-widget-heading\" data-id=\"19d7f321\" data-element_type=\"widget\" data-widget_type=\"heading.default\">\n<div class=\"elementor-widget-container\">\n<h3 class=\"elementor-heading-title elementor-size-default\"><em><strong><a href=\"https:\/\/www.cnbb.org.br\/seminario-animadores-mes-da-biblia-estudo-livro-ezequiel\/\">Semin\u00e1rio B\u00edblico vai aprofundar o estudo do livro de Ezequiel neste M\u00eas da B\u00edblia<\/a><\/strong><\/em><\/h3>\n<\/div>\n<\/div>\n<\/div>\n<\/div>\n<\/div>\n<div class=\"elementor-column elementor-col-50 elementor-inner-column elementor-element elementor-element-63c961d\" data-id=\"63c961d\" data-element_type=\"column\">\n<div class=\"elementor-column-wrap\"><\/div>\n<\/div>\n<p style=\"text-align: justify;\">\n","protected":false},"excerpt":{"rendered":"<p>A Comiss\u00e3o para a Anima\u00e7\u00e3o B\u00edblico-Catequ\u00e9tica da Confer\u00eancia Nacional dos Bispos do Brasil (CNBB) oferece, de 9 a 11 de setembro, o Semin\u00e1rio B\u00edblico do M\u00eas da B\u00edblia. A forma\u00e7\u00e3o acontece de modo on-line, a partir das 19h30, e ser\u00e1 transmitida pelas redes sociais da CNBB (@cnbbnacional); Catequese do Brasil (@catequesedobrasil) e Edi\u00e7\u00f5es CNBB. A &hellip;<\/p>\n<p class=\"read-more\"> <a class=\"\" href=\"https:\/\/www.cnbb.org.br\/seminario-animadores-mes-da-biblia-estudo-livro-ezequiel\/\"> <span class=\"screen-reader-text\">Semin\u00e1rio B\u00edblico do M\u00eas da B\u00edblia<\/span> Leia mais &raquo;<\/a><\/p>\n","protected":false},"author":38,"featured_media":0,"comment_status":"closed","ping_status":"closed","sticky":false,"template":"","format":"standard","meta":{"site-sidebar-layout":"default","site-content-layout":"default","ast-global-header-display":"","ast-banner-title-visibility":"","ast-main-header-display":"","ast-hfb-above-header-display":"","ast-hfb-below-header-display":"","ast-hfb-mobile-header-display":"","site-post-title":"","ast-breadcrumbs-content":"","ast-featured-img":"","footer-sml-layout":"","theme-transparent-header-meta":"default","adv-header-id-meta":"","stick-header-meta":"","header-above-stick-meta":"","header-main-stick-meta":"","header-below-stick-meta":""},"categories":[2693],"tags":[],"acf":[],"_links":{"self":[{"href":"https:\/\/www.cnbb.org.br\/cnbb-app\/wp\/v2\/posts\/969988"}],"collection":[{"href":"https:\/\/www.cnbb.org.br\/cnbb-app\/wp\/v2\/posts"}],"about":[{"href":"https:\/\/www.cnbb.org.br\/cnbb-app\/wp\/v2\/types\/post"}],"author":[{"embeddable":true,"href":"https:\/\/www.cnbb.org.br\/cnbb-app\/wp\/v2\/users\/38"}],"replies":[{"embeddable":true,"href":"https:\/\/www.cnbb.org.br\/cnbb-app\/wp\/v2\/comments?post=969988"}],"version-history":[{"count":2,"href":"https:\/\/www.cnbb.org.br\/cnbb-app\/wp\/v2\/posts\/969988\/revisions"}],"predecessor-version":[{"id":970010,"href":"https:\/\/www.cnbb.org.br\/cnbb-app\/wp\/v2\/posts\/969988\/revisions\/970010"}],"wp:attachment":[{"href":"https:\/\/www.cnbb.org.br\/cnbb-app\/wp\/v2\/media?parent=969988"}],"wp:term":[{"taxonomy":"category","embeddable":true,"href":"https:\/\/www.cnbb.org.br\/cnbb-app\/wp\/v2\/categories?post=969988"},{"taxonomy":"post_tag","embeddable":true,"href":"https:\/\/www.cnbb.org.br\/cnbb-app\/wp\/v2\/tags?post=969988"}],"curies":[{"name":"wp","href":"https:\/\/api.w.org\/{rel}","templated":true}]}}