{"id":970860,"date":"2024-09-20T14:57:03","date_gmt":"2024-09-20T17:57:03","guid":{"rendered":"https:\/\/www.cnbb.org.br\/?p=970860"},"modified":"2024-09-20T14:57:36","modified_gmt":"2024-09-20T17:57:36","slug":"pao-a-quem-tem-fome-2","status":"publish","type":"post","link":"https:\/\/www.cnbb.org.br\/pao-a-quem-tem-fome-2\/","title":{"rendered":"P\u00e3o a quem tem fome\u00a0"},"content":{"rendered":"<p style=\"text-align: right;\"><strong>Dom Walmor Oliveira de Azevedo<br \/>\nArcebispo de Belo Horizonte (MG)<\/strong><\/p>\n<p style=\"text-align: justify;\"><span data-ccp-props=\"{&quot;201341983&quot;:0,&quot;335559739&quot;:0,&quot;335559740&quot;:240}\">\u00a0<\/span><\/p>\n<p style=\"text-align: justify;\"><span data-contrast=\"auto\">\u201cSenhor, dai p\u00e3o a quem tem fome, e fome de justi\u00e7a a quem tem p\u00e3o\u201d. Assim oram muitos \u00e0 mesa diante do alimento sagrado, reconhecido como dom de Deus e fruto do trabalho. Rezam fecundados pelo sentido de justi\u00e7a \u2013 alavanca para resgatar muitos contextos do mapa da fome, onde a falta do que comer cria desola\u00e7\u00e3o em in\u00fameras fam\u00edlias. A prece solid\u00e1ria aos que t\u00eam fome, que emoldura o sagrado ato de se alimentar, tem for\u00e7a para semear sensibilidade imprescind\u00edvel, que leva o ser humano a reconhecer: o momento dedicado \u00e0 refei\u00e7\u00e3o n\u00e3o diz respeito somente \u00e0 satisfa\u00e7\u00e3o de agradar o paladar, ou de prover uma necessidade b\u00e1sica. Vincula-se, especialmente, ao dever cidad\u00e3o de se solidarizar com quem sofre a dor da inseguran\u00e7a alimentar.\u00a0<\/span><span data-ccp-props=\"{&quot;201341983&quot;:0,&quot;335551550&quot;:6,&quot;335551620&quot;:6,&quot;335559739&quot;:0,&quot;335559740&quot;:240}\">\u00a0<\/span><\/p>\n<p style=\"text-align: justify;\"><span data-contrast=\"auto\">Conforme par\u00e2metros da Organiza\u00e7\u00e3o das Na\u00e7\u00f5es Unidas (ONU), o Brasil est\u00e1 no mapa da fome e constata-se um movimento governamental, de muitas institui\u00e7\u00f5es e segmentos da sociedade para superar essa triste realidade. Mas ainda h\u00e1 de se percorrer um longo e \u00e1rduo caminho, que contempla incisivas mudan\u00e7as de h\u00e1bitos e estilos de vida, para que todos sejam respeitados no direito b\u00e1sico \u00e0 alimenta\u00e7\u00e3o. Particularmente, \u00e9 preciso vencer a cultura do descarte e do desperd\u00edcio, inquietando-se com situa\u00e7\u00f5es desveladas por estudos bem fundamentados: a fome est\u00e1 bem ali, pr\u00f3xima de cada um, aos olhos de todos, nas vilas ocupadas pelos mais pobres. Na Capital Mineira, alcan\u00e7a 40% dos habitantes dos aglomerados. Uma cidade jovem, que guarda grande potencial para ser configurada por cidadania exemplar, carrega essa grave ferida \u2013 ainda n\u00e3o conseguiu cuidar melhor dos mais pobres, considerando a grave situa\u00e7\u00e3o daqueles que passam fome.\u00a0<\/span><span data-ccp-props=\"{&quot;201341983&quot;:0,&quot;335551550&quot;:6,&quot;335551620&quot;:6,&quot;335559739&quot;:0,&quot;335559740&quot;:240}\">\u00a0<\/span><\/p>\n<p style=\"text-align: justify;\"><span data-contrast=\"auto\">O flagelo da fome \u00e9 desafio humanit\u00e1rio que, para ser vencido, depende de um profundo sentido de solidariedade, capaz de conduzir as m\u00e1quinas governamentais, n\u00e3o raramente emperradas nos entraves burocr\u00e1ticos, incapacitadas de alcan\u00e7ar quem precisa de cuidado emergencial, cotidianamente. No combate \u00e0 fome, autoridades e cidad\u00e3os precisam cultivar uma lucidez capaz de afast\u00e1-los do ego\u00edsmo e da mesquinhez. N\u00e3o se deve buscar apenas \u00eaxitos em lucros, avan\u00e7os t\u00e9cnicos e comerciais. Deve-se partilhar a responsabilidade, se compadecer e promover amparo aos que est\u00e3o nas periferias geogr\u00e1ficas, em condi\u00e7\u00f5es desfavor\u00e1veis, feridos em sua dignidade humana. \u00c9 especialmente triste a realidade das crian\u00e7as desnutridas, com suas fam\u00edlias mergulhadas na car\u00eancia alimentar. Esse mal, que se manifesta na realidade contempor\u00e2nea, aponta ainda para um futuro sombrio, pois as consequ\u00eancias da fome ultrapassam o contexto de fam\u00edlias, para causar preju\u00edzos sociais, acentuando o crescimento da viol\u00eancia, por exemplo.\u00a0<\/span><span data-ccp-props=\"{&quot;201341983&quot;:0,&quot;335551550&quot;:6,&quot;335551620&quot;:6,&quot;335559739&quot;:0,&quot;335559740&quot;:240}\">\u00a0<\/span><\/p>\n<p style=\"text-align: justify;\"><span data-contrast=\"auto\">Os abastados que se refestelam nas suas comodidades e se esquecem daqueles que se encontram na pen\u00faria agem na contram\u00e3o de um adequado sentido de cidadania. \u00c9 preciso se incomodar ao saber que tem fam\u00edlias com a geladeira vazia, sem o essencial para se alimentar. A partir desse inc\u00f4modo, \u00e9 preciso agir solidariamente, com o amparo a quem tem fome e, ao mesmo, tempo, exercer adequadamente a cidadania, de modo a contribuir para que pol\u00edticas p\u00fablicas sejam formuladas tendo como meta a inclus\u00e3o dos mais pobres \u2013 na educa\u00e7\u00e3o formal e t\u00e9cnica, no mercado de trabalho, entre outros campos essenciais \u00e0 conquista da dignidade e autonomia.\u00a0<\/span><span data-ccp-props=\"{&quot;201341983&quot;:0,&quot;335551550&quot;:6,&quot;335551620&quot;:6,&quot;335559739&quot;:0,&quot;335559740&quot;:240}\">\u00a0<\/span><\/p>\n<p style=\"text-align: justify;\"><span data-contrast=\"auto\">Preste-se muita aten\u00e7\u00e3o porque a cultura atual tende a propor estilos de ser e de viver contr\u00e1rios \u00e0 natureza e \u00e0 dignidade do ser humano. Especialmente no contexto contempor\u00e2neo, deve-se cuidar para que a assist\u00eancia emergencial n\u00e3o perpetue condi\u00e7\u00f5es que desfavore\u00e7am a participa\u00e7\u00e3o de todos na constru\u00e7\u00e3o da sociedade. Mecanismos que permitam aos mais pobres exercerem adequadamente a cidadania, com dignidade, s\u00e3o urgentes. O combate \u00e0 fome e a promo\u00e7\u00e3o da inclus\u00e3o social exigem o enfrentamento de falsos \u00eddolos que escravizam o ser humano \u2013 a ilimitada sede de poder, de riqueza e de satisfa\u00e7\u00e3o ef\u00eamera &#8211; colocados acima do valor da vida do semelhante. Esses falsos \u00eddolos configuram uma organiza\u00e7\u00e3o social que admite, passivamente, din\u00e2micas excludentes. O olhar cidad\u00e3o \u00e9 qualificado quando busca contribuir para que tudo esteja a servi\u00e7o de todos, igualmente.\u00a0<\/span><span data-ccp-props=\"{&quot;201341983&quot;:0,&quot;335551550&quot;:6,&quot;335551620&quot;:6,&quot;335559739&quot;:0,&quot;335559740&quot;:240}\">\u00a0<\/span><\/p>\n<p style=\"text-align: justify;\"><span data-contrast=\"auto\">Saber que tem cidad\u00e3os e cidad\u00e3s passando fome ou em inseguran\u00e7a alimentar deve inspirar provid\u00eancias que configurem um mutir\u00e3o humanit\u00e1rio, envolvendo dispositivos governamentais e tantos outros setores. A meta comum precisa ser resgatar todos os contextos do mapa da fome, porque quem passa fome n\u00e3o pode esperar. Assim, a op\u00e7\u00e3o preferencial pelos pobres e exclu\u00eddos \u00e9 princ\u00edpio irrenunci\u00e1vel na confiss\u00e3o da f\u00e9 e tamb\u00e9m, intrinsecamente, na configura\u00e7\u00e3o da cidadania. A viv\u00eancia da f\u00e9, que precisa inspirar uma adequada conduta cidad\u00e3, deve ser coerente com a identidade e miss\u00e3o da Igreja Cat\u00f3lica &#8211; advogada da justi\u00e7a e defensora dos pobres diante das intoler\u00e1veis desigualdades sociais e econ\u00f4micas. H\u00e1 muitas formas de se trabalhar para promover a inclus\u00e3o, ajudando muitas pessoas a superarem o flagelo da fome. Um caminho \u00e9 aproximar-se de tantas entidades e segmentos que j\u00e1 est\u00e3o a servi\u00e7o dos mais pobres e que precisam ser fortalecidos nessa nobre miss\u00e3o. N\u00e3o se pode cair na mesquinhez de viver apenas para defender o pr\u00f3prio espa\u00e7o, deixando-se contaminar pelo consumismo individualista, veneno para a solidariedade.\u00a0<\/span><span data-ccp-props=\"{&quot;201341983&quot;:0,&quot;335551550&quot;:6,&quot;335551620&quot;:6,&quot;335559739&quot;:0,&quot;335559740&quot;:240}\">\u00a0<\/span><\/p>\n<p style=\"text-align: justify;\"><span data-contrast=\"auto\">Saber que tem gente passando fome deve doer na pele de cada um, urgindo sair de planos te\u00f3ricos ou mesmo de discursos que n\u00e3o efetivam mudan\u00e7as. S\u00e3o necess\u00e1rias atitudes que reflitam o verdadeiro compromisso com os pobres, com suas causas e urg\u00eancias, dedicando tempo aos que sofrem, em uma escuta atenta e interpelante, com a disposi\u00e7\u00e3o para acompanh\u00e1-los. Ao lado dos pobres, todos possam se engajar, de modo urgente, para que seja sincera a ora\u00e7\u00e3o: \u201cSenhor, dai p\u00e3o a quem tem fome, e fome de justi\u00e7a a quem tem p\u00e3o\u201d.\u00a0\u00a0<\/span><span data-ccp-props=\"{&quot;201341983&quot;:0,&quot;335551550&quot;:6,&quot;335551620&quot;:6,&quot;335559739&quot;:0,&quot;335559740&quot;:240}\">\u00a0<\/span><\/p>\n<p style=\"text-align: justify;\"><span data-ccp-props=\"{&quot;201341983&quot;:0,&quot;335551550&quot;:6,&quot;335551620&quot;:6,&quot;335559739&quot;:0,&quot;335559740&quot;:240}\">\u00a0<\/span><\/p>\n<p style=\"text-align: justify;\">\n","protected":false},"excerpt":{"rendered":"<p>Dom Walmor Oliveira de Azevedo Arcebispo de Belo Horizonte (MG) \u00a0 \u201cSenhor, dai p\u00e3o a quem tem fome, e fome de justi\u00e7a a quem tem p\u00e3o\u201d. Assim oram muitos \u00e0 mesa diante do alimento sagrado, reconhecido como dom de Deus e fruto do trabalho. Rezam fecundados pelo sentido de justi\u00e7a \u2013 alavanca para resgatar muitos &hellip;<\/p>\n<p class=\"read-more\"> <a class=\"\" href=\"https:\/\/www.cnbb.org.br\/pao-a-quem-tem-fome-2\/\"> <span class=\"screen-reader-text\">P\u00e3o a quem tem fome\u00a0<\/span> Leia mais &raquo;<\/a><\/p>\n","protected":false},"author":8,"featured_media":0,"comment_status":"closed","ping_status":"closed","sticky":false,"template":"","format":"standard","meta":{"site-sidebar-layout":"default","site-content-layout":"default","ast-global-header-display":"","ast-banner-title-visibility":"","ast-main-header-display":"","ast-hfb-above-header-display":"","ast-hfb-below-header-display":"","ast-hfb-mobile-header-display":"","site-post-title":"","ast-breadcrumbs-content":"","ast-featured-img":"","footer-sml-layout":"","theme-transparent-header-meta":"default","adv-header-id-meta":"","stick-header-meta":"","header-above-stick-meta":"","header-main-stick-meta":"","header-below-stick-meta":""},"categories":[758],"tags":[],"acf":[],"_links":{"self":[{"href":"https:\/\/www.cnbb.org.br\/cnbb-app\/wp\/v2\/posts\/970860"}],"collection":[{"href":"https:\/\/www.cnbb.org.br\/cnbb-app\/wp\/v2\/posts"}],"about":[{"href":"https:\/\/www.cnbb.org.br\/cnbb-app\/wp\/v2\/types\/post"}],"author":[{"embeddable":true,"href":"https:\/\/www.cnbb.org.br\/cnbb-app\/wp\/v2\/users\/8"}],"replies":[{"embeddable":true,"href":"https:\/\/www.cnbb.org.br\/cnbb-app\/wp\/v2\/comments?post=970860"}],"version-history":[{"count":2,"href":"https:\/\/www.cnbb.org.br\/cnbb-app\/wp\/v2\/posts\/970860\/revisions"}],"predecessor-version":[{"id":970862,"href":"https:\/\/www.cnbb.org.br\/cnbb-app\/wp\/v2\/posts\/970860\/revisions\/970862"}],"wp:attachment":[{"href":"https:\/\/www.cnbb.org.br\/cnbb-app\/wp\/v2\/media?parent=970860"}],"wp:term":[{"taxonomy":"category","embeddable":true,"href":"https:\/\/www.cnbb.org.br\/cnbb-app\/wp\/v2\/categories?post=970860"},{"taxonomy":"post_tag","embeddable":true,"href":"https:\/\/www.cnbb.org.br\/cnbb-app\/wp\/v2\/tags?post=970860"}],"curies":[{"name":"wp","href":"https:\/\/api.w.org\/{rel}","templated":true}]}}