{"id":971103,"date":"2024-09-26T16:54:57","date_gmt":"2024-09-26T19:54:57","guid":{"rendered":"https:\/\/www.cnbb.org.br\/?p=971103"},"modified":"2024-09-26T16:55:52","modified_gmt":"2024-09-26T19:55:52","slug":"a-solidao","status":"publish","type":"post","link":"https:\/\/www.cnbb.org.br\/a-solidao\/","title":{"rendered":"A solid\u00e3o"},"content":{"rendered":"<p style=\"text-align: right;\"><strong>Dom Jo\u00e3o Santos Cardoso<br \/>\nArcebispo de Natal (RS)<\/strong><\/p>\n<p>&nbsp;<\/p>\n<p>&nbsp;<\/p>\n<p style=\"text-align: justify;\"><span data-contrast=\"auto\">Geralmente, enfatizamos o aspecto negativo da solid\u00e3o, como canta Alceu Valen\u00e7a: &#8220;a solid\u00e3o \u00e9 fera, a solid\u00e3o devora&#8221;, personificando-a como uma for\u00e7a avassaladora e feroz que permeia e est\u00e1 presente em tudo, no cosmos, no sil\u00eancio e na escurid\u00e3o da noite, e at\u00e9 nas ruas, onde a vida aparentemente vibrante pode ser substitu\u00edda pela sensa\u00e7\u00e3o de vazio. Na solid\u00e3o, o tempo se alonga e se arrasta, causando um \u201cdescompasso no cora\u00e7\u00e3o\u201d, refletindo a dor emocional e o vazio que acompanham quem a experimenta.<\/span><span data-ccp-props=\"{&quot;201341983&quot;:0,&quot;335551550&quot;:6,&quot;335551620&quot;:6,&quot;335559731&quot;:567,&quot;335559739&quot;:0,&quot;335559740&quot;:240}\">\u00a0<\/span><\/p>\n<p style=\"text-align: justify;\"><span data-contrast=\"auto\">A solid\u00e3o pode se manifestar em qualquer lugar. Ela se revela no anonimato das grandes cidades e no distanciamento emocional dos conglomerados urbanos, onde, apesar da proximidade f\u00edsica entre as pessoas, elas amargam o isolamento e a indiferen\u00e7a. Nem mesmo as intera\u00e7\u00f5es superficiais das redes sociais e as conex\u00f5es digitais conseguem preencher o vazio existencial.<\/span><span data-ccp-props=\"{&quot;201341983&quot;:0,&quot;335551550&quot;:6,&quot;335551620&quot;:6,&quot;335559731&quot;:567,&quot;335559739&quot;:0,&quot;335559740&quot;:240}\">\u00a0<\/span><\/p>\n<p style=\"text-align: justify;\"><span data-contrast=\"auto\">Apesar dessa vis\u00e3o sombria, a solid\u00e3o possui um lado positivo, que pode ser cultivado na introspec\u00e7\u00e3o e para o autoconhecimento. Os m\u00edsticos veem na solid\u00e3o um caminho para a reconex\u00e3o com o divino e com o pr\u00f3prio eu. No \u00e2mbito filos\u00f3fico, Nietzsche, em particular, reconhece os desafios da solid\u00e3o, mas a exalta como uma virtude moral e um ant\u00eddoto contra o conformismo. Para ele, a solid\u00e3o torna-se fecunda, funcionando como uma ferramenta de transforma\u00e7\u00e3o pessoal, autossufici\u00eancia e cria\u00e7\u00e3o. Portanto, a solid\u00e3o n\u00e3o \u00e9 um estado de isolamento a ser temido, mas uma condi\u00e7\u00e3o essencial para a liberdade interior e o florescimento espiritual.<\/span><span data-ccp-props=\"{&quot;201341983&quot;:0,&quot;335551550&quot;:6,&quot;335551620&quot;:6,&quot;335559731&quot;:567,&quot;335559739&quot;:0,&quot;335559740&quot;:240}\">\u00a0<\/span><\/p>\n<p style=\"text-align: justify;\"><span data-contrast=\"auto\">Segundo Nietzsche, a solid\u00e3o \u00e9 fundamental para a autenticidade e a cria\u00e7\u00e3o de novos valores. Ele critica o modo como a vida em sociedade distrai os indiv\u00edduos com suas exig\u00eancias di\u00e1rias, impedindo o sil\u00eancio necess\u00e1rio para o amadurecimento. Em <\/span><i><span data-contrast=\"auto\">Aurora<\/span><\/i><span data-contrast=\"auto\"> (aforisma 177), ele critica os que habitam as grandes cidades e se perdem nos ru\u00eddos e nas distra\u00e7\u00f5es da vida p\u00fablica, impedindo a verdadeira produtividade. Somente na solid\u00e3o, longe das influ\u00eancias externas, os indiv\u00edduos podem cultivar suas pr\u00f3prias ideias e alcan\u00e7ar uma profundidade aut\u00eantica.<\/span><span data-ccp-props=\"{&quot;201341983&quot;:0,&quot;335551550&quot;:6,&quot;335551620&quot;:6,&quot;335559731&quot;:567,&quot;335559739&quot;:0,&quot;335559740&quot;:240}\">\u00a0<\/span><\/p>\n<p style=\"text-align: justify;\"><span data-contrast=\"auto\">A solid\u00e3o, segundo Nietzsche, \u00e9 uma forma de resist\u00eancia \u00e0 massifica\u00e7\u00e3o. \u201cO homem receoso n\u00e3o sabe o que \u00e9 estar s\u00f3; h\u00e1 sempre um inimigo atr\u00e1s de sua cadeira\u201d (<\/span><i><span data-contrast=\"auto\">Aurora<\/span><\/i><span data-contrast=\"auto\">, aforisma 249). A met\u00e1fora do &#8220;inimigo&#8221; sugere que aqueles que projetam seus medos internos no ambiente ao redor impossibilitam uma verdadeira experi\u00eancia de solitude. Esse medo impede o indiv\u00edduo de enfrentar a si mesmo e de experimentar uma introspec\u00e7\u00e3o genu\u00edna. A solid\u00e3o, em vez de ser uma experi\u00eancia negativa, \u00e9 uma oportunidade para o crescimento pessoal e a liberdade interior.<\/span><span data-ccp-props=\"{&quot;201341983&quot;:0,&quot;335551550&quot;:6,&quot;335551620&quot;:6,&quot;335559731&quot;:567,&quot;335559739&quot;:0,&quot;335559740&quot;:240}\">\u00a0<\/span><\/p>\n<p style=\"text-align: justify;\"><span data-contrast=\"auto\">Para os que temem a solid\u00e3o, ela parece insuport\u00e1vel, pois a aus\u00eancia de distra\u00e7\u00f5es os for\u00e7a a confrontar seus medos. No entanto, \u00e9 justamente na solid\u00e3o que o indiv\u00edduo se distancia das press\u00f5es sociais e pode reconquistar seu eu e produzir novos valores. Segundo Nietzsche, embora traga t\u00e9dio e desalento, a solid\u00e3o oferece a oportunidade de acessar a profundidade interior, proporcionando momentos de recolhimento compar\u00e1veis a uma &#8220;po\u00e7\u00e3o tonificante&#8221; retirada do pr\u00f3prio \u00edntimo. \u201cQuem se entrincheira totalmente contra o t\u00e9dio, entrincheira-se tamb\u00e9m contra si mesmo: nunca lhe ser\u00e1 dado beber a mais tonificante po\u00e7\u00e3o do seu pr\u00f3prio manancial \u00edntimo\u201d (<\/span><i><span data-contrast=\"auto\">Humano, Demasiado Humano<\/span><\/i><span data-contrast=\"auto\">, aforisma 200).<\/span><span data-ccp-props=\"{&quot;201341983&quot;:0,&quot;335551550&quot;:6,&quot;335551620&quot;:6,&quot;335559731&quot;:567,&quot;335559739&quot;:0,&quot;335559740&quot;:240}\">\u00a0<\/span><\/p>\n<p style=\"text-align: justify;\"><span data-contrast=\"auto\">A solid\u00e3o tamb\u00e9m \u00e9 uma resposta \u00e0 aliena\u00e7\u00e3o que a vida em sociedade pode causar. O homem, quando imerso na multid\u00e3o, acaba vivendo como os outros, perdendo sua autenticidade. Ao se isolar no \u201cdeserto\u201d, ele recupera sua bondade e reencontra sua verdadeira ess\u00eancia, longe das influ\u00eancias superficiais que permeiam a sociedade. \u201cE \u00e9 por isso que vou para a solid\u00e3o \u2014 para n\u00e3o beber das cisternas que est\u00e3o dispostas para todos. [&#8230;]. Tenho ent\u00e3o necessidade do deserto para voltar a ser bom\u201d (<\/span><i><span data-contrast=\"auto\">Aurora<\/span><\/i><span data-contrast=\"auto\">, aforisma 491).<\/span><span data-ccp-props=\"{&quot;201341983&quot;:0,&quot;335551550&quot;:6,&quot;335551620&quot;:6,&quot;335559731&quot;:567,&quot;335559739&quot;:0,&quot;335559740&quot;:240}\">\u00a0<\/span><\/p>\n<p style=\"text-align: justify;\"><span data-contrast=\"auto\">Enfim, a solid\u00e3o \u00e9 um meio necess\u00e1rio para a reconex\u00e3o com o pr\u00f3prio eu, com Deus, e \u00e9 uma fonte de for\u00e7a criativa. Apenas ao se afastar do barulho da vida cotidiana, o indiv\u00edduo pode criar algo novo e significativo, transcendendo as limita\u00e7\u00f5es impostas pela massifica\u00e7\u00e3o social.<\/span><span data-ccp-props=\"{&quot;201341983&quot;:0,&quot;335551550&quot;:6,&quot;335551620&quot;:6,&quot;335559731&quot;:567,&quot;335559739&quot;:0,&quot;335559740&quot;:240}\">\u00a0<\/span><\/p>\n","protected":false},"excerpt":{"rendered":"<p>Dom Jo\u00e3o Santos Cardoso Arcebispo de Natal (RS) &nbsp; &nbsp; Geralmente, enfatizamos o aspecto negativo da solid\u00e3o, como canta Alceu Valen\u00e7a: &#8220;a solid\u00e3o \u00e9 fera, a solid\u00e3o devora&#8221;, personificando-a como uma for\u00e7a avassaladora e feroz que permeia e est\u00e1 presente em tudo, no cosmos, no sil\u00eancio e na escurid\u00e3o da noite, e at\u00e9 nas ruas, &hellip;<\/p>\n<p class=\"read-more\"> <a class=\"\" href=\"https:\/\/www.cnbb.org.br\/a-solidao\/\"> <span class=\"screen-reader-text\">A solid\u00e3o<\/span> Leia mais &raquo;<\/a><\/p>\n","protected":false},"author":105,"featured_media":0,"comment_status":"closed","ping_status":"closed","sticky":false,"template":"","format":"standard","meta":{"site-sidebar-layout":"default","site-content-layout":"default","ast-global-header-display":"","ast-banner-title-visibility":"","ast-main-header-display":"","ast-hfb-above-header-display":"","ast-hfb-below-header-display":"","ast-hfb-mobile-header-display":"","site-post-title":"","ast-breadcrumbs-content":"","ast-featured-img":"","footer-sml-layout":"","theme-transparent-header-meta":"default","adv-header-id-meta":"","stick-header-meta":"","header-above-stick-meta":"","header-main-stick-meta":"","header-below-stick-meta":""},"categories":[758],"tags":[],"acf":[],"_links":{"self":[{"href":"https:\/\/www.cnbb.org.br\/cnbb-app\/wp\/v2\/posts\/971103"}],"collection":[{"href":"https:\/\/www.cnbb.org.br\/cnbb-app\/wp\/v2\/posts"}],"about":[{"href":"https:\/\/www.cnbb.org.br\/cnbb-app\/wp\/v2\/types\/post"}],"author":[{"embeddable":true,"href":"https:\/\/www.cnbb.org.br\/cnbb-app\/wp\/v2\/users\/105"}],"replies":[{"embeddable":true,"href":"https:\/\/www.cnbb.org.br\/cnbb-app\/wp\/v2\/comments?post=971103"}],"version-history":[{"count":2,"href":"https:\/\/www.cnbb.org.br\/cnbb-app\/wp\/v2\/posts\/971103\/revisions"}],"predecessor-version":[{"id":971105,"href":"https:\/\/www.cnbb.org.br\/cnbb-app\/wp\/v2\/posts\/971103\/revisions\/971105"}],"wp:attachment":[{"href":"https:\/\/www.cnbb.org.br\/cnbb-app\/wp\/v2\/media?parent=971103"}],"wp:term":[{"taxonomy":"category","embeddable":true,"href":"https:\/\/www.cnbb.org.br\/cnbb-app\/wp\/v2\/categories?post=971103"},{"taxonomy":"post_tag","embeddable":true,"href":"https:\/\/www.cnbb.org.br\/cnbb-app\/wp\/v2\/tags?post=971103"}],"curies":[{"name":"wp","href":"https:\/\/api.w.org\/{rel}","templated":true}]}}