{"id":971106,"date":"2024-09-26T16:56:48","date_gmt":"2024-09-26T19:56:48","guid":{"rendered":"https:\/\/www.cnbb.org.br\/?p=971106"},"modified":"2024-09-26T16:57:33","modified_gmt":"2024-09-26T19:57:33","slug":"facamos-o-bem-e-a-caridade-sempre-mesmo-incomodando","status":"publish","type":"post","link":"https:\/\/www.cnbb.org.br\/facamos-o-bem-e-a-caridade-sempre-mesmo-incomodando\/","title":{"rendered":"Fa\u00e7amos o bem e a caridade sempre, mesmo incomodando!\u00a0"},"content":{"rendered":"<p style=\"text-align: right;\"><b><span data-contrast=\"none\">Dom Anuar Battisti<\/span><\/b><span data-ccp-props=\"{&quot;201341983&quot;:0,&quot;335551550&quot;:2,&quot;335551620&quot;:2,&quot;335559739&quot;:160,&quot;335559740&quot;:259}\"><br \/>\n<\/span><b><span data-contrast=\"none\">Arcebispo Em\u00e9rito de Maring\u00e1 (PR)<\/span><\/b><span data-ccp-props=\"{&quot;201341983&quot;:0,&quot;335551550&quot;:2,&quot;335551620&quot;:2,&quot;335559739&quot;:160,&quot;335559740&quot;:259}\">\u00a0<\/span><\/p>\n<p style=\"text-align: justify;\">\n<p style=\"text-align: justify;\"><span data-ccp-props=\"{&quot;201341983&quot;:0,&quot;335551550&quot;:6,&quot;335551620&quot;:6,&quot;335559731&quot;:708,&quot;335559739&quot;:160,&quot;335559740&quot;:259}\">\u00a0<\/span><\/p>\n<p style=\"text-align: justify;\"><span data-contrast=\"none\">A liturgia do 26.\u00ba Domingo do Tempo Comum apresenta v\u00e1rias sugest\u00f5es para que os batizados possam purificar a sua op\u00e7\u00e3o e viver como aut\u00eanticos disc\u00edpulos de Jesus. Uma das mais significativas pede-lhes que n\u00e3o se considerem donos exclusivos do bem e da verdade, mas sejam capazes de reconhecer e aceitar a presen\u00e7a e a a\u00e7\u00e3o do Esp\u00edrito de Deus atrav\u00e9s das pessoas de boa vontade que, independentemente da sua situa\u00e7\u00e3o e enquadramento eclesial, s\u00e3o sinais vivos do amor de Deus no meio do mundo.<\/span><span data-ccp-props=\"{&quot;201341983&quot;:0,&quot;335551550&quot;:6,&quot;335551620&quot;:6,&quot;335559731&quot;:708,&quot;335559739&quot;:160,&quot;335559740&quot;:259}\">\u00a0<\/span><\/p>\n<p style=\"text-align: justify;\"><span data-contrast=\"none\">A primeira leitura \u2013 Nm 11,25-29 \u2013, a partir de um epis\u00f3dio ocorrido enquanto o Povo de Deus caminhava pelo deserto do Sinai, convida-nos a reconhecer e a acolher a a\u00e7\u00e3o do Esp\u00edrito de Deus no mundo e na vida dos homens, mesmo quando essa a\u00e7\u00e3o se concretize atrav\u00e9s de pessoas que nos parecem \u201cimprov\u00e1veis\u201d. O verdadeiro crente aceita sempre a iniciativa de Deus, seja como for que ela se apresente, e acolhe-a com um cora\u00e7\u00e3o agradecido. Deus age como e onde quer; o homem n\u00e3o deve monopolizar sua a\u00e7\u00e3o. A express\u00e3o \u201cquem dera que todo o povo do Senhor fosse profeta\u201d \u00e9 o ponto de intercess\u00e3o desse texto com o Evangelho. Quem n\u00e3o est\u00e1 contra Jesus est\u00e1 a seu favor: os disc\u00edpulos queriam proibir um homem de expulsar dem\u00f4nios somente porque ele n\u00e3o seguia o Senhor. Deus \u00e9 livre e n\u00e3o devemos cair na tenta\u00e7\u00e3o de tentar enquadr\u00e1-lo em estruturas, conceitos e realidades \u00c0s quais Ele transcende. \u00c9 necess\u00e1rio abrir-se \u00e0 a\u00e7\u00e3o de Deus e deixa-lo conduzir nossas vidas.<\/span><span data-ccp-props=\"{&quot;201341983&quot;:0,&quot;335551550&quot;:6,&quot;335551620&quot;:6,&quot;335559731&quot;:708,&quot;335559739&quot;:160,&quot;335559740&quot;:259}\">\u00a0<\/span><\/p>\n<p style=\"text-align: justify;\"><span data-contrast=\"none\">No Evangelho \u2013 Mc 9,38-43.45.47-48 \u2013 Jesus desafia os disc\u00edpulos a colocarem de lado os interesses pessoais e de grupo e a viverem na l\u00f3gica do Reino de Deus. Exorta-os a n\u00e3o serem uma comunidade fechada, sect\u00e1ria, intransigente, ciumenta, arrogante, e a acolherem de bra\u00e7os abertos todos aqueles que se disp\u00f5em a trabalhar por um mundo mais humano e mais livre; exorta-os tamb\u00e9m a n\u00e3o exclu\u00edrem da din\u00e2mica comunit\u00e1ria os pequenos e os pobres; pede-lhes, finalmente, que arranquem da pr\u00f3pria vida todos os sentimentos e atitudes que s\u00e3o incompat\u00edveis com a op\u00e7\u00e3o pelo Reino.<\/span><span data-ccp-props=\"{&quot;201341983&quot;:0,&quot;335551550&quot;:6,&quot;335551620&quot;:6,&quot;335559731&quot;:708,&quot;335559739&quot;:160,&quot;335559740&quot;:259}\">\u00a0<\/span><\/p>\n<p style=\"text-align: justify;\"><span data-contrast=\"none\">Na segunda leitura \u2013 Tg 5,1-6 \u2013, um \u201cmestre\u201d crist\u00e3o do s\u00e9c. I, previne os batizados de que apostar a vida nos bens materiais \u00e9 um mau neg\u00f3cio: eles desaparecem e n\u00e3o asseguram Vida definitiva. De resto, a obsess\u00e3o com os bens materiais \u00e9 fonte de injusti\u00e7as e de sofrimento; e Deus nunca aben\u00e7oar\u00e1 quem, por cobi\u00e7a e ambi\u00e7\u00e3o, explora e fere os seus irm\u00e3os. S\u00e3o Tiago continua exortando os fi\u00e9is a praticarem a justi\u00e7a, a paz e a caridade. A cr\u00edtica \u00e9 contra os ricos que \u2013 fechando-se em si mesmos e criando \u201ccastelos de ilus\u00f5es\u201d \u2013 s\u00e3o como cegos, pessoas que n\u00e3o s\u00e3o enxergam a mis\u00e9ria dos pobres, mas tamb\u00e9m contribuem para perpetu\u00e1-la. Muitos amontam dinheiro sem escr\u00fapulos e sem um pingo de \u00e9tica. Tudo isso pode ser um risco a perten\u00e7a ao Senhor e, um dia, vai apodrecer.\u00a0 Desse modo ao dizer a ilus\u00e3o que \u00e9 a riqueza material, aponta-a como prova de injusti\u00e7a do rico em rela\u00e7\u00e3o tanto ao pobre quanto a Deus. \u00c9 preciso ter cora\u00e7\u00f5es generosos que despertem as mentes para a pr\u00e1tica do bem e da caridade.\u00a0<\/span><span data-ccp-props=\"{&quot;201341983&quot;:0,&quot;335551550&quot;:6,&quot;335551620&quot;:6,&quot;335559731&quot;:708,&quot;335559739&quot;:160,&quot;335559740&quot;:259}\">\u00a0<\/span><\/p>\n<p style=\"text-align: justify;\"><span data-contrast=\"none\">Que fique claro a palavra do Evangelho: ningu\u00e9m tem o monop\u00f3lio do bem e da caridade. Tudo o que vier em favor dos pobres \u00e9 sempre bem-vindo, compensa. O testemunho do Evangelho pode existir fora da Igreja, e n\u00f3s, crist\u00e3os, dever\u00edamos nos alegrar com isso. A concentra\u00e7\u00e3o do poder e de riqueza \u00e9 fruto do roubo da m\u00e3o, do poder opressor do p\u00e9 e da inveja do olho. Esses males precisam ser cortados pela raiz para que haja maior igualdade, menos opress\u00e3o e maior discernimento. Precisamos de mais v\u00ednculos e menos \u201cseguidores\u201d, de mais abra\u00e7os e menos \u201ccurtidas\u201d. Nos ambientes em que constru\u00edmos v\u00ednculos, j\u00e1 n\u00e3o somos indiv\u00edduos, somos um n\u00f3 apoiado por outros n\u00f3s e entrecruzamentos. Nisso consiste a comunh\u00e3o, a fraternidade, a amizade e a verdadeira comunica\u00e7\u00e3o. Quando isso acontecer, n\u00e3o haver\u00e1 esc\u00e2ndalos.<\/span><span data-ccp-props=\"{&quot;201341983&quot;:0,&quot;335551550&quot;:6,&quot;335551620&quot;:6,&quot;335559739&quot;:160,&quot;335559740&quot;:259}\">\u00a0<\/span><\/p>\n<p style=\"text-align: justify;\"><span data-contrast=\"none\">Nossas m\u00e3os, p\u00e9s e olhos devem manifestar a ternura de Deus. Nossas m\u00e3os para viver a solidariedade, nossos p\u00e9s para construir comunh\u00e3o e nossos olhos para contemplar concretamente a miseric\u00f3rdia de Deus. Muito cuidado com os julgamentos e os preconceitos. Olhemos para muitos que s\u00e3o perseguidos s\u00f3 porque fazem em favor dos que mais precisam. Estes est\u00e3o mais com Jesus do que muitos que celebram ou participam de nossas comunidades e celebra\u00e7\u00f5es! Cuidado com a hipocrisia! Fa\u00e7amos o bem e a caridade sempre, mesmo incomodando!<\/span><span data-ccp-props=\"{&quot;201341983&quot;:0,&quot;335551550&quot;:6,&quot;335551620&quot;:6,&quot;335559739&quot;:160,&quot;335559740&quot;:259}\">\u00a0<\/span><\/p>\n<p><span data-ccp-props=\"{&quot;201341983&quot;:0,&quot;335551550&quot;:2,&quot;335551620&quot;:2,&quot;335559739&quot;:160,&quot;335559740&quot;:259}\">\u00a0<\/span><\/p>\n<p>&nbsp;<\/p>\n","protected":false},"excerpt":{"rendered":"<p>Dom Anuar Battisti Arcebispo Em\u00e9rito de Maring\u00e1 (PR)\u00a0 \u00a0 A liturgia do 26.\u00ba Domingo do Tempo Comum apresenta v\u00e1rias sugest\u00f5es para que os batizados possam purificar a sua op\u00e7\u00e3o e viver como aut\u00eanticos disc\u00edpulos de Jesus. Uma das mais significativas pede-lhes que n\u00e3o se considerem donos exclusivos do bem e da verdade, mas sejam capazes &hellip;<\/p>\n<p class=\"read-more\"> <a class=\"\" href=\"https:\/\/www.cnbb.org.br\/facamos-o-bem-e-a-caridade-sempre-mesmo-incomodando\/\"> <span class=\"screen-reader-text\">Fa\u00e7amos o bem e a caridade sempre, mesmo incomodando!\u00a0<\/span> Leia mais &raquo;<\/a><\/p>\n","protected":false},"author":41,"featured_media":0,"comment_status":"closed","ping_status":"closed","sticky":false,"template":"","format":"standard","meta":{"site-sidebar-layout":"default","site-content-layout":"default","ast-global-header-display":"","ast-banner-title-visibility":"","ast-main-header-display":"","ast-hfb-above-header-display":"","ast-hfb-below-header-display":"","ast-hfb-mobile-header-display":"","site-post-title":"","ast-breadcrumbs-content":"","ast-featured-img":"","footer-sml-layout":"","theme-transparent-header-meta":"default","adv-header-id-meta":"","stick-header-meta":"","header-above-stick-meta":"","header-main-stick-meta":"","header-below-stick-meta":""},"categories":[758],"tags":[],"acf":[],"_links":{"self":[{"href":"https:\/\/www.cnbb.org.br\/cnbb-app\/wp\/v2\/posts\/971106"}],"collection":[{"href":"https:\/\/www.cnbb.org.br\/cnbb-app\/wp\/v2\/posts"}],"about":[{"href":"https:\/\/www.cnbb.org.br\/cnbb-app\/wp\/v2\/types\/post"}],"author":[{"embeddable":true,"href":"https:\/\/www.cnbb.org.br\/cnbb-app\/wp\/v2\/users\/41"}],"replies":[{"embeddable":true,"href":"https:\/\/www.cnbb.org.br\/cnbb-app\/wp\/v2\/comments?post=971106"}],"version-history":[{"count":1,"href":"https:\/\/www.cnbb.org.br\/cnbb-app\/wp\/v2\/posts\/971106\/revisions"}],"predecessor-version":[{"id":971107,"href":"https:\/\/www.cnbb.org.br\/cnbb-app\/wp\/v2\/posts\/971106\/revisions\/971107"}],"wp:attachment":[{"href":"https:\/\/www.cnbb.org.br\/cnbb-app\/wp\/v2\/media?parent=971106"}],"wp:term":[{"taxonomy":"category","embeddable":true,"href":"https:\/\/www.cnbb.org.br\/cnbb-app\/wp\/v2\/categories?post=971106"},{"taxonomy":"post_tag","embeddable":true,"href":"https:\/\/www.cnbb.org.br\/cnbb-app\/wp\/v2\/tags?post=971106"}],"curies":[{"name":"wp","href":"https:\/\/api.w.org\/{rel}","templated":true}]}}