{"id":971108,"date":"2024-09-26T17:00:10","date_gmt":"2024-09-26T20:00:10","guid":{"rendered":"https:\/\/www.cnbb.org.br\/?p=971108"},"modified":"2024-09-26T17:01:13","modified_gmt":"2024-09-26T20:01:13","slug":"para-valorizar-as-sementes-do-bem-plantadas-por-deus","status":"publish","type":"post","link":"https:\/\/www.cnbb.org.br\/para-valorizar-as-sementes-do-bem-plantadas-por-deus\/","title":{"rendered":"Para valorizar as sementes do bem plantadas por Deus"},"content":{"rendered":"<p style=\"text-align: right;\"><strong>Dom Alberto Taveira Corr\u00eaa\u00a0<\/strong><br \/>\n<strong>Arcebispo de Bel\u00e9m do Par\u00e1 (PA)<\/strong><\/p>\n<p style=\"text-align: justify;\">\n<p style=\"text-align: justify;\">\n<p style=\"text-align: justify;\"><span data-contrast=\"none\">Durante muitos s\u00e9culos Deus formou seu povo escolhido, dando-lhe leis e mandamentos justos, que proporcionaram a tantos homens e mulheres vislumbrarem a realiza\u00e7\u00e3o das promessas, na expectativa da plena realiza\u00e7\u00e3o do projeto do Senhor. Ao longo do caminho, muitas foram as li\u00e7\u00f5es e os corretivos feitos por Deus, atrav\u00e9s de seus enviados, em vista do amadurecimento na f\u00e9.<\/span><span data-ccp-props=\"{&quot;201341983&quot;:0,&quot;335551550&quot;:6,&quot;335551620&quot;:6,&quot;335559739&quot;:160,&quot;335559740&quot;:259}\">\u00a0<\/span><\/p>\n<p style=\"text-align: justify;\"><span data-contrast=\"none\">No doloroso e ao mesmo tempo fecundo caminho do deserto, a certa altura Como alguns homens n\u00e3o se encontravam no acampamento quando Mois\u00e9s escolheu setenta deles, aconteceu que \u201cJosu\u00e9, filho de Nun, ajudante de Mois\u00e9s desde a juventude, disse: \u2018Mois\u00e9s, meu Senhor, manda que eles se calem! Mois\u00e9s respondeu: \u2018Tens ci\u00fames por mim? Quem dera que todo o povo do Senhor fosse profeta, e que o Senhor lhe concedesse o seu esp\u00edrito!\u2019&#8221; (Nm 11,25-29). Era dif\u00edcil ampliar os horizontes e deixar que Deus, em sua liberdade, enviasse seu Esp\u00edrito a pessoas que n\u00e3o se encontravam em determinado grupo restrito.<\/span><span data-ccp-props=\"{&quot;201341983&quot;:0,&quot;335551550&quot;:6,&quot;335551620&quot;:6,&quot;335559731&quot;:708,&quot;335559739&quot;:160,&quot;335559740&quot;:259}\">\u00a0<\/span><\/p>\n<p style=\"text-align: justify;\"><span data-contrast=\"none\">No Evangelho, \u201cJo\u00e3o disse a Jesus: \u2018Mestre, vimos um homem expulsar dem\u00f4nios em teu nome. Mas n\u00f3s o proibimos, porque ele n\u00e3o nos segue\u2019&#8221;. Jesus disse: \u2018N\u00e3o o proibais, pois ningu\u00e9m faz milagres em meu nome para depois falar mal de mim. Quem n\u00e3o \u00e9 contra n\u00f3s \u00e9 a nosso favor\u2019\u201d (Mc 9,38-43.45.47-48). Justamente Jo\u00e3o, que parece ter sido o mais jovem do grupo dos Ap\u00f3stolos, tem uma vis\u00e3o fechada e restrita. Aquele que nos legou o Quarto Evangelho e Cartas bel\u00edssimas, em que o Mandamento do Amor \u00e9 amplamente colocado em relevo, teve que aprender muito!<\/span><span data-ccp-props=\"{&quot;201341983&quot;:0,&quot;335551550&quot;:6,&quot;335551620&quot;:6,&quot;335559731&quot;:708,&quot;335559739&quot;:160,&quot;335559740&quot;:259}\">\u00a0<\/span><\/p>\n<p style=\"text-align: justify;\"><span data-contrast=\"none\">A li\u00e7\u00e3o percorreu os s\u00e9culos. Hoje, sabemos que Deus pode inspirar muitas pessoas, inclusive que pensam diferente de n\u00f3s, e cabe-nos recolher o bem que existe, e bem \u00e9 sempre bem, para identificar sementes do Verbo de Deus plantadas pelo Esp\u00edrito Santo. Sugerimos inclusive um passo pastoral a ser dado pelas Par\u00f3quias, Pastorais e Movimentos, num processo de escuta e inclus\u00e3o dos adolescentes e jovens, muitas vezes carregados de questionamentos, interroga\u00e7\u00f5es e at\u00e9 provoca\u00e7\u00f5es! Nas diversas modalidades existentes, haver\u00e1 sempre oportunidade de acolher as novas gera\u00e7\u00f5es, que s\u00e3o o futuro de nossa Igreja, de forma a se criar uma grande rede de atividades bem planejadas e realizadas em benef\u00edcio de nossa juventude.<\/span><span data-ccp-props=\"{&quot;201341983&quot;:0,&quot;335551550&quot;:6,&quot;335551620&quot;:6,&quot;335559731&quot;:708,&quot;335559739&quot;:160,&quot;335559740&quot;:259}\">\u00a0<\/span><\/p>\n<p style=\"text-align: justify;\"><span data-contrast=\"none\">Entretanto, h\u00e1 poucos dias o Evangelho nos mostrava Jesus que acolhia e mostrava como refer\u00eancia uma crian\u00e7a, num tempo em que estas nem eram contadas! Por isso, a Catequese de nossas crian\u00e7as, valorizando o per\u00edodo de maior abertura para Deus, n\u00e3o adie sua inicia\u00e7\u00e3o eucar\u00edstica, para n\u00e3o permitir que outras fontes se instalem em suas mentes com compreens\u00f5es inadequadas da vida e da f\u00e9. E grande se torna nossa responsabilidade de adultos para cuidar com dedica\u00e7\u00e3o e esmero de nossas crian\u00e7as, sabendo que \u201cse algu\u00e9m escandalizar um destes pequeninos que creem, melhor seria que fosse jogado no mar com uma pedra de moinho amarrada ao pesco\u00e7o (Mc 9,42).<\/span><span data-ccp-props=\"{&quot;201341983&quot;:0,&quot;335551550&quot;:6,&quot;335551620&quot;:6,&quot;335559731&quot;:708,&quot;335559739&quot;:160,&quot;335559740&quot;:259}\">\u00a0<\/span><\/p>\n<p style=\"text-align: justify;\"><span data-contrast=\"none\">Acrescente-se a isso, como boa educa\u00e7\u00e3o da f\u00e9, a valoriza\u00e7\u00e3o dos pequenos gestos, pois reza assim a promessa do Senhor: \u201cEm verdade eu vos digo:\u00a0 quem vos der a beber um copo de \u00e1gua, porque sois de Cristo, n\u00e3o ficar\u00e1 sem receber a sua recompensa\u201d (Mc 9,41). Numa \u201cconta\u201d generosa e cheia apenas de amor, todos os gestos de servi\u00e7o, aten\u00e7\u00e3o e caridade s\u00e3o considerados, e encontraremos no C\u00e9u santos e santas an\u00f4nimos, cujas a\u00e7\u00f5es s\u00e3o vistas como aproxima\u00e7\u00e3o dos valores do Reino de Deus. Nada e ningu\u00e9m de tudo o que \u00e9 feito por amor ficar\u00e1 esquecido por Deus, venham estas a\u00e7\u00f5es de onde vierem.\u00a0<\/span><span data-ccp-props=\"{&quot;201341983&quot;:0,&quot;335551550&quot;:6,&quot;335551620&quot;:6,&quot;335559731&quot;:708,&quot;335559739&quot;:160,&quot;335559740&quot;:259}\">\u00a0<\/span><\/p>\n<p style=\"text-align: justify;\"><span data-contrast=\"none\">Se imaginarmos um grande lago criado por Deus, sobre o qual jogamos uma grande pedra, ao centro est\u00e3o as grandes ondas, representando quem acolheu e vive o an\u00fancio do Reino de Deus, seus valores e suas pr\u00e1ticas. Ao meio do lago, encontram-se pessoas que humanamente e muitas vezes erradamente, julgamos apenas crist\u00e3os ocasionais, em frequ\u00eancia em festas como o nosso C\u00edrio que se aproxima, matrim\u00f4nios, vel\u00f3rios e da\u00ed por diante. N\u00e3o lhes falta, da parte de Deus, o mesmo amor eterno. De fato, assim se expressou em nome de Deus o Profeta Jeremias: \u201cCom amor eterno eu te amei; por isso, guardo por ti tanta ternura!\u201d (Jr 31,3). L\u00e1 na margem, onde as ondas perecem fraquinhas, est\u00e1 uma imensa multid\u00e3o, os que muitos consideram \u00faltimos, ou piores, ou desprezados, aos quais chega o mesmo amor eterno. Os do centro ou do meio do grande lago h\u00e3o de aprender o caminho mission\u00e1rio, para alcan\u00e7ar a todos, e ningu\u00e9m seja ou se sinta exclu\u00eddo.<\/span><span data-ccp-props=\"{&quot;201341983&quot;:0,&quot;335551550&quot;:6,&quot;335551620&quot;:6,&quot;335559731&quot;:708,&quot;335559739&quot;:160,&quot;335559740&quot;:259}\">\u00a0<\/span><\/p>\n<p style=\"text-align: justify;\"><span data-contrast=\"none\">De nossa parte, \u00e9 tamb\u00e9m hora de aceitarmos propostas radicais indicadas por Jesus: \u201cSe teu p\u00e9 te leva a pecar, corta-o! \u00c9 melhor entrar na Vida sem um dos p\u00e9s, do que, tendo os dois, ser jogado no inferno. Se teu olho te leva a pecar, arranca-o! \u00c9 melhor entrar no Reino de Deus com um olho s\u00f3, do que, tendo os dois, ser jogado no inferno, onde o verme deles n\u00e3o morre, e o fogo n\u00e3o se apaga'&#8221;. (Mc 9,45-48). Permito-me usar uma frase exigente e, ao mesmo tempo, geradora de muita vida, que abra\u00e7o juntamente com muitas pessoas que desejam a viv\u00eancia estrita do Evangelho: \u201cComigo, o m\u00e1ximo de exig\u00eancia, com os outros, o m\u00e1ximo de miseric\u00f3rdia!\u201d Assim, n\u00e3o jogaremos fora as sementes do Verbo de Deus que o Esp\u00edrito Santo espalha no mundo!<\/span><span data-ccp-props=\"{&quot;201341983&quot;:0,&quot;335551550&quot;:6,&quot;335551620&quot;:6,&quot;335559731&quot;:708,&quot;335559739&quot;:160,&quot;335559740&quot;:259}\">\u00a0<\/span><\/p>\n<p style=\"text-align: justify;\"><span data-contrast=\"none\">Enfim, a pr\u00e1tica do servi\u00e7o e da caridade, que ser\u00e1 o transbordamento das escolhas que fizermos, se deixarmos o Evangelho entrar radicalmente em nosso cora\u00e7\u00e3o, com a partilha e a justi\u00e7a proclamadas fortemente na Carta de S\u00e3o Tiago (Tg 5,1-6), que ouvimos neste Domingo, na qual a grande responsabilidade social dos que possuem muitas riquezas \u00e9 como que balan\u00e7ada, em vista de uma convers\u00e3o verdadeira. Se nos faltarem as for\u00e7as para entender e praticar tudo isso, saibamos que lei do Senhor Deus \u00e9 perfeita, conforto para a alma! O testemunho do Senhor \u00e9 fiel, sabedoria dos humildes\u201d (Sl 18,8).<\/span><span data-ccp-props=\"{&quot;201341983&quot;:0,&quot;335551550&quot;:6,&quot;335551620&quot;:6,&quot;335559731&quot;:708,&quot;335559739&quot;:160,&quot;335559740&quot;:259}\">\u00a0<\/span><\/p>\n","protected":false},"excerpt":{"rendered":"<p>Dom Alberto Taveira Corr\u00eaa\u00a0 Arcebispo de Bel\u00e9m do Par\u00e1 (PA) Durante muitos s\u00e9culos Deus formou seu povo escolhido, dando-lhe leis e mandamentos justos, que proporcionaram a tantos homens e mulheres vislumbrarem a realiza\u00e7\u00e3o das promessas, na expectativa da plena realiza\u00e7\u00e3o do projeto do Senhor. Ao longo do caminho, muitas foram as li\u00e7\u00f5es e os corretivos &hellip;<\/p>\n<p class=\"read-more\"> <a class=\"\" href=\"https:\/\/www.cnbb.org.br\/para-valorizar-as-sementes-do-bem-plantadas-por-deus\/\"> <span class=\"screen-reader-text\">Para valorizar as sementes do bem plantadas por Deus<\/span> Leia mais &raquo;<\/a><\/p>\n","protected":false},"author":21,"featured_media":0,"comment_status":"closed","ping_status":"closed","sticky":false,"template":"","format":"standard","meta":{"site-sidebar-layout":"default","site-content-layout":"default","ast-global-header-display":"","ast-banner-title-visibility":"","ast-main-header-display":"","ast-hfb-above-header-display":"","ast-hfb-below-header-display":"","ast-hfb-mobile-header-display":"","site-post-title":"","ast-breadcrumbs-content":"","ast-featured-img":"","footer-sml-layout":"","theme-transparent-header-meta":"default","adv-header-id-meta":"","stick-header-meta":"","header-above-stick-meta":"","header-main-stick-meta":"","header-below-stick-meta":""},"categories":[758],"tags":[],"acf":[],"_links":{"self":[{"href":"https:\/\/www.cnbb.org.br\/cnbb-app\/wp\/v2\/posts\/971108"}],"collection":[{"href":"https:\/\/www.cnbb.org.br\/cnbb-app\/wp\/v2\/posts"}],"about":[{"href":"https:\/\/www.cnbb.org.br\/cnbb-app\/wp\/v2\/types\/post"}],"author":[{"embeddable":true,"href":"https:\/\/www.cnbb.org.br\/cnbb-app\/wp\/v2\/users\/21"}],"replies":[{"embeddable":true,"href":"https:\/\/www.cnbb.org.br\/cnbb-app\/wp\/v2\/comments?post=971108"}],"version-history":[{"count":1,"href":"https:\/\/www.cnbb.org.br\/cnbb-app\/wp\/v2\/posts\/971108\/revisions"}],"predecessor-version":[{"id":971109,"href":"https:\/\/www.cnbb.org.br\/cnbb-app\/wp\/v2\/posts\/971108\/revisions\/971109"}],"wp:attachment":[{"href":"https:\/\/www.cnbb.org.br\/cnbb-app\/wp\/v2\/media?parent=971108"}],"wp:term":[{"taxonomy":"category","embeddable":true,"href":"https:\/\/www.cnbb.org.br\/cnbb-app\/wp\/v2\/categories?post=971108"},{"taxonomy":"post_tag","embeddable":true,"href":"https:\/\/www.cnbb.org.br\/cnbb-app\/wp\/v2\/tags?post=971108"}],"curies":[{"name":"wp","href":"https:\/\/api.w.org\/{rel}","templated":true}]}}