{"id":971138,"date":"2024-09-26T09:23:04","date_gmt":"2024-09-26T12:23:04","guid":{"rendered":"https:\/\/www.cnbb.org.br\/?p=971138"},"modified":"2024-09-27T09:28:14","modified_gmt":"2024-09-27T12:28:14","slug":"pastoral-da-crianca-40-anos-levando-vida-e-esperanca-para-as-familias-do-maranhao","status":"publish","type":"post","link":"https:\/\/www.cnbb.org.br\/pastoral-da-crianca-40-anos-levando-vida-e-esperanca-para-as-familias-do-maranhao\/","title":{"rendered":"Pastoral da Crian\u00e7a: 40 anos levando vida e esperan\u00e7a para as fam\u00edlias do Maranh\u00e3o"},"content":{"rendered":"<div data-breakout=\"normal\">\n<p id=\"viewer-yxzd71881\" class=\"_4jEqg _0tWeG JX2vh uSmJR\" dir=\"auto\" style=\"text-align: justify;\"><span class=\"FamXW JX2vh\">A Pastoral da Crian\u00e7a do regional Nordeste 5 celebrou no \u00faltimo s\u00e1bado, 21 de setembro, seus 40 anos de miss\u00e3o. O local da celebra\u00e7\u00e3o foi exatamente onde tudo come\u00e7ou, na diocese de Bacabal, h\u00e1 quatro d\u00e9cadas. O momento celebrativo contou com Adora\u00e7\u00e3o ao Sant\u00edssimo conduzido pelo padre Jos\u00e9 Geraldo, vig\u00e1rio geral da diocese de Bacabal, diretor espiritual da pastoral e reitor do Santu\u00e1rio S\u00e3o Benedito, em Pedreiras (MA).<\/span><\/p>\n<div style=\"text-align: justify;\" data-breakout=\"normal\">\n<p id=\"viewer-w08162045\" class=\"_4jEqg _0tWeG JX2vh uSmJR\" dir=\"auto\"><span class=\"FamXW JX2vh\">A comunidade Nossa Senhora da Concei\u00e7\u00e3o, em Porta Aberta, foi marcada pela visita da dra. Zilda Arns, ainda em 1984, e foi onde iniciou as comemora\u00e7\u00f5es desses 40 anos de miss\u00e3o. \u201cFoi um dia de muita reflex\u00e3o, de comemorar e agradecer a Deus por esses 40 anos. Nossa gratid\u00e3o a Deus por esses 40 anos de miss\u00e3o realizada com muito amor e dedica\u00e7\u00e3o em prol da vida em abund\u00e2ncia\u201d, afirmou Eunice C\u00e2ndido, coordenadora da Pastoral da Crian\u00e7a na diocese de Bacabal.<\/span><\/p>\n<\/div>\n<div style=\"text-align: justify;\" data-breakout=\"normal\">\n<p id=\"viewer-qb5h6125\" class=\"_4jEqg _0tWeG JX2vh uSmJR\" dir=\"auto\"><span class=\"FamXW JX2vh\">A programa\u00e7\u00e3o ainda contou com um sarau da esperan\u00e7a e anima\u00e7\u00e3o no per\u00edodo da tarde, na par\u00f3quia de S\u00e3o Francisco das Chagas, seguido de uma caminhada at\u00e9 a Catedral de Santa Teresinha onde aconteceu a santa missa em a\u00e7\u00e3o de gra\u00e7as pelas quatro d\u00e9cadas de dedica\u00e7\u00e3o \u00e0s crian\u00e7as do Maranh\u00e3o.<\/span><\/p>\n<\/div>\n<div style=\"text-align: justify;\" data-breakout=\"normal\">\n<p id=\"viewer-lr8m7127\" class=\"_4jEqg _0tWeG JX2vh uSmJR\" dir=\"auto\" style=\"text-align: justify;\"><span class=\"FamXW JX2vh\">No Maranh\u00e3o, a miss\u00e3o da Pastoral da Crian\u00e7a iniciou na diocese de Bacabal e hoje est\u00e1 presente nas 12 (arqui)dioceses. Na capital do estado, S\u00e3o Lu\u00eds, a miss\u00e3o iniciou na Par\u00f3quia Nossa Senhora da Gl\u00f3ria e S\u00e3o Judas Tadeu, que compreende os bairros da Alemanha e Jo\u00e3o Paulo.<\/span><\/p>\n<div data-breakout=\"normal\">\n<p id=\"viewer-du1lx131\" class=\"_4jEqg _0tWeG _50p6F uSmJR\" dir=\"auto\"><span class=\"FamXW\"><strong>Quando tudo come\u00e7ou<\/strong><\/span><\/p>\n<\/div>\n<div data-breakout=\"normal\">\n<p id=\"viewer-xh7d9133\" class=\"_4jEqg _0tWeG JX2vh uSmJR\" dir=\"auto\"><span class=\"FamXW JX2vh\">Em 1984, atendendo a um convite do bispo da diocese de Bacabal, o saudoso dom Pasc\u00e1sio Rettler ofm, a Dra. Zilda Arns Neumann visitou a diocese de Bacabal a fim de implantar a Pastoral da Crian\u00e7a. Nessa visita, Dra. Zilda, com a ajuda do m\u00e9dico Dr. Frei Klaus Th. Finkam ofm, e Maria F\u00e1tima fizeram um primeiro treinamento das a\u00e7\u00f5es b\u00e1sicas de sa\u00fade na comunidade N. Sra. da Concei\u00e7\u00e3o &#8211; Porta Aberta. A partir de ent\u00e3o come\u00e7ou a caminhada da Pastoral da Crian\u00e7a na Diocese Bacabal.\u00a0\u00a0<\/span><\/p>\n<\/div>\n<div data-breakout=\"normal\">\n<p id=\"viewer-h0swm147\" class=\"_4jEqg _0tWeG JX2vh uSmJR\" dir=\"auto\"><span class=\"FamXW JX2vh\">Frei Klaus j\u00e1 trabalhava com um grupo de volunt\u00e1rios de sa\u00fade com alternativas alimentares e assim a nossa experi\u00eancia local colaborou nos primeiros passos da Pastoral da Crian\u00e7a em Bacabal. Assumimos de pleno cora\u00e7\u00e3o a engenhosa metodologia da Pastoral da Crian\u00e7a no seu jeito prof\u00e9tico e catequ\u00e9tico de se valer da mulher como agente de sua pr\u00f3pria transforma\u00e7\u00e3o.\u00a0\u00a0<\/span><\/p>\n<\/div>\n<div data-breakout=\"normal\">\n<p id=\"viewer-husmu149\" class=\"_4jEqg _0tWeG JX2vh uSmJR\" dir=\"auto\"><span class=\"FamXW JX2vh\">Nesta \u00e9poca, o \u00edndice de mortalidade infantil era muito alto, muitas crian\u00e7as morriam de doen\u00e7as facilmente previn\u00edveis, como por exemplo, a desidrata\u00e7\u00e3o causada pela diarreia, a desnutri\u00e7\u00e3o, verminoses, infec\u00e7\u00e3o respirat\u00f3rias, etc. Com o grande empenho das\/os volunt\u00e1rias\/os essa situa\u00e7\u00e3o mudou.<\/span><\/p>\n<\/div>\n<div data-breakout=\"normal\">\n<p id=\"viewer-5tato151\" class=\"_4jEqg _0tWeG JX2vh uSmJR\" dir=\"auto\"><span class=\"FamXW JX2vh\">Frei Klaus, ent\u00e3o assumiu essa miss\u00e3o como primeiro coordenador diocesano da Pastoral da Crian\u00e7a de Bacabal e logo come\u00e7ou a estender a primeira experi\u00eancia para as par\u00f3quias franciscanas da Diocese.<\/span><\/p>\n<\/div>\n<div data-breakout=\"normal\">\n<p id=\"viewer-k0pfb153\" class=\"_4jEqg _0tWeG JX2vh uSmJR\" dir=\"auto\"><span class=\"FamXW JX2vh\">Uma outra colabora\u00e7\u00e3o marcante foi em 1987, a convoca\u00e7\u00e3o do Frei Klaus por parte da CNBB e UNICEF para coordenar a Campanha Nacional do Soro Caseiro. J\u00e1 que, em 1980, o Frei Klaus, junto com a Dra. Hildegard B. Richter da TAPS &#8211; Temas Atuais na Promo\u00e7\u00e3o de Sa\u00fade &#8211; S\u00e3o Paulo, tinha introduzido no Brasil a colher medida do Soro Caseiro.<\/span><\/p>\n<\/div>\n<div data-breakout=\"normal\">\n<p id=\"viewer-gj896155\" class=\"_4jEqg _0tWeG JX2vh uSmJR\" dir=\"auto\"><span class=\"FamXW JX2vh\">Uma caracter\u00edstica forte do trabalho nesses anos foi a inclus\u00e3o das alternativas alimentares e a alimenta\u00e7\u00e3o natural junto \u00e0s atividades da Pastoral da Crian\u00e7a como o apoio da Anima\u00e7\u00e3o Comunit\u00e1ria de Educa\u00e7\u00e3o em Sa\u00fade e Agricultura &#8211; ACESA, que ajudou muito no incentivo de cultivar a horta comunit\u00e1ria para melhorar a alimenta\u00e7\u00e3o da pr\u00f3pria fam\u00edlia e ajudar na renda familiar. Assim a Diocese da Bacabal assumiu o treinamento de todas as dioceses do Maranh\u00e3o na \u00e1rea alimentar.<\/span><\/p>\n<\/div>\n<div data-breakout=\"normal\">\n<p id=\"viewer-0l39o157\" class=\"_4jEqg _0tWeG JX2vh uSmJR\" dir=\"auto\"><span class=\"FamXW JX2vh\">Essa caminhada mission\u00e1ria da Pastoral da Crian\u00e7a foi marcada por v\u00e1rios momentos fortes <strong>em defesa da vida<\/strong>. Em 1989 houve um grande encontro em Lago da Pedra reunindo as l\u00edderes da Pastoral da Crian\u00e7a das dioceses de Bacabal e Coroat\u00e1 com a presen\u00e7a de diversas autoridades eclesi\u00e1sticas e colaboradores nesta miss\u00e3o, entre elas, a fundadora e coordenadora nacional Dra. Zilda Arns, a Vice-Prov\u00edncia Franciscana, ACR, Movimento Ninho e etc. E esse tipo de encontr\u00e3o de l\u00edderes continuou acontecendo anualmente at\u00e9 hoje.<\/span><\/p>\n<\/div>\n<div data-breakout=\"normal\">\n<p id=\"viewer-85z9n161\" class=\"_4jEqg _0tWeG JX2vh uSmJR\" dir=\"auto\"><span class=\"FamXW JX2vh\">Depois da coordena\u00e7\u00e3o de Frei Klaus, Maria F\u00e1tima Sousa e a Gracinete Lemos assumiram a coordena\u00e7\u00e3o at\u00e9 o in\u00edcio de 2001. A partir da\u00ed tivemos como coordenadoras da Pastoral em nossa diocese a Irm\u00e3 Maria de Jesus, Maria Eunice C\u00e2ndido, Ir. Alessandra de Jesus e atualmente, Maria Eunice C\u00e2ndido est\u00e1 na coordena\u00e7\u00e3o novamente.<\/span><\/p>\n<div data-breakout=\"normal\">\n<p id=\"viewer-0qoz9165\" class=\"_4jEqg _0tWeG JX2vh uSmJR\" dir=\"auto\"><span class=\"FamXW JX2vh\"><strong>A\u00e7\u00f5es da Pastoral da Crian\u00e7a<\/strong><\/span><\/p>\n<\/div>\n<div data-breakout=\"normal\">\n<p id=\"viewer-ab0jh5134\" class=\"_4jEqg _0tWeG JX2vh uSmJR\" dir=\"auto\"><span class=\"FamXW JX2vh\">A miss\u00e3o da Pastoral Crian\u00e7a \u00e9 realizada diretamente com as fam\u00edlias, com as cinco primeiras a\u00e7\u00f5es b\u00e1sicas de sa\u00fade: o apoio integral \u00e0 gestante, o incentivo ao aleitamento materno, vigil\u00e2ncia nutricional, soro caseiro e a vacina\u00e7\u00e3o, vieram as capacita\u00e7\u00f5es do guia do l\u00edder e de todo o material educativo, pois na Pastoral a forma\u00e7\u00e3o \u00e9 cont\u00ednua. A partir da\u00ed surgem outras a\u00e7\u00f5es complementares, como os rem\u00e9dios caseiros, a alimenta\u00e7\u00e3o enriquecida e hortas caseiras, Acompanhamento Nutricional, o programa de r\u00e1dio Viva a Vida, a a\u00e7\u00e3o Brinquedos e Brincadeiras na comunidade, o articulador de sa\u00fade e v\u00e1rias outras a\u00e7\u00f5es.<\/span><\/p>\n<\/div>\n<p dir=\"auto\">\n<\/div>\n<p dir=\"auto\">A <a href=\"https:\/\/www.cnbbne5.org\/post\/pastoral-da-crian%C3%A7a-40-anos-levando-vida-e-esperan%C3%A7a-para-as-fam%C3%ADlias-do-maranh%C3%A3o\" target=\"_blank\" rel=\"noopener\">not\u00edcia completa est\u00e1 no site do regional NE 5<\/a>.<\/p>\n<div data-breakout=\"normal\">\n<p dir=\"auto\">\n<\/div>\n<\/div>\n<\/div>\n<div style=\"text-align: justify;\" data-hook=\"rcv-block4\"><\/div>\n<div data-breakout=\"normal\">\n<div id=\"viewer-r2l18123\" class=\"_4jEqg _0tWeG JX2vh uSmJR\" dir=\"auto\"><\/div>\n<\/div>\n","protected":false},"excerpt":{"rendered":"<p>A Pastoral da Crian\u00e7a do regional Nordeste 5 celebrou no \u00faltimo s\u00e1bado, 21 de setembro, seus 40 anos de miss\u00e3o. O local da celebra\u00e7\u00e3o foi exatamente onde tudo come\u00e7ou, na diocese de Bacabal, h\u00e1 quatro d\u00e9cadas. O momento celebrativo contou com Adora\u00e7\u00e3o ao Sant\u00edssimo conduzido pelo padre Jos\u00e9 Geraldo, vig\u00e1rio geral da diocese de Bacabal, &hellip;<\/p>\n<p class=\"read-more\"> <a class=\"\" href=\"https:\/\/www.cnbb.org.br\/pastoral-da-crianca-40-anos-levando-vida-e-esperanca-para-as-familias-do-maranhao\/\"> <span class=\"screen-reader-text\">Pastoral da Crian\u00e7a: 40 anos levando vida e esperan\u00e7a para as fam\u00edlias do Maranh\u00e3o<\/span> Leia mais &raquo;<\/a><\/p>\n","protected":false},"author":141,"featured_media":971141,"comment_status":"closed","ping_status":"closed","sticky":false,"template":"","format":"standard","meta":{"site-sidebar-layout":"default","site-content-layout":"default","ast-global-header-display":"","ast-banner-title-visibility":"","ast-main-header-display":"","ast-hfb-above-header-display":"","ast-hfb-below-header-display":"","ast-hfb-mobile-header-display":"","site-post-title":"","ast-breadcrumbs-content":"","ast-featured-img":"","footer-sml-layout":"","theme-transparent-header-meta":"default","adv-header-id-meta":"","stick-header-meta":"","header-above-stick-meta":"","header-main-stick-meta":"","header-below-stick-meta":""},"categories":[821],"tags":[],"acf":[],"_links":{"self":[{"href":"https:\/\/www.cnbb.org.br\/cnbb-app\/wp\/v2\/posts\/971138"}],"collection":[{"href":"https:\/\/www.cnbb.org.br\/cnbb-app\/wp\/v2\/posts"}],"about":[{"href":"https:\/\/www.cnbb.org.br\/cnbb-app\/wp\/v2\/types\/post"}],"author":[{"embeddable":true,"href":"https:\/\/www.cnbb.org.br\/cnbb-app\/wp\/v2\/users\/141"}],"replies":[{"embeddable":true,"href":"https:\/\/www.cnbb.org.br\/cnbb-app\/wp\/v2\/comments?post=971138"}],"version-history":[{"count":4,"href":"https:\/\/www.cnbb.org.br\/cnbb-app\/wp\/v2\/posts\/971138\/revisions"}],"predecessor-version":[{"id":971143,"href":"https:\/\/www.cnbb.org.br\/cnbb-app\/wp\/v2\/posts\/971138\/revisions\/971143"}],"wp:featuredmedia":[{"embeddable":true,"href":"https:\/\/www.cnbb.org.br\/cnbb-app\/wp\/v2\/media\/971141"}],"wp:attachment":[{"href":"https:\/\/www.cnbb.org.br\/cnbb-app\/wp\/v2\/media?parent=971138"}],"wp:term":[{"taxonomy":"category","embeddable":true,"href":"https:\/\/www.cnbb.org.br\/cnbb-app\/wp\/v2\/categories?post=971138"},{"taxonomy":"post_tag","embeddable":true,"href":"https:\/\/www.cnbb.org.br\/cnbb-app\/wp\/v2\/tags?post=971138"}],"curies":[{"name":"wp","href":"https:\/\/api.w.org\/{rel}","templated":true}]}}