{"id":971499,"date":"2024-10-03T10:47:35","date_gmt":"2024-10-03T13:47:35","guid":{"rendered":"https:\/\/www.cnbb.org.br\/?p=971499"},"modified":"2024-10-03T11:08:57","modified_gmt":"2024-10-03T14:08:57","slug":"dom-itacir-brassiani-toma-posse-em-santa-cruz-do-sul","status":"publish","type":"post","link":"https:\/\/www.cnbb.org.br\/dom-itacir-brassiani-toma-posse-em-santa-cruz-do-sul\/","title":{"rendered":"Dom Itacir Brassiani toma posse em Santa Cruz do Sul com b\u00e1culo de madeira da enchente"},"content":{"rendered":"<p style=\"text-align: justify;\">Em maio e junho deste ano, as imagens mais marcantes das enchentes que assolaram o Rio Grande do Sul eram da mesma regi\u00e3o: os vales do Rio Pardo e do Rio Taquari. Nos 40 munic\u00edpios da Diocese de Santa Cruz do Sul, a popula\u00e7\u00e3o viu a for\u00e7a das \u00e1guas devastar cidades e campos, levando consigo estradas, casas, pontes e muitas vidas.<\/p>\n<p style=\"text-align: justify;\">Quando a comunidade local come\u00e7ava a reunir for\u00e7as para seguir em frente na reconstru\u00e7\u00e3o e supera\u00e7\u00e3o da trag\u00e9dia, recebeu um presente especial: em 21 de junho,\u00a0<strong>pe. Itacir Brassiani foi nomeado pelo Papa Francisco<\/strong>\u00a0como bispo diocesano de Santa Cruz do Sul.<\/p>\n<blockquote>\n<p style=\"text-align: justify;\"><em>Desde que eu confirmei a minha resposta e come\u00e7aram as enchentes, eu comecei a me perguntar \u2018meu Deus, o que isto significa para mim e o que essa diocese necessita de mim, com tanta dor e com tanto sofrimento\u2019<\/em>, lembra ele.<\/p>\n<\/blockquote>\n<p style=\"text-align: justify;\">Dom Itacir foi ordenado e tomou posse no \u00faltimo domingo, 29, na Catedral S\u00e3o Jo\u00e3o Batista e \u00e9 o quinto bispo diocesano de Santa Cruz do Sul. Ele conta que, desde que soube da miss\u00e3o que lhe esperava, buscou dar um sentido ainda maior aos s\u00edmbolos que representariam o seu minist\u00e9rio episcopal.<\/p>\n<p><strong>Saiba mais:<\/strong> <a href=\"https:\/\/cnbbsul3.org.br\/dom-itacir-brassiani-toma-posse-de-santa-cruz-do-sul-com-baculo-de-madeira-da-enchente\/\" target=\"_blank\" rel=\"noopener\">cnbbsul3.org.br<\/a><\/p>\n","protected":false},"excerpt":{"rendered":"<p>Em maio e junho deste ano, as imagens mais marcantes das enchentes que assolaram o Rio Grande do Sul eram da mesma regi\u00e3o: os vales do Rio Pardo e do Rio Taquari. Nos 40 munic\u00edpios da Diocese de Santa Cruz do Sul, a popula\u00e7\u00e3o viu a for\u00e7a das \u00e1guas devastar cidades e campos, levando consigo &hellip;<\/p>\n<p class=\"read-more\"> <a class=\"\" href=\"https:\/\/www.cnbb.org.br\/dom-itacir-brassiani-toma-posse-em-santa-cruz-do-sul\/\"> <span class=\"screen-reader-text\">Dom Itacir Brassiani toma posse em Santa Cruz do Sul com b\u00e1culo de madeira da enchente<\/span> Leia mais &raquo;<\/a><\/p>\n","protected":false},"author":142,"featured_media":971501,"comment_status":"closed","ping_status":"closed","sticky":false,"template":"","format":"standard","meta":{"site-sidebar-layout":"default","site-content-layout":"default","ast-global-header-display":"","ast-banner-title-visibility":"","ast-main-header-display":"","ast-hfb-above-header-display":"","ast-hfb-below-header-display":"","ast-hfb-mobile-header-display":"","site-post-title":"","ast-breadcrumbs-content":"","ast-featured-img":"","footer-sml-layout":"","theme-transparent-header-meta":"default","adv-header-id-meta":"","stick-header-meta":"","header-above-stick-meta":"","header-main-stick-meta":"","header-below-stick-meta":""},"categories":[790],"tags":[1315],"acf":[],"_links":{"self":[{"href":"https:\/\/www.cnbb.org.br\/cnbb-app\/wp\/v2\/posts\/971499"}],"collection":[{"href":"https:\/\/www.cnbb.org.br\/cnbb-app\/wp\/v2\/posts"}],"about":[{"href":"https:\/\/www.cnbb.org.br\/cnbb-app\/wp\/v2\/types\/post"}],"author":[{"embeddable":true,"href":"https:\/\/www.cnbb.org.br\/cnbb-app\/wp\/v2\/users\/142"}],"replies":[{"embeddable":true,"href":"https:\/\/www.cnbb.org.br\/cnbb-app\/wp\/v2\/comments?post=971499"}],"version-history":[{"count":2,"href":"https:\/\/www.cnbb.org.br\/cnbb-app\/wp\/v2\/posts\/971499\/revisions"}],"predecessor-version":[{"id":971505,"href":"https:\/\/www.cnbb.org.br\/cnbb-app\/wp\/v2\/posts\/971499\/revisions\/971505"}],"wp:featuredmedia":[{"embeddable":true,"href":"https:\/\/www.cnbb.org.br\/cnbb-app\/wp\/v2\/media\/971501"}],"wp:attachment":[{"href":"https:\/\/www.cnbb.org.br\/cnbb-app\/wp\/v2\/media?parent=971499"}],"wp:term":[{"taxonomy":"category","embeddable":true,"href":"https:\/\/www.cnbb.org.br\/cnbb-app\/wp\/v2\/categories?post=971499"},{"taxonomy":"post_tag","embeddable":true,"href":"https:\/\/www.cnbb.org.br\/cnbb-app\/wp\/v2\/tags?post=971499"}],"curies":[{"name":"wp","href":"https:\/\/api.w.org\/{rel}","templated":true}]}}