{"id":971600,"date":"2024-10-04T13:04:58","date_gmt":"2024-10-04T16:04:58","guid":{"rendered":"https:\/\/www.cnbb.org.br\/?p=971600"},"modified":"2024-10-04T13:06:09","modified_gmt":"2024-10-04T16:06:09","slug":"rezar-pela-paz-e-pelos-filhos","status":"publish","type":"post","link":"https:\/\/www.cnbb.org.br\/rezar-pela-paz-e-pelos-filhos\/","title":{"rendered":"Rezar pela paz e pelos filhos"},"content":{"rendered":"<p style=\"text-align: right;\"><strong>Dom Leomar Brustolin<\/strong><br \/>\n<strong>Arcebispo de Santa Maria (RS)<\/strong><\/p>\n<p>&nbsp;<\/p>\n<p>&nbsp;<\/p>\n<p style=\"text-align: justify;\"><span data-contrast=\"none\">Recentemente circulou pelas redes sociais o depoimento de um importante cardiologista de S\u00e3o Paulo alertando que rezar faz bem \u00e0 sa\u00fade. Sim, inclusive indicou a ora\u00e7\u00e3o do ter\u00e7o como um dos fatores que leva certas popula\u00e7\u00f5es a uma vida longeva e com qualidade.\u00a0 Nestes tempos de incertezas e grande agita\u00e7\u00e3o, saber meditar, refletir e rezar s\u00e3o atos de quem \u00e9 capaz de ser s\u00e1bio: entre as coisas que passam, escolher as que s\u00e3o eternas. Dia 7 de outubro \u00e9 o dia de Nossa Senhora do Ros\u00e1rio. Por isso, apresento aqui alguns dados sobre o Ros\u00e1rio que possam nos estimular a rezar mais, para viver melhor.\u00a0\u00a0\u00a0<\/span><span data-ccp-props=\"{&quot;134233117&quot;:true,&quot;134233118&quot;:false,&quot;201341983&quot;:0,&quot;335551550&quot;:6,&quot;335551620&quot;:6,&quot;335559731&quot;:708,&quot;335559739&quot;:0,&quot;335559740&quot;:360}\">\u00a0<\/span><\/p>\n<p style=\"text-align: justify;\"><span data-contrast=\"none\">A palavra Ros\u00e1rio significa grinalda de rosas dedicada \u00e0 Maria, M\u00e3e de Deus, atrav\u00e9s da repeti\u00e7\u00e3o de 150 vezes da ora\u00e7\u00e3o da Ave-Maria. O n\u00famero 150 corresponde aos 150 salmos contidos na B\u00edblia. H\u00e1 muitos s\u00e9culos a Igreja convida os fi\u00e9is a recitarem c\u00e2nticos e salmos desde o p\u00f4r do sol at\u00e9 o seu ocaso. Isto \u00e9 feito especialmente nos mosteiros espalhados pelo mundo. Na Idade M\u00e9dia, contudo, constatou-se que muitos crist\u00e3os eram analfabetos e ficavam privados desta pr\u00e1tica orante.\u00a0 Para atender a necessidade de ora\u00e7\u00e3o dos iletrados, S\u00e3o Domingos de Gusm\u00e3o aprimorou um m\u00e9todo de ora\u00e7\u00e3o que originou o ros\u00e1rio. S\u00e3o 150 Ave-Marias intercaladas entre Pai-Nossos e gl\u00f3rias. A cada dezena medita-se um mist\u00e9rio da vida de Cristo.\u00a0 Apesar da \u00eanfase mariana, a Igreja sempre afirmou o car\u00e1ter cristoc\u00eantrico dessa ora\u00e7\u00e3o.<\/span><span data-ccp-props=\"{&quot;134233117&quot;:true,&quot;134233118&quot;:false,&quot;201341983&quot;:0,&quot;335551550&quot;:6,&quot;335551620&quot;:6,&quot;335559731&quot;:708,&quot;335559739&quot;:0,&quot;335559740&quot;:360}\">\u00a0<\/span><\/p>\n<p style=\"text-align: justify;\"><span data-contrast=\"none\">Em nosso meio estamos mais habituados ao ter\u00e7o: uma ter\u00e7a parte do ros\u00e1rio, apenas 50 ave-marias.\u00a0 O Papa S\u00e3o Jo\u00e3o Paulo II estimou muito o Ros\u00e1rio e condenava uma forma vazia e autom\u00e1tica de rez\u00e1-lo, sem medita\u00e7\u00e3o e contempla\u00e7\u00e3o, pois corre-se o perigo de tornar-se uma repeti\u00e7\u00e3o mec\u00e2nica de f\u00f3rmulas e de vir a achar-se em contradi\u00e7\u00e3o com a advert\u00eancia de Jesus: \u201cNa ora\u00e7\u00e3o n\u00e3o multipliqueis as palavras como os gentios, que imaginam serem\u00a0 ouvidos gra\u00e7as \u00e0 sua verbosidade\u201d (<\/span><i><span data-contrast=\"none\">Mt<\/span><\/i><span data-contrast=\"none\"> 6, 7).\u00a0<\/span><span data-ccp-props=\"{&quot;134233117&quot;:true,&quot;134233118&quot;:false,&quot;201341983&quot;:0,&quot;335551550&quot;:6,&quot;335551620&quot;:6,&quot;335559739&quot;:0,&quot;335559740&quot;:360}\">\u00a0<\/span><\/p>\n<p style=\"text-align: justify;\"><span data-contrast=\"none\">Por sua natureza, a recita\u00e7\u00e3o do Ros\u00e1rio requer um ritmo tranquilo e uma certa demora a pensar, que favore\u00e7am, naquele que ora, a medita\u00e7\u00e3o dos mist\u00e9rios da vida do Senhor, vistos atrav\u00e9s do Cora\u00e7\u00e3o d&#8217;Aquela que mais de perto esteve em contato com Jesus.<\/span><span data-ccp-props=\"{&quot;134233117&quot;:true,&quot;134233118&quot;:false,&quot;201341983&quot;:0,&quot;335551550&quot;:6,&quot;335551620&quot;:6,&quot;335559739&quot;:0,&quot;335559740&quot;:360}\">\u00a0<\/span><\/p>\n<p style=\"text-align: justify;\"><span data-contrast=\"none\">Enquanto \u201ccomp\u00eandio do Evangelho\u201d, \u00e9 conveniente que o ros\u00e1rio, depois de recordar a encarna\u00e7\u00e3o e a vida oculta de Cristo (<\/span><i><span data-contrast=\"none\">mist\u00e9rios da alegria<\/span><\/i><span data-contrast=\"none\">), e antes de se deter nos sofrimentos da paix\u00e3o (<\/span><i><span data-contrast=\"none\">mist\u00e9rios da dor<\/span><\/i><span data-contrast=\"none\">), e no triunfo da ressurrei\u00e7\u00e3o (<\/span><i><span data-contrast=\"none\">mist\u00e9rios da gl\u00f3ria<\/span><\/i><span data-contrast=\"none\">), a medita\u00e7\u00e3o se concentre tamb\u00e9m sobre alguns momentos particularmente significativos da vida p\u00fablica (<\/span><i><span data-contrast=\"none\">mist\u00e9rios da luz<\/span><\/i><span data-contrast=\"none\">).\u00a0<\/span><span data-ccp-props=\"{&quot;134233117&quot;:true,&quot;134233118&quot;:false,&quot;201341983&quot;:0,&quot;335551550&quot;:6,&quot;335551620&quot;:6,&quot;335559739&quot;:0,&quot;335559740&quot;:360}\">\u00a0<\/span><\/p>\n<p style=\"text-align: justify;\"><span data-contrast=\"none\">Sugere-se que os mist\u00e9rios da alegria (gozosos) sejam recitados \u00e0s segundas e s\u00e1bados, os mist\u00e9rios da dor (dolorosos) \u00e0s\u00a0 ter\u00e7as e sextas, e os mist\u00e9rios luminosos sejam rezados na quinta-feira, e \u00e0s quartas e domingos medita-se os mist\u00e9rios da gl\u00f3ria (gloriosos).\u00a0<\/span><span data-ccp-props=\"{&quot;134233117&quot;:true,&quot;134233118&quot;:false,&quot;201341983&quot;:0,&quot;335551550&quot;:6,&quot;335551620&quot;:6,&quot;335559739&quot;:0,&quot;335559740&quot;:360}\">\u00a0<\/span><\/p>\n<p style=\"text-align: justify;\"><span data-contrast=\"none\">Sobre a import\u00e2ncia dessa ora\u00e7\u00e3o para a paz e pelo bem das fam\u00edlias, a Carta Rosarium Virginis Mariae de Jo\u00e3o Paulo II destaca: \u201c\u00c0 efic\u00e1cia desta ora\u00e7\u00e3o, confio de bom grado hoje a causa da paz no mundo e a causa da fam\u00edlia. Rezar o Ros\u00e1rio <\/span><i><span data-contrast=\"none\">pelos filhos <\/span><\/i><span data-contrast=\"none\">e, mais ainda, <\/span><i><span data-contrast=\"none\">com os filhos, <\/span><\/i><span data-contrast=\"none\">educando-os desde tenra idade para este momento di\u00e1rio de \u201cparagem orante\u201d da fam\u00edlia, n\u00e3o traz por certo a solu\u00e7\u00e3o de todos os problemas, mas \u00e9 uma ajuda espiritual que n\u00e3o se deve subestimar. Pode-se objetar que o Ros\u00e1rio parece uma ora\u00e7\u00e3o pouco adaptada ao gosto das crian\u00e7as e jovens de hoje. Mas a obje\u00e7\u00e3o parte talvez da forma muitas vezes pouco cuidada de o rezar. Ora, ressalvada a sua estrutura fundamental, nada impede que a recita\u00e7\u00e3o do Ros\u00e1rio para crian\u00e7as e jovens, tanto em fam\u00edlia como nos grupos, seja enriquecida com atrativos simb\u00f3licos e pr\u00e1ticos, que favore\u00e7am a sua compreens\u00e3o e valoriza\u00e7\u00e3o\u201d.\u00a0<\/span><span data-ccp-props=\"{&quot;134233117&quot;:true,&quot;134233118&quot;:false,&quot;201341983&quot;:0,&quot;335551550&quot;:6,&quot;335551620&quot;:6,&quot;335559739&quot;:0,&quot;335559740&quot;:360}\">\u00a0<\/span><\/p>\n","protected":false},"excerpt":{"rendered":"<p>Dom Leomar Brustolin Arcebispo de Santa Maria (RS) &nbsp; &nbsp; Recentemente circulou pelas redes sociais o depoimento de um importante cardiologista de S\u00e3o Paulo alertando que rezar faz bem \u00e0 sa\u00fade. Sim, inclusive indicou a ora\u00e7\u00e3o do ter\u00e7o como um dos fatores que leva certas popula\u00e7\u00f5es a uma vida longeva e com qualidade.\u00a0 Nestes tempos &hellip;<\/p>\n<p class=\"read-more\"> <a class=\"\" href=\"https:\/\/www.cnbb.org.br\/rezar-pela-paz-e-pelos-filhos\/\"> <span class=\"screen-reader-text\">Rezar pela paz e pelos filhos<\/span> Leia mais &raquo;<\/a><\/p>\n","protected":false},"author":46,"featured_media":0,"comment_status":"closed","ping_status":"closed","sticky":false,"template":"","format":"standard","meta":{"site-sidebar-layout":"default","site-content-layout":"default","ast-global-header-display":"","ast-banner-title-visibility":"","ast-main-header-display":"","ast-hfb-above-header-display":"","ast-hfb-below-header-display":"","ast-hfb-mobile-header-display":"","site-post-title":"","ast-breadcrumbs-content":"","ast-featured-img":"","footer-sml-layout":"","theme-transparent-header-meta":"default","adv-header-id-meta":"","stick-header-meta":"","header-above-stick-meta":"","header-main-stick-meta":"","header-below-stick-meta":""},"categories":[758],"tags":[],"acf":[],"_links":{"self":[{"href":"https:\/\/www.cnbb.org.br\/cnbb-app\/wp\/v2\/posts\/971600"}],"collection":[{"href":"https:\/\/www.cnbb.org.br\/cnbb-app\/wp\/v2\/posts"}],"about":[{"href":"https:\/\/www.cnbb.org.br\/cnbb-app\/wp\/v2\/types\/post"}],"author":[{"embeddable":true,"href":"https:\/\/www.cnbb.org.br\/cnbb-app\/wp\/v2\/users\/46"}],"replies":[{"embeddable":true,"href":"https:\/\/www.cnbb.org.br\/cnbb-app\/wp\/v2\/comments?post=971600"}],"version-history":[{"count":2,"href":"https:\/\/www.cnbb.org.br\/cnbb-app\/wp\/v2\/posts\/971600\/revisions"}],"predecessor-version":[{"id":971602,"href":"https:\/\/www.cnbb.org.br\/cnbb-app\/wp\/v2\/posts\/971600\/revisions\/971602"}],"wp:attachment":[{"href":"https:\/\/www.cnbb.org.br\/cnbb-app\/wp\/v2\/media?parent=971600"}],"wp:term":[{"taxonomy":"category","embeddable":true,"href":"https:\/\/www.cnbb.org.br\/cnbb-app\/wp\/v2\/categories?post=971600"},{"taxonomy":"post_tag","embeddable":true,"href":"https:\/\/www.cnbb.org.br\/cnbb-app\/wp\/v2\/tags?post=971600"}],"curies":[{"name":"wp","href":"https:\/\/api.w.org\/{rel}","templated":true}]}}