{"id":971659,"date":"2024-10-07T09:20:00","date_gmt":"2024-10-07T12:20:00","guid":{"rendered":"https:\/\/www.cnbb.org.br\/?p=971659"},"modified":"2024-10-07T09:21:53","modified_gmt":"2024-10-07T12:21:53","slug":"o-tema-do-cirio-de-nossa-senhora-de-nazare-2024-em-maraba","status":"publish","type":"post","link":"https:\/\/www.cnbb.org.br\/o-tema-do-cirio-de-nossa-senhora-de-nazare-2024-em-maraba\/","title":{"rendered":"O tema do C\u00edrio de Nossa Senhora de Nazar\u00e9 2024 em Marab\u00e1"},"content":{"rendered":"<p style=\"text-align: right;\"><strong>Dom Vital Corbellini<br \/>\nBispo de Marab\u00e1 (PA) <\/strong><span data-ccp-props=\"{&quot;335551550&quot;:2,&quot;335551620&quot;:2}\"><strong>\u00a0<\/strong><\/p>\n<p><\/span><\/p>\n<p style=\"text-align: justify;\"><span data-contrast=\"auto\">\u201c\u00d3 Maria, fortalecei a nossa fraternidade\u201d. Este \u00e9 o tema do quadrag\u00e9simo quarto C\u00edrio de Nossa Senhora de Nazar\u00e9 de Marab\u00e1, PA. Ele est\u00e1 ligado \u00e0 Campanha da Fraternidade 2024: Fraternidade e amizade social; V\u00f3s sois todos irm\u00e3os e irm\u00e3s (cf. Mt 23,8). N\u00f3s necessitamos de fraternidade e de vida, dons divinos para a continuidade da exist\u00eancia humana uma vez que n\u00f3s estamos vendo muitas guerras com muitas mortes de pessoas inocentes, nas quais n\u00f3s buscamos a paz entre as pessoas e os povos. A fraternidade \u00e9 o caminho do bem comum, do amor a Deus, ao pr\u00f3ximo como a si mesmo.\u00a0<\/span><span data-ccp-props=\"{&quot;335551550&quot;:6,&quot;335551620&quot;:6}\">\u00a0<\/span><\/p>\n<p style=\"text-align: justify;\"><span data-contrast=\"auto\">N\u00f3s dizemos: \u201c\u00d3 Maria\u201d: Tendo o c\u00edrio um teor mariano, n\u00f3s nos dirigimos a Maria, como a m\u00e3e do Filho de Deus que o gerou na carne. A nossa vida \u00e9 sempre uma s\u00faplica a Deus e ao mesmo tempo um agradecimento pelas gra\u00e7as alcan\u00e7adas. N\u00f3s pedimos a gra\u00e7a do perd\u00e3o de nossas faltas e ao mesmo tempo n\u00f3s saibamos perdoar os outros, o pr\u00f3ximo, a pessoa que nos ofendeu. N\u00f3s pedimos a gra\u00e7a do amar as pessoas, sobretudo aquelas mais pobres, as necessitadas e realizar obras de caridade para com as mesmas. Desta forma n\u00f3s nos dirigimos a Maria, como a nossa m\u00e3e querida. Rainha da Amaz\u00f4nia. A devo\u00e7\u00e3o \u00e0 Nossa Senhora de Nazar\u00e9 est\u00e1 bem presente em todo o Norte e Nordeste do Brasil, nos estados do Par\u00e1, Amaz\u00f4nia, Amap\u00e1, Acre, Rond\u00f4nia, Maranh\u00e3o, Tocantins e Roraima. N\u00f3s dizemos: \u00d3 Maria, como pessoas suplicantes, que fazem um caminho de vida e de santidade, lutam pelo bem, pela amizade social, pela paz e pelo amor. Maria foi uma mulher simples, humilde, mas bem atenta aos des\u00edgnios do Senhor para viver a sua vontade, para assim tornar-se, a m\u00e3e do Salvador, do Redentor.\u00a0<\/span><span data-ccp-props=\"{&quot;335551550&quot;:6,&quot;335551620&quot;:6}\">\u00a0<\/span><\/p>\n<p style=\"text-align: justify;\"><span data-contrast=\"auto\">Em seguida n\u00f3s dizemos: \u201cFortalecei\u201d. Este verbo vem de fortalecer cujo significado \u00e9 fortaleza, dar coragem, animar, consolidar. N\u00f3s somos criaturas pecadoras, mas com grande esp\u00edrito de ir para frente, de viver bem a nossa voca\u00e7\u00e3o, a nossa miss\u00e3o. Fortalecei tem o significado de fazer a miss\u00e3o com f\u00e9, com esperan\u00e7a e com caridade no mundo de hoje; ele diz respeito em dar a m\u00e3o no sentido de que Maria venha ao nosso encontro pela vida que levamos no cotidiano, entre desafios, esperan\u00e7as e muita vontade de acertar na vida. Sabemos que Maria foi uma criatura predileta por Deus Uno e Trino sem o pecado original para gerar na carne o Filho de Deus sem o pecado. Ela leva os nossos pedidos ao seu Filho Jesus Cristo, a fonte das gra\u00e7as.\u00a0\u00a0<\/span><span data-ccp-props=\"{&quot;335551550&quot;:6,&quot;335551620&quot;:6}\">\u00a0<\/span><\/p>\n<p style=\"text-align: justify;\"><span data-contrast=\"auto\">Em seguida n\u00f3s dizemos: \u201ca nossa fraternidade\u201d. N\u00f3s fazemos parte do mundo, de uma realidade marcada com viol\u00eancia, falta de fraternidade mas tamb\u00e9m existem muitas pessoas que buscam a pr\u00e1tica do amor fraterno e social. A Campanha da Fraternidade 2024 fala da amizade social na qual sejam superadas as barreiras para o dialogo, o contato com as pessoas, com os povos e com as comunidades. A amizade social para o Papa Francisco ultrapassa as barreiras da geografia e do espa\u00e7o; valoriza e ama a todas as pessoas; \u00e9 um amor desejoso de abra\u00e7ar a todos, comunica \u00e0 vida, o amor de Deus; \u00e9 viver livre de todo o desejo de dom\u00ednio sobre os outros; ela permite a construir uma grande fam\u00edlia; \u00e0 voca\u00e7\u00e3o humana para acolher e a cuidar de todas as pessoas; ela n\u00e3o exclui a ningu\u00e9m e \u00e9 a fraternidade aberta a todos (FT, n. 94). A amizade social \u00e9 o amor presente nas rela\u00e7\u00f5es sociais, entre as pessoas e os povos; \u00e9 o amor feito cultura. \u00c9 assumir a palavra de Jesus: todos v\u00f3s sois irm\u00e3os (Mt 23,8); (FT, n. 95). A amizade social \u00e9 a valoriza\u00e7\u00e3o ao direito \u00e0 vida, o direito ao seu desenvolvimento integral diante de migrantes, pobres, velhos, pessoas com defici\u00eancia, nascituros, desempregados. Para Francisco a amizade social \u00e9 o ant\u00eddoto diante do mundo fechado aos vulner\u00e1veis e improdutivos; \u00e9 a realiza\u00e7\u00e3o de rela\u00e7\u00f5es internacionais livres, unidade das na\u00e7\u00f5es, os poderes econ\u00f4micos estejam voltados ao bem comum (FT, n. 13-14). O ponto fundamental \u00e9 quanto vale um ser humano. A amizade n\u00e3o \u00e9 algo de exclusivismo, mas de abrir-se ao outro e a Deus. O amor social se traduz em atos de caridade, que criam institui\u00e7\u00f5es mais sadias e estruturas mais solid\u00e1rias. A pol\u00edtica \u00e9 o mais alto grau da caridade, para dar a pessoa ao emprego e a comida. Ele, o amor social, permite a abra\u00e7ar a fraternidade universal.\u00a0<\/span><span data-ccp-props=\"{&quot;335551550&quot;:6,&quot;335551620&quot;:6,&quot;335559731&quot;:708}\">\u00a0<\/span><\/p>\n<p style=\"text-align: justify;\"><span data-contrast=\"auto\">N\u00f3s falamos de \u201cnossa fraternidade\u201d, ponto de vista que vem da amizade social: N\u00f3s somos irm\u00e3s e irm\u00e3s porque recebemos a ado\u00e7\u00e3o filial em Jesus Cristo (cf. Rm 8,15-17). Cristo Jesus \u00e9 o modelo da conduta atrav\u00e9s do servi\u00e7o, da miseric\u00f3rdia, da abertura para com todas as pessoas. \u00c9 preciso ter os mesmos sentimentos que havia em Cristo Jesus (Fl 2,5). Para Jo\u00e3o, tudo \u00e9 dado pelo Mist\u00e9rio da encarna\u00e7\u00e3o do Verbo, na qual instituiu o mandamento do amor de Deus \u00e0 humanidade. O ponto claro \u00e9 que na Nova Alian\u00e7a em Jesus \u00e9 comunh\u00e3o na qual todos s\u00e3o irm\u00e3os, porque todos est\u00e3o unidos pelos v\u00ednculos do Mestre. Ao redor da mesa celebra-se o Sacramento da eucaristia, onde Jesus \u00e9 o Mestre, n\u00f3s somos disc\u00edpulos e disc\u00edpulas, na qual Ele \u00e9 o \u00fanico Senhor e Deus,\u00a0<\/span><span data-ccp-props=\"{&quot;335551550&quot;:6,&quot;335551620&quot;:6,&quot;335559731&quot;:708}\">\u00a0<\/span><\/p>\n<p style=\"text-align: justify;\"><span data-contrast=\"auto\">O tema \u00e9 importante para a reflex\u00e3o e a\u00e7\u00e3o no c\u00edrio de nossa senhora de Nazar\u00e9 para que o pedido dirigido a Maria ela fortale\u00e7a a nossa fraternidade seja na fam\u00edlia, na comunidade, na sociedade e para que n\u00f3s sejamos pessoas de bem, de amor de uns para com os outros. Milhares de pessoas vir\u00e3o ao nosso c\u00edrio de modo que manifestamos o valor da fraternidade em Maria e em Cristo Jesus. Elas sair\u00e3o do C\u00edrio para os seus lares, fam\u00edlias, comunidades, felizes por viverem a fraternidade em Maria e em Cristo Jesus.\u00a0<\/span><span data-ccp-props=\"{&quot;335551550&quot;:6,&quot;335551620&quot;:6,&quot;335559731&quot;:708}\">\u00a0<\/span><\/p>\n<p style=\"text-align: justify;\"><span data-contrast=\"auto\">N\u00f3s somos chamados divulgar o C\u00edrio para que mais pessoas venham ao encontro do mesmo, nos dias 19 e 20 de outubro em Marab\u00e1 como forma de express\u00e3o de nossa vida com Maria, porque ela fortale\u00e7a a nossa fraternidade. Deus seja louvado pelo quadrag\u00e9simo quarto C\u00edrio de nossa Senhora de Nazar\u00e9 de Marab\u00e1.\u00a0<\/span><span data-ccp-props=\"{&quot;335551550&quot;:6,&quot;335551620&quot;:6,&quot;335559731&quot;:708}\">\u00a0<\/span><\/p>\n","protected":false},"excerpt":{"rendered":"<p>Dom Vital Corbellini Bispo de Marab\u00e1 (PA) \u00a0 \u201c\u00d3 Maria, fortalecei a nossa fraternidade\u201d. Este \u00e9 o tema do quadrag\u00e9simo quarto C\u00edrio de Nossa Senhora de Nazar\u00e9 de Marab\u00e1, PA. Ele est\u00e1 ligado \u00e0 Campanha da Fraternidade 2024: Fraternidade e amizade social; V\u00f3s sois todos irm\u00e3os e irm\u00e3s (cf. Mt 23,8). N\u00f3s necessitamos de fraternidade &hellip;<\/p>\n<p class=\"read-more\"> <a class=\"\" href=\"https:\/\/www.cnbb.org.br\/o-tema-do-cirio-de-nossa-senhora-de-nazare-2024-em-maraba\/\"> <span class=\"screen-reader-text\">O tema do C\u00edrio de Nossa Senhora de Nazar\u00e9 2024 em Marab\u00e1<\/span> Leia mais &raquo;<\/a><\/p>\n","protected":false},"author":16,"featured_media":0,"comment_status":"closed","ping_status":"closed","sticky":false,"template":"","format":"standard","meta":{"site-sidebar-layout":"default","site-content-layout":"default","ast-global-header-display":"","ast-banner-title-visibility":"","ast-main-header-display":"","ast-hfb-above-header-display":"","ast-hfb-below-header-display":"","ast-hfb-mobile-header-display":"","site-post-title":"","ast-breadcrumbs-content":"","ast-featured-img":"","footer-sml-layout":"","theme-transparent-header-meta":"default","adv-header-id-meta":"","stick-header-meta":"","header-above-stick-meta":"","header-main-stick-meta":"","header-below-stick-meta":""},"categories":[758],"tags":[],"acf":[],"_links":{"self":[{"href":"https:\/\/www.cnbb.org.br\/cnbb-app\/wp\/v2\/posts\/971659"}],"collection":[{"href":"https:\/\/www.cnbb.org.br\/cnbb-app\/wp\/v2\/posts"}],"about":[{"href":"https:\/\/www.cnbb.org.br\/cnbb-app\/wp\/v2\/types\/post"}],"author":[{"embeddable":true,"href":"https:\/\/www.cnbb.org.br\/cnbb-app\/wp\/v2\/users\/16"}],"replies":[{"embeddable":true,"href":"https:\/\/www.cnbb.org.br\/cnbb-app\/wp\/v2\/comments?post=971659"}],"version-history":[{"count":1,"href":"https:\/\/www.cnbb.org.br\/cnbb-app\/wp\/v2\/posts\/971659\/revisions"}],"predecessor-version":[{"id":971660,"href":"https:\/\/www.cnbb.org.br\/cnbb-app\/wp\/v2\/posts\/971659\/revisions\/971660"}],"wp:attachment":[{"href":"https:\/\/www.cnbb.org.br\/cnbb-app\/wp\/v2\/media?parent=971659"}],"wp:term":[{"taxonomy":"category","embeddable":true,"href":"https:\/\/www.cnbb.org.br\/cnbb-app\/wp\/v2\/categories?post=971659"},{"taxonomy":"post_tag","embeddable":true,"href":"https:\/\/www.cnbb.org.br\/cnbb-app\/wp\/v2\/tags?post=971659"}],"curies":[{"name":"wp","href":"https:\/\/api.w.org\/{rel}","templated":true}]}}