{"id":971925,"date":"2024-10-10T17:05:13","date_gmt":"2024-10-10T20:05:13","guid":{"rendered":"https:\/\/www.cnbb.org.br\/?p=971925"},"modified":"2024-10-11T11:39:43","modified_gmt":"2024-10-11T14:39:43","slug":"cnbb-promove-encontro-para-fortalecer-participacao-catolica-em-conselhos-de-politicas-publicas","status":"publish","type":"post","link":"https:\/\/www.cnbb.org.br\/cnbb-promove-encontro-para-fortalecer-participacao-catolica-em-conselhos-de-politicas-publicas\/","title":{"rendered":"CNBB promove encontro para fortalecer participa\u00e7\u00e3o cat\u00f3lica em conselhos de pol\u00edticas p\u00fablicas"},"content":{"rendered":"<p style=\"text-align: justify;\">Representantes de diversas pastorais e organiza\u00e7\u00f5es da Igreja Cat\u00f3lica no Brasil, atuantes em conselhos de pol\u00edticas p\u00fablicas, re\u00fanem-se em Bras\u00edlia desde quarta, 10, at\u00e9 esta quinta-feira, 11 de outubro, para o Encontro Nacional de Conselheiros Nacionais de Pol\u00edticas P\u00fablicas. Promovido pela Comiss\u00e3o Episcopal para a A\u00e7\u00e3o Sociotransformadora (Cepast) da Confer\u00eancia Nacional dos Bispos do Brasil (CNBB), em parceria com o Centro Nacional de F\u00e9 e Pol\u00edtica Dom Helder C\u00e2mara (CEFEP), o encontro ocorre na Casa de Encontros Dom Luciano Mendes de Almeida e busca fortalecer a atua\u00e7\u00e3o destes conselheiros a partir da f\u00e9 crist\u00e3.<\/p>\n<p>O encontro visa promover a troca de experi\u00eancias entre os conselheiros, aprofundando a compreens\u00e3o de seu papel \u00e0 luz da Doutrina Social da Igreja e dialogando sobre o contexto social, pol\u00edtico e econ\u00f4mico atual, com foco nas pol\u00edticas p\u00fablicas. Busca-se, assim, fortalecer a coopera\u00e7\u00e3o para uma atua\u00e7\u00e3o mais eficaz nos conselhos de direitos.<\/p>\n<h3 style=\"text-align: justify;\">Espa\u00e7os importantes conquistados<\/h3>\n<blockquote>\n<p style=\"text-align: justify;\">Na abertura do encontro, o secret\u00e1rio-geral da CNBB, dom Ricardo Hoepers, agradeceu a dedica\u00e7\u00e3o dos participantes e enalteceu a import\u00e2ncia de sua atua\u00e7\u00e3o nos conselhos. &#8220;Sua presen\u00e7a e experi\u00eancia s\u00e3o fundamentais para a Igreja em espa\u00e7os desafiadores&#8221;, afirmou. Dom Ricardo ainda destacou que, gra\u00e7as ao esfor\u00e7o de cada conselheiro, a Igreja conquistou espa\u00e7os importantes na constru\u00e7\u00e3o do bem comum.<\/p>\n<p>\u201cAgrade\u00e7o tamb\u00e9m \u00e0 Comiss\u00e3o Sociotransformadora por esta iniciativa t\u00e3o importante. Ap\u00f3s um longo per\u00edodo de intera\u00e7\u00f5es virtuais, este encontro presencial, com a oportunidade de di\u00e1logo e partilha, se torna ainda mais necess\u00e1rio, e se alinha com o esp\u00edrito sinodal que o Papa Francisco nos convida a vivenciar\u201d, ressaltou.<\/p>\n<p>Dom Ricardo instigou os presentes a refletirem sobre a atua\u00e7\u00e3o da Igreja nos Conselhos Municipais, questionando: &#8220;Qual o impacto da nossa presen\u00e7a nesses espa\u00e7os? Como podemos melhorar nossa articula\u00e7\u00e3o e contribui\u00e7\u00e3o?&#8221;. O bispo observou ainda que a forma\u00e7\u00e3o tem sido fundamental para que os conselheiros impactem positivamente suas comunidades, desde o \u00e2mbito local at\u00e9 o internacional.<\/p><\/blockquote>\n<p>&nbsp;<\/p>\n<h3><img decoding=\"async\" loading=\"lazy\" class=\"aligncenter wp-image-971927 size-large\" src=\"https:\/\/www.cnbb.org.br\/wp-content\/uploads\/2024\/10\/Dom-Ricardo-conselhos-1024x695.jpg\" alt=\"\" width=\"1024\" height=\"695\" srcset=\"https:\/\/www.cnbb.org.br\/wp-content\/uploads\/2024\/10\/Dom-Ricardo-conselhos-1024x695.jpg 1024w, https:\/\/www.cnbb.org.br\/wp-content\/uploads\/2024\/10\/Dom-Ricardo-conselhos-300x204.jpg 300w, https:\/\/www.cnbb.org.br\/wp-content\/uploads\/2024\/10\/Dom-Ricardo-conselhos-768x521.jpg 768w, https:\/\/www.cnbb.org.br\/wp-content\/uploads\/2024\/10\/Dom-Ricardo-conselhos-500x339.jpg 500w, https:\/\/www.cnbb.org.br\/wp-content\/uploads\/2024\/10\/Dom-Ricardo-conselhos.jpg 1280w\" sizes=\"(max-width: 1024px) 100vw, 1024px\" \/><\/h3>\n<h3><\/h3>\n<h3 style=\"text-align: justify;\">Desafios e esperan\u00e7as<\/h3>\n<p style=\"text-align: justify;\">Na an\u00e1lise da conjuntura sociopol\u00edtica, os participantes debateram sobre os desafios e as esperan\u00e7as em rela\u00e7\u00e3o \u00e0 incid\u00eancia das pol\u00edticas p\u00fablicas no Brasil. A polariza\u00e7\u00e3o e a disparidade social foram apontadas como obst\u00e1culos a serem superados, enquanto a crescente participa\u00e7\u00e3o cidad\u00e3 nos Conselhos de Direito foi destacada como um sinal positivo. O grupo refor\u00e7ou a necessidade de avan\u00e7ar na efetiva\u00e7\u00e3o das demandas da sociedade civil e defendeu uma atua\u00e7\u00e3o cr\u00edtica e propositiva nos Conselhos, com o objetivo de influenciar as pol\u00edticas p\u00fablicas e construir uma sociedade mais justa e democr\u00e1tica.<\/p>\n<p>Segundo Odete Rigoto, Coordenadora pedag\u00f3gica do CEFEP, a falta de preparo e conscientiza\u00e7\u00e3o dos conselheiros \u00e9 um dos grandes obst\u00e1culos para o bom funcionamento destes espa\u00e7os de participa\u00e7\u00e3o criados pela Constitui\u00e7\u00e3o. Mesmo sendo um direito garantido, a participa\u00e7\u00e3o da sociedade civil nesses espa\u00e7os ainda \u00e9 enfraquecida pela falta de compreens\u00e3o do papel e da import\u00e2ncia que os conselheiros exercem.<\/p>\n<p>Para ela, a forma\u00e7\u00e3o de conselheiros engajados \u00e9 crucial para fortalecer os conselhos e garantir a participa\u00e7\u00e3o ativa da sociedade civil nas decis\u00f5es pol\u00edticas, contribuindo para uma gest\u00e3o mais eficiente e transparente dos recursos p\u00fablicos.<\/p>\n<h3 style=\"text-align: justify;\">Crise dos f\u00f3runs de pol\u00edticas<\/h3>\n<p style=\"text-align: justify;\">Alessandra Miranda, assessora da Cepast CNBB, provocou uma importante reflex\u00e3o sobre o enfraquecimento dos f\u00f3runs de pol\u00edticas p\u00fablicas. Esses espa\u00e7os, essenciais para a democracia participativa, re\u00fanem diversos atores sociais para debater e propor solu\u00e7\u00f5es para quest\u00f5es relevantes da sociedade, mas t\u00eam perdido for\u00e7a na formula\u00e7\u00e3o, implementa\u00e7\u00e3o e avalia\u00e7\u00e3o de pol\u00edticas p\u00fablicas.<\/p>\n<p style=\"text-align: justify;\">Segundo Alessandra, essa perda de influ\u00eancia impacta diretamente a atua\u00e7\u00e3o da Igreja Cat\u00f3lica nos conselhos. Apesar de ter um grande n\u00famero de representantes nesses espa\u00e7os, a presen\u00e7a e a influ\u00eancia da Igreja ainda s\u00e3o pouco compreendidas e mapeadas. &#8220;\u00c9 crucial documentar essa participa\u00e7\u00e3o para entendermos melhor seu impacto nas pol\u00edticas p\u00fablicas&#8221;, defendeu a assessora.<\/p>\n<p style=\"text-align: justify;\">Outro ponto destacado por Alessandra Miranda foi a quest\u00e3o do or\u00e7amento e das emendas parlamentares. Para ela, compreender o funcionamento das emendas \u00e9 fundamental para utiliz\u00e1-las de forma estrat\u00e9gica e transparente na busca por recursos para organiza\u00e7\u00f5es e movimentos sociais, sempre com responsabilidade e compromisso.<\/p>\n<p style=\"text-align: justify;\">A assessora tamb\u00e9m apontou como a polariza\u00e7\u00e3o entre vis\u00f5es progressistas e conservadoras impacta os conselheiros da Igreja Cat\u00f3lica. Segundo Alessandra, isso gera conflitos e inseguran\u00e7as, dificultando o reconhecimento e a atua\u00e7\u00e3o efetiva desses membros nos conselhos, especialmente aqueles que trabalham na base, longe do apoio institucional. Essa realidade prejudica a representatividade e a capacidade da Igreja de defender os valores do Evangelho e da Doutrina Social da Igreja, nos espa\u00e7os de constru\u00e7\u00e3o de pol\u00edticas p\u00fablicas, de modo especial para os empobrecidos e marginalizados.<\/p>\n<p style=\"text-align: justify;\">Com uma programa\u00e7\u00e3o que une f\u00e9 e a\u00e7\u00e3o, o encontro se encerra amanh\u00e3, inspirando os conselheiros a levarem os valores crist\u00e3os para o debate p\u00fablico e contribu\u00edrem ativamente na constru\u00e7\u00e3o de pol\u00edticas p\u00fablicas que promovam o bem comum.<\/p>\n<pre>Por Osnilda Lima - Comunica\u00e7\u00e3o da Cepast CNBB<\/pre>\n","protected":false},"excerpt":{"rendered":"<p>Promovido pela Comiss\u00e3o Episcopal para a A\u00e7\u00e3o Sociotransformadora (Cepast) da Confer\u00eancia Nacional dos Bispos do Brasil (CNBB), em parceria com o Centro Nacional de F\u00e9 e Pol\u00edtica Dom Helder C\u00e2mara (CEFEP), o encontro ocorre na Casa de Encontros Dom Luciano Mendes de Almeida<\/p>\n","protected":false},"author":142,"featured_media":971926,"comment_status":"closed","ping_status":"closed","sticky":false,"template":"","format":"standard","meta":{"site-sidebar-layout":"default","site-content-layout":"default","ast-global-header-display":"","ast-banner-title-visibility":"","ast-main-header-display":"","ast-hfb-above-header-display":"","ast-hfb-below-header-display":"","ast-hfb-mobile-header-display":"","site-post-title":"","ast-breadcrumbs-content":"","ast-featured-img":"","footer-sml-layout":"","theme-transparent-header-meta":"default","adv-header-id-meta":"","stick-header-meta":"","header-above-stick-meta":"","header-main-stick-meta":"","header-below-stick-meta":""},"categories":[863,50],"tags":[5755,2403],"acf":[],"_links":{"self":[{"href":"https:\/\/www.cnbb.org.br\/cnbb-app\/wp\/v2\/posts\/971925"}],"collection":[{"href":"https:\/\/www.cnbb.org.br\/cnbb-app\/wp\/v2\/posts"}],"about":[{"href":"https:\/\/www.cnbb.org.br\/cnbb-app\/wp\/v2\/types\/post"}],"author":[{"embeddable":true,"href":"https:\/\/www.cnbb.org.br\/cnbb-app\/wp\/v2\/users\/142"}],"replies":[{"embeddable":true,"href":"https:\/\/www.cnbb.org.br\/cnbb-app\/wp\/v2\/comments?post=971925"}],"version-history":[{"count":5,"href":"https:\/\/www.cnbb.org.br\/cnbb-app\/wp\/v2\/posts\/971925\/revisions"}],"predecessor-version":[{"id":971962,"href":"https:\/\/www.cnbb.org.br\/cnbb-app\/wp\/v2\/posts\/971925\/revisions\/971962"}],"wp:featuredmedia":[{"embeddable":true,"href":"https:\/\/www.cnbb.org.br\/cnbb-app\/wp\/v2\/media\/971926"}],"wp:attachment":[{"href":"https:\/\/www.cnbb.org.br\/cnbb-app\/wp\/v2\/media?parent=971925"}],"wp:term":[{"taxonomy":"category","embeddable":true,"href":"https:\/\/www.cnbb.org.br\/cnbb-app\/wp\/v2\/categories?post=971925"},{"taxonomy":"post_tag","embeddable":true,"href":"https:\/\/www.cnbb.org.br\/cnbb-app\/wp\/v2\/tags?post=971925"}],"curies":[{"name":"wp","href":"https:\/\/api.w.org\/{rel}","templated":true}]}}