{"id":971993,"date":"2024-10-11T15:30:12","date_gmt":"2024-10-11T18:30:12","guid":{"rendered":"https:\/\/www.cnbb.org.br\/?p=971993"},"modified":"2024-10-11T15:30:12","modified_gmt":"2024-10-11T18:30:12","slug":"na-segunda-feira-14-de-outubro-cnbb-celebra-72-de-anos-de-servico-a-igreja-e-a-sociedade","status":"publish","type":"post","link":"https:\/\/www.cnbb.org.br\/na-segunda-feira-14-de-outubro-cnbb-celebra-72-de-anos-de-servico-a-igreja-e-a-sociedade\/","title":{"rendered":"Na segunda-feira, 14 de outubro, CNBB celebra 72 de anos de servi\u00e7o \u00e0 Igreja e \u00e0 sociedade"},"content":{"rendered":"<p style=\"text-align: justify;\">Na pr\u00f3xima segunda-feira, 14 de outubro, a Confer\u00eancia Nacional dos Bispos do Brasil (CNBB) completa 72 anos. Um slogan foi escolhido para marcar esta data: &#8220;CNBB: 72 anos de servi\u00e7o \u00e0 Igreja e \u00e0 sociedade&#8221;. \u00c0s 11h, na capela Nossa Senhora Aparecida, na sede da CNBB, em Bras\u00edlia, o arcebispo de Goi\u00e2nia e primeiro vice-presidente da CNBB, dom Jo\u00e3o Justino de Medeiros silva, presidir\u00e1 a missa de celebra\u00e7\u00e3o dos 72 anos da Confer\u00eancia. A celebra\u00e7\u00e3o ser\u00e1 transmitida nas redes sociais da CNBB.<\/p>\n<h3>72 anos de servi\u00e7o \u00e0 Igreja e \u00e0 sociedade<\/h3>\n<p>No \u00e1udio abaixo, o bispo auxiliar de Bras\u00edlia e secret\u00e1rio-geral da CNBB, dom Ricardo Hoepers, fala sobre o significado do anivers\u00e1rio de 72 anos da CNBB e convida para este momento de celebra\u00e7\u00e3o e a\u00e7\u00e3o de gra\u00e7as pela vida Confer\u00eancia:<\/p>\n<p>&nbsp;<\/p>\n<!--[if lt IE 9]><script>document.createElement('audio');<\/script><![endif]-->\n<audio class=\"wp-audio-shortcode\" id=\"audio-971993-1\" preload=\"none\" style=\"width: 100%;\" controls=\"controls\"><source type=\"audio\/ogg\" src=\"https:\/\/www.cnbb.org.br\/wp-content\/uploads\/2024\/10\/Dom-Ricardo-fala-sobre-os-72-anos-da-CNBB.ogg?_=1\" \/><a href=\"https:\/\/www.cnbb.org.br\/wp-content\/uploads\/2024\/10\/Dom-Ricardo-fala-sobre-os-72-anos-da-CNBB.ogg\">https:\/\/www.cnbb.org.br\/wp-content\/uploads\/2024\/10\/Dom-Ricardo-fala-sobre-os-72-anos-da-CNBB.ogg<\/a><\/audio>\n<p>&nbsp;<\/p>\n<blockquote>\n<p style=\"text-align: justify;\">&#8220;Queridos irm\u00e3os e irm\u00e3s, queremos celebrar com alegria os 72 anos de cria\u00e7\u00e3o da CNBB. \u00c9 um momento importante de revermos com mem\u00f3ria agradecida este passado de conquistas e hist\u00f3rias significativas para Igreja no Brasil com todo o envolvimento e, acima de tudo, todo o esfor\u00e7o que os bispos do Brasil de gera\u00e7\u00e3o em gera\u00e7\u00e3o v\u00eam buscando conquistar cada vez mais. Como os princ\u00edpios de \u00e9tica, solidariedade, fraternidade, justi\u00e7a e paz para todo o pa\u00eds&#8221;, disse.<\/p>\n<\/blockquote>\n<p style=\"text-align: justify;\">Sendo a Confer\u00eancia que congrega o maior episcopado do mundo, dom Ricardo refor\u00e7ou que a CNBB, nestes 72 anos, se coloca ainda mais a servi\u00e7o \u00e0 sociedade brasileira. &#8220;Os bispos do Brasil s\u00e3o esta for\u00e7a de unidade, comunh\u00e3o e tamb\u00e9m de fraternidade que buscam unir cada vez mais unir todas as comunudades, dioceses e regionais, na mesma perspectiva: &#8220;Evangelizar&#8221;\u00a0 para que todos sigamos o que nosso Senhor Jesus Cristo nos mandou: &#8220;ide e pregai o Evangelho a toda criatura&#8221;, disse.<\/p>\n<p>&nbsp;<\/p>\n<p>&nbsp;<\/p>\n<p style=\"text-align: justify;\">\n","protected":false},"excerpt":{"rendered":"<p>Na pr\u00f3xima segunda-feira, 14 de outubro, a Confer\u00eancia Nacional dos Bispos do Brasil (CNBB) completa 72 anos. Um slogan foi escolhido para marcar esta data: &#8220;CNBB: 72 anos de servi\u00e7o \u00e0 Igreja e \u00e0 sociedade&#8221;. \u00c0s 11h, na capela Nossa Senhora Aparecida, na sede da CNBB, em Bras\u00edlia, o arcebispo de Goi\u00e2nia e primeiro vice-presidente &hellip;<\/p>\n<p class=\"read-more\"> <a class=\"\" href=\"https:\/\/www.cnbb.org.br\/na-segunda-feira-14-de-outubro-cnbb-celebra-72-de-anos-de-servico-a-igreja-e-a-sociedade\/\"> <span class=\"screen-reader-text\">Na segunda-feira, 14 de outubro, CNBB celebra 72 de anos de servi\u00e7o \u00e0 Igreja e \u00e0 sociedade<\/span> Leia mais &raquo;<\/a><\/p>\n","protected":false},"author":142,"featured_media":972006,"comment_status":"closed","ping_status":"closed","sticky":false,"template":"","format":"standard","meta":{"site-sidebar-layout":"default","site-content-layout":"default","ast-global-header-display":"","ast-banner-title-visibility":"","ast-main-header-display":"","ast-hfb-above-header-display":"","ast-hfb-below-header-display":"","ast-hfb-mobile-header-display":"","site-post-title":"","ast-breadcrumbs-content":"","ast-featured-img":"","footer-sml-layout":"","theme-transparent-header-meta":"default","adv-header-id-meta":"","stick-header-meta":"","header-above-stick-meta":"","header-main-stick-meta":"","header-below-stick-meta":""},"categories":[1840,2693],"tags":[5758],"acf":[],"_links":{"self":[{"href":"https:\/\/www.cnbb.org.br\/cnbb-app\/wp\/v2\/posts\/971993"}],"collection":[{"href":"https:\/\/www.cnbb.org.br\/cnbb-app\/wp\/v2\/posts"}],"about":[{"href":"https:\/\/www.cnbb.org.br\/cnbb-app\/wp\/v2\/types\/post"}],"author":[{"embeddable":true,"href":"https:\/\/www.cnbb.org.br\/cnbb-app\/wp\/v2\/users\/142"}],"replies":[{"embeddable":true,"href":"https:\/\/www.cnbb.org.br\/cnbb-app\/wp\/v2\/comments?post=971993"}],"version-history":[{"count":2,"href":"https:\/\/www.cnbb.org.br\/cnbb-app\/wp\/v2\/posts\/971993\/revisions"}],"predecessor-version":[{"id":972005,"href":"https:\/\/www.cnbb.org.br\/cnbb-app\/wp\/v2\/posts\/971993\/revisions\/972005"}],"wp:featuredmedia":[{"embeddable":true,"href":"https:\/\/www.cnbb.org.br\/cnbb-app\/wp\/v2\/media\/972006"}],"wp:attachment":[{"href":"https:\/\/www.cnbb.org.br\/cnbb-app\/wp\/v2\/media?parent=971993"}],"wp:term":[{"taxonomy":"category","embeddable":true,"href":"https:\/\/www.cnbb.org.br\/cnbb-app\/wp\/v2\/categories?post=971993"},{"taxonomy":"post_tag","embeddable":true,"href":"https:\/\/www.cnbb.org.br\/cnbb-app\/wp\/v2\/tags?post=971993"}],"curies":[{"name":"wp","href":"https:\/\/api.w.org\/{rel}","templated":true}]}}