{"id":9721,"date":"2011-09-13T00:00:00","date_gmt":"2011-09-13T03:00:00","guid":{"rendered":"https:\/\/www.cnbb.org.br\/pastorais-sociais-discutem-impactos-das-grandes-obras-no-clima\/"},"modified":"2011-09-13T00:00:00","modified_gmt":"2011-09-13T03:00:00","slug":"pastorais-sociais-discutem-impactos-das-grandes-obras-no-clima","status":"publish","type":"post","link":"https:\/\/www.cnbb.org.br\/pastorais-sociais-discutem-impactos-das-grandes-obras-no-clima\/","title":{"rendered":"Pastorais Sociais discutem impactos das grandes obras no clima"},"content":{"rendered":"<p style=\"text-align: justify\">Na sexta-feira, 16, Pastorais e Movimentos Sociais realizar\u00e3o semin\u00e1rio sobre os impactos socioambientais dos grandes projetos existentes no Cear\u00e1, onde a\u00e7\u00f5es do agro e hidroneg\u00f3cios, de minera\u00e7\u00e3o, infraestrutura, transposi\u00e7\u00e3o de \u00e1guas, turismo e eventos desestruturam, expulsam ou amea\u00e7am a qualidade de vida da popula\u00e7\u00e3o. O encontro acontece no Centro de Pastoral Maria M\u00e3e da Igreja e tem, em sua programa\u00e7\u00e3o, momentos de discuss\u00e3o em grupo e de constru\u00e7\u00e3o de estrat\u00e9gias de mapeamento das problem\u00e1ticas abordadas.<\/p>\n<p><!--more--><\/p>\n<p style=\"text-align: justify\">Diante da crise ambiental que atinge o mundo hoje e que revela os limites da l\u00f3gica de desenvolvimento que vem sendo implementada, os participantes discutir\u00e3o tamb\u00e9m as mudan\u00e7as clim\u00e1ticas potencializadas por essas grandes obras. No centro da discuss\u00e3o, tamb\u00e9m est\u00e1 a participa\u00e7\u00e3o da popula\u00e7\u00e3o na defini\u00e7\u00e3o das pol\u00edticas p\u00fablicas, pois muitos dos projetos, como a transposi\u00e7\u00e3o do S\u00e3o Francisco, a instala\u00e7\u00e3o de e\u00f3licas e a realiza\u00e7\u00e3o das obras para a Copa do Mundo de 2014, contam com o apoio de governos e empresas que, para efetiv\u00e1-los, n\u00e3o levam em considera\u00e7\u00e3o a necess\u00e1ria participa\u00e7\u00e3o das comunidades nos processos de decis\u00e3o sobre o destino e a utiliza\u00e7\u00e3o de seus territ\u00f3rios tradicionais.<\/p>\n<p style=\"text-align: justify\">Pretende-se, com o semin\u00e1rio, base de um encontro sobre o tema, que deve ocorrer no pr\u00f3ximo ano, compartilhar discuss\u00f5es e criar uma articula\u00e7\u00e3o regional de den\u00fancia e enfrentamento desses problemas. Para atingir esse objeto, o encontro reunir\u00e1 representantes de comunidades, pastorais e movimentos sociais para possibilitar a integra\u00e7\u00e3o pol\u00edtica, cultural e a troca de experi\u00eancias; e debater os problemas socioambientais e para a sa\u00fade humana, com foco nos impactos gerados localmente e nas mudan\u00e7as clim\u00e1ticas.<\/p>\n<p style=\"text-align: justify\">O evento \u00e9 uma realiza\u00e7\u00e3o das Pastorais Sociais, C\u00e1ritas do Regional Nordeste 1 (Cear\u00e1) e da Equipe de Anima\u00e7\u00e3o das Campanhas da arquidiocese de Fortaleza, organiza\u00e7\u00f5es que buscam, atrav\u00e9s da constru\u00e7\u00e3o de estrat\u00e9gias comuns de enfrentamento, tornar gesto concreto a Campanha da Fraternidade 2011, que aborda o tema das mudan\u00e7as clim\u00e1ticas e do aquecimento global. Conta com a parceria da Rede Nacional de Advogados Populares, Movimento dos Trabalhadores Sem Terra, Rede Brasileira de Justi\u00e7a Ambiental, F\u00f3rum Cearense de Mulheres, Instituto Terramar, F\u00f3rum de Defesa da Zona Costeira do Cear\u00e1, Via Campesina, Frente Cearense por uma nova cultura das \u00e1guas e contra a transposi\u00e7\u00e3o do Rio S\u00e3o Francisco, C\u00e1ritas Arquidiocesana de Fortaleza e N\u00facleo TRAMAS. Tem ainda o apoio do Fundo Arquidiocesano de Solidariedade.<\/p>\n<p style=\"text-align: justify\">Mais informa\u00e7\u00f5es: Ormezita \u2013 (85) 8800.1443 \/ Regilv\u00e2nia: (85) 9934.3903<\/p>\n","protected":false},"excerpt":{"rendered":"<p>Na sexta-feira, 16, Pastorais e Movimentos Sociais realizar\u00e3o semin\u00e1rio sobre os impactos socioambientais dos grandes projetos existentes no Cear\u00e1, onde a\u00e7\u00f5es do agro e hidroneg\u00f3cios, de minera\u00e7\u00e3o, infraestrutura, transposi\u00e7\u00e3o de \u00e1guas, turismo e eventos desestruturam, expulsam ou amea\u00e7am a qualidade de vida da popula\u00e7\u00e3o. O encontro acontece no Centro de Pastoral Maria M\u00e3e da Igreja &hellip;<\/p>\n<p class=\"read-more\"> <a class=\"\" href=\"https:\/\/www.cnbb.org.br\/pastorais-sociais-discutem-impactos-das-grandes-obras-no-clima\/\"> <span class=\"screen-reader-text\">Pastorais Sociais discutem impactos das grandes obras no clima<\/span> Leia mais &raquo;<\/a><\/p>\n","protected":false},"author":83,"featured_media":9722,"comment_status":"open","ping_status":"open","sticky":false,"template":"","format":"standard","meta":{"site-sidebar-layout":"default","site-content-layout":"default","ast-global-header-display":"","ast-banner-title-visibility":"","ast-main-header-display":"","ast-hfb-above-header-display":"","ast-hfb-below-header-display":"","ast-hfb-mobile-header-display":"","site-post-title":"","ast-breadcrumbs-content":"","ast-featured-img":"","footer-sml-layout":"","theme-transparent-header-meta":"","adv-header-id-meta":"","stick-header-meta":"","header-above-stick-meta":"","header-main-stick-meta":"","header-below-stick-meta":""},"categories":[863,748],"tags":[],"acf":[],"_links":{"self":[{"href":"https:\/\/www.cnbb.org.br\/cnbb-app\/wp\/v2\/posts\/9721"}],"collection":[{"href":"https:\/\/www.cnbb.org.br\/cnbb-app\/wp\/v2\/posts"}],"about":[{"href":"https:\/\/www.cnbb.org.br\/cnbb-app\/wp\/v2\/types\/post"}],"author":[{"embeddable":true,"href":"https:\/\/www.cnbb.org.br\/cnbb-app\/wp\/v2\/users\/83"}],"replies":[{"embeddable":true,"href":"https:\/\/www.cnbb.org.br\/cnbb-app\/wp\/v2\/comments?post=9721"}],"version-history":[{"count":0,"href":"https:\/\/www.cnbb.org.br\/cnbb-app\/wp\/v2\/posts\/9721\/revisions"}],"wp:featuredmedia":[{"embeddable":true,"href":"https:\/\/www.cnbb.org.br\/cnbb-app\/wp\/v2\/media\/9722"}],"wp:attachment":[{"href":"https:\/\/www.cnbb.org.br\/cnbb-app\/wp\/v2\/media?parent=9721"}],"wp:term":[{"taxonomy":"category","embeddable":true,"href":"https:\/\/www.cnbb.org.br\/cnbb-app\/wp\/v2\/categories?post=9721"},{"taxonomy":"post_tag","embeddable":true,"href":"https:\/\/www.cnbb.org.br\/cnbb-app\/wp\/v2\/tags?post=9721"}],"curies":[{"name":"wp","href":"https:\/\/api.w.org\/{rel}","templated":true}]}}