{"id":972111,"date":"2024-10-15T12:03:11","date_gmt":"2024-10-15T15:03:11","guid":{"rendered":"https:\/\/www.cnbb.org.br\/?p=972111"},"modified":"2024-10-15T12:03:45","modified_gmt":"2024-10-15T15:03:45","slug":"um-texto-biblico-de-sao-joao-para-o-cirio-de-nossa-senhora-de-nazare","status":"publish","type":"post","link":"https:\/\/www.cnbb.org.br\/um-texto-biblico-de-sao-joao-para-o-cirio-de-nossa-senhora-de-nazare\/","title":{"rendered":"Um texto b\u00edblico de S\u00e3o Jo\u00e3o para o C\u00edrio de Nossa Senhora de Nazar\u00e9"},"content":{"rendered":"<p style=\"text-align: right;\"><strong>Dom Vital Corbellini<br \/>\nBispo de Marab\u00e1 (PA) \u00a0<\/strong><\/p>\n<p>&nbsp;<\/p>\n<p>&nbsp;<\/p>\n<p style=\"text-align: justify;\"><span data-contrast=\"auto\">Nestes dias de C\u00edrio de Nossa Senhora de Nazar\u00e9 refletimos na liturgia, diversos textos b\u00edblicos marianos que s\u00e3o Palavras de Deus para as nossas vidas, em vista da convers\u00e3o necess\u00e1ria na fam\u00edlia, na comunidade e na sociedade. Maria foi a mulher escolhida por Deus para ser a m\u00e3e do Salvador, do Redentor. A liga\u00e7\u00e3o entre Jesus e Maria, \u00e9 muito forte porque Maria leva os pedidos das pessoas ao seu Filho, Jesus Cristo.\u00a0<\/span><span data-ccp-props=\"{&quot;335551550&quot;:6,&quot;335551620&quot;:6}\">\u00a0<\/span><\/p>\n<p style=\"text-align: justify;\"><span data-contrast=\"auto\">O C\u00edrio e o texto de S\u00e3o Jo\u00e3o<\/span><\/p>\n<p style=\"text-align: justify;\"><span data-contrast=\"auto\">O C\u00edrio de Nazar\u00e9 \u00e9 uma multid\u00e3o de pessoas que caminha nas ruas para rezar, louvar a Nossa Senhora, o seu Filho Jesus Cristo. \u00c9 muito bonita a manifesta\u00e7\u00e3o popular da f\u00e9 crist\u00e3, feita com esperan\u00e7a e com caridade. A liturgia coloca textos relacionados a Maria, para serem refletidos, vivenciados. Um dos textos \u00e9 o de Jo 2,1-11, na qual fala do vinho que veio a faltar na festa de casamento, o primeiro milagre, sinal de Jesus na transforma\u00e7\u00e3o da \u00e1gua em vinho e o vinho melhor que chegou ao fim,\u00a0<\/span><span data-ccp-props=\"{&quot;335551550&quot;:6,&quot;335551620&quot;:6,&quot;335559731&quot;:708}\">\u00a0<\/span><\/p>\n<p style=\"text-align: justify;\"><span data-contrast=\"auto\">A falta do vinho e a s\u00faplica de sua m\u00e3e a Jesus<\/span><\/p>\n<p style=\"text-align: justify;\"><span data-contrast=\"auto\">Em Can\u00e1 da Galil\u00e9ia, naquela festa de matrim\u00f4nio, estavam presentes Maria, a m\u00e3e de Jesus, as pessoas convidadas, Jesus e os seus disc\u00edpulos. Santo Agostinho afirmou que Jesus veio a este mundo para as n\u00fapcias, para a encarna\u00e7\u00e3o com a humanidade e redimi-la<\/span><span data-contrast=\"auto\">.\u00a0<\/span><span data-ccp-props=\"{&quot;335551550&quot;:6,&quot;335551620&quot;:6,&quot;335559731&quot;:708}\">\u00a0<\/span><\/p>\n<p style=\"text-align: justify;\"><span data-contrast=\"auto\">Nesta festa veio faltar o vinho.\u00a0 Sempre atenta \u00e0s coisas, Maria pediu ao seu Filho para que a festa continuasse da forma melhor, dizendo a Ele que o vinho veio a faltar. Ela fez s\u00faplica junto ao Filho Jesus Cristo, o qual este falou para ela de mulher, s\u00edmbolo da comunidade, como conseq\u00fc\u00eancia da alian\u00e7a nova que se formou em Jesus Cristo. Santo Agostinho afirmou: \u201cNosso Senhor Jesus Cristo era, ao mesmo tempo, Deus e homem. Como Deus, n\u00e3o tinha m\u00e3e, mas, como homem, a tinha. Ela era m\u00e3e da carne, m\u00e3e da humanidade, m\u00e3e da fraqueza que Ele assumiu por n\u00f3s\u201d.<\/span><\/p>\n<p style=\"text-align: justify;\"><span data-contrast=\"auto\">A hora de Jesus<\/span><\/p>\n<p style=\"text-align: justify;\"><span data-contrast=\"auto\">Jesus disse a Maria que a sua hora ainda n\u00e3o chegou, afirma\u00e7\u00e3o esta significando que a sua doa\u00e7\u00e3o com os outros se far\u00e1 de uma forma total, em vista da salva\u00e7\u00e3o da humanidade. Na realidade a sua hora para acontecer na sua morte e ressurrei\u00e7\u00e3o ser\u00e1 quando Ele nos reconciliar\u00e1 com Deus. O bispo de Hipona disse que a sua hora ainda n\u00e3o chegou, porque \u201cJesus tinha o poder de escolher quando morreria e via que ainda n\u00e3o era oportuno fazer uso daquele poder\u201d<\/span><span data-contrast=\"auto\">3<\/span><span data-contrast=\"auto\">. Em seguida Maria disse aos servos para fazer tudo o que Ele diria. Maria possu\u00eda uma confian\u00e7a em si que o Filho realizaria o grande milagre.\u00a0<\/span><\/p>\n<p style=\"text-align: justify;\"><span data-contrast=\"auto\">O vinho melhor<\/span><\/p>\n<p style=\"text-align: justify;\"><span data-contrast=\"auto\">O vinho melhor veio ao fim. Jesus \u00e9 o vinho melhor que d\u00e1 sabor \u00e0s coisas e a vida na realidade humana. Este fato significou que Jesus fez bem todas as coisas; Ele as transformou para melhor. Com Jesus as rela\u00e7\u00f5es humanas tornaram-se amig\u00e1veis, pois tanto na sua prega\u00e7\u00e3o terrena como o seu sacrif\u00edcio sobre a cruz Ele fez a amizade com todas as pessoas, dos homens entre si e com Deus. Santo Agostinho afirmou que pelo fato de que o mestre sala ter dito para o noivo que ele reservou o vinho melhor, representou a pessoa do Senhor Jesus, que guardou o bom vinho at\u00e9 aquele momento, isto \u00e9 a sua palavra de salva\u00e7\u00e3o, o seu Evangelho.<\/span><\/p>\n<p style=\"text-align: justify;\"><span data-contrast=\"auto\">O primeiro sinal<\/span><\/p>\n<p style=\"text-align: justify;\"><span data-contrast=\"auto\">\u00a0<\/span> <span data-contrast=\"auto\">Sem duvida, Jo\u00e3o mostrou o primeiro milagre em um contesto de matrim\u00f4nio pelo fato de que se o casamento \u00e9 um compromisso entre duas pessoas, homem e mulher, a encarna\u00e7\u00e3o do Verbo \u00e9 o casamento de Deus com a humanidade, realizando-a de uma maneira definitiva na pessoa de Jesus Deus e Homem. Sem Jesus o povo teria um casamento sem o vinho, sem o elemento festivo por excel\u00eancia que era o vinho. O relato tamb\u00e9m trouxe presente a prefigura\u00e7\u00e3o da nova e eterna alian\u00e7a de Deus com o povo em Jesus Cristo que ser\u00e1 realizada na sua morte gloriosa sobre a cruz e a sua ressurrei\u00e7\u00e3o. No fim do texto, Jo\u00e3o colocou um ponto importante afirmando que aquele sinal foi o inicio dos milagres de Jesus.<\/span><\/p>\n<p style=\"text-align: justify;\"><span data-contrast=\"auto\">Sinais joaninos<\/span><\/p>\n<p style=\"text-align: justify;\"><span data-contrast=\"auto\">Este foi o elemento modelo de todos os outros sinais; na realidade os sinais joaninos s\u00e3o a\u00e7\u00f5es que manifestaram a gl\u00f3ria de Jesus Cristo recebida de Deus-Pai e assim permitia a f\u00e9 n\u2019Ele enquanto Filho de Deus e Filho do Homem. Os seus disc\u00edpulos creram em Jesus Cristo, enriquecendo-se das suas coisas. Os sinais que Jesus realizou levavam as pessoas a ades\u00e3o \u00e0 sua Pessoa de modo que o Reino de Deus se manifestou em Jesus Cristo.\u00a0<\/span><span data-ccp-props=\"{&quot;335551550&quot;:6,&quot;335551620&quot;:6,&quot;335559731&quot;:708}\">\u00a0<\/span><\/p>\n<p style=\"text-align: justify;\"><span data-contrast=\"auto\">Este texto refletido no c\u00edrio de Nazar\u00e9, reforce a palavra de Deus, em vista do caminho da convers\u00e3o. N\u00f3s somos convidados a participar do grande acontecimento mariano realizado no Estado do Par\u00e1 como forma de seguimento a Jesus Cristo, na viv\u00eancia da f\u00e9, esperan\u00e7a e caridade. Maria nos ajude a perceber as necessidades das pessoas, sobretudo as mais necessitadas e leve os nossos pedidos ao seu Filho Jesus Cristo. Em Marab\u00e1, tem como tema o c\u00edrio: \u00d3 Maria, fortalecei a nossa fraternidade, que se realizar\u00e1 nos dias 19 e 20 de Outubro. A palavra de Maria aos que serviam ajude-nos a viver a fraternidade, para assim fazer tudo o que o Senhor disser.\u00a0<\/span><span data-ccp-props=\"{&quot;335551550&quot;:6,&quot;335551620&quot;:6,&quot;335559731&quot;:708}\">\u00a0<\/span><\/p>\n","protected":false},"excerpt":{"rendered":"<p>Dom Vital Corbellini Bispo de Marab\u00e1 (PA) \u00a0 &nbsp; &nbsp; Nestes dias de C\u00edrio de Nossa Senhora de Nazar\u00e9 refletimos na liturgia, diversos textos b\u00edblicos marianos que s\u00e3o Palavras de Deus para as nossas vidas, em vista da convers\u00e3o necess\u00e1ria na fam\u00edlia, na comunidade e na sociedade. Maria foi a mulher escolhida por Deus para &hellip;<\/p>\n<p class=\"read-more\"> <a class=\"\" href=\"https:\/\/www.cnbb.org.br\/um-texto-biblico-de-sao-joao-para-o-cirio-de-nossa-senhora-de-nazare\/\"> <span class=\"screen-reader-text\">Um texto b\u00edblico de S\u00e3o Jo\u00e3o para o C\u00edrio de Nossa Senhora de Nazar\u00e9<\/span> Leia mais &raquo;<\/a><\/p>\n","protected":false},"author":16,"featured_media":0,"comment_status":"closed","ping_status":"closed","sticky":false,"template":"","format":"standard","meta":{"site-sidebar-layout":"default","site-content-layout":"default","ast-global-header-display":"","ast-banner-title-visibility":"","ast-main-header-display":"","ast-hfb-above-header-display":"","ast-hfb-below-header-display":"","ast-hfb-mobile-header-display":"","site-post-title":"","ast-breadcrumbs-content":"","ast-featured-img":"","footer-sml-layout":"","theme-transparent-header-meta":"default","adv-header-id-meta":"","stick-header-meta":"","header-above-stick-meta":"","header-main-stick-meta":"","header-below-stick-meta":""},"categories":[758],"tags":[],"acf":[],"_links":{"self":[{"href":"https:\/\/www.cnbb.org.br\/cnbb-app\/wp\/v2\/posts\/972111"}],"collection":[{"href":"https:\/\/www.cnbb.org.br\/cnbb-app\/wp\/v2\/posts"}],"about":[{"href":"https:\/\/www.cnbb.org.br\/cnbb-app\/wp\/v2\/types\/post"}],"author":[{"embeddable":true,"href":"https:\/\/www.cnbb.org.br\/cnbb-app\/wp\/v2\/users\/16"}],"replies":[{"embeddable":true,"href":"https:\/\/www.cnbb.org.br\/cnbb-app\/wp\/v2\/comments?post=972111"}],"version-history":[{"count":2,"href":"https:\/\/www.cnbb.org.br\/cnbb-app\/wp\/v2\/posts\/972111\/revisions"}],"predecessor-version":[{"id":972113,"href":"https:\/\/www.cnbb.org.br\/cnbb-app\/wp\/v2\/posts\/972111\/revisions\/972113"}],"wp:attachment":[{"href":"https:\/\/www.cnbb.org.br\/cnbb-app\/wp\/v2\/media?parent=972111"}],"wp:term":[{"taxonomy":"category","embeddable":true,"href":"https:\/\/www.cnbb.org.br\/cnbb-app\/wp\/v2\/categories?post=972111"},{"taxonomy":"post_tag","embeddable":true,"href":"https:\/\/www.cnbb.org.br\/cnbb-app\/wp\/v2\/tags?post=972111"}],"curies":[{"name":"wp","href":"https:\/\/api.w.org\/{rel}","templated":true}]}}