{"id":972257,"date":"2024-10-18T08:54:06","date_gmt":"2024-10-18T11:54:06","guid":{"rendered":"https:\/\/www.cnbb.org.br\/?p=972257"},"modified":"2024-10-18T08:54:43","modified_gmt":"2024-10-18T11:54:43","slug":"discipulos-servidores","status":"publish","type":"post","link":"https:\/\/www.cnbb.org.br\/discipulos-servidores\/","title":{"rendered":"Disc\u00edpulos servidores"},"content":{"rendered":"<p style=\"text-align: right;\"><strong>Dom Alberto Taveira Corr\u00eaa<br \/>\n<\/strong><strong>Arcebispo de Bel\u00e9m do Par\u00e1 (PA)<\/strong><\/p>\n<p style=\"text-align: justify;\"><span data-ccp-props=\"{&quot;201341983&quot;:0,&quot;335551550&quot;:2,&quot;335551620&quot;:2,&quot;335559739&quot;:0,&quot;335559740&quot;:240}\">\u00a0<\/span><\/p>\n<p style=\"text-align: justify;\"><span data-contrast=\"none\">Vivemos com alegria dias maravilhosos, no cora\u00e7\u00e3o do C\u00edrio de Nazar\u00e9, um evento genuinamente cat\u00f3lico e de responsabilidade exclusiva da Arquidiocese de Bel\u00e9m, ao mesmo tempo acolhedor a todas as pessoas, sem exce\u00e7\u00e3o, de perto ou de longe, que se sentem atra\u00eddos pelo Mist\u00e9rio de Morte e Ressurrei\u00e7\u00e3o de Cristo, Mist\u00e9rio Pascal! E sabemos que aos p\u00e9s da Cruz de Jesus, estava de p\u00e9 sua M\u00e3e Sant\u00edssima, entregue a Jo\u00e3o e este, em nosso nome, fez com que a Igreja levasse permanentemente, entre aquilo que lhe pertence, a M\u00e3e de Deus e sua M\u00e3e. Tanto \u00e9 verdade que, nos s\u00e9culos afora, todas as gera\u00e7\u00f5es a chamam feliz, bem aventurada, bendita, encontrando centenas de nomes para se referirem a Maria. Para os paraenses e belenenses, \u00e9 chamada Nossa Senhora de Nazar\u00e9, e sabemos como seu t\u00edtulo, sua Imagem Peregrina e sua mensagem se espalham por todos os quadrantes do Brasil e do mundo. Desejamos declarar-nos \u201cServos de Maria de Nazar\u00e9\u201d, colocando-nos \u00e0 sua disposi\u00e7\u00e3o para espalhar sua devo\u00e7\u00e3o, cada um de n\u00f3s em sua voca\u00e7\u00e3o e estado de vida.<\/span><span data-ccp-props=\"{&quot;201341983&quot;:0,&quot;335551550&quot;:6,&quot;335551620&quot;:6,&quot;335559740&quot;:240}\">\u00a0<\/span><\/p>\n<p style=\"text-align: justify;\"><span data-contrast=\"none\">Se existem v\u00e1rias f\u00f3rmulas de Consagra\u00e7\u00e3o a Nossa Senhora, desejamos fazer esta proposta dentro do clima do C\u00edrio de Nazar\u00e9: dedicar-nos a divulgar a devo\u00e7\u00e3o Nossa Senhora de Nazar\u00e9; rezar do jeito com que Maria rezou com os Ap\u00f3stolos no Cen\u00e1culo, suplicando a vinda do Esp\u00edrito Santo, especialmente pela paz, um dos frutos de sua a\u00e7\u00e3o no mundo; abra\u00e7ar como pr\u00f3pria a voca\u00e7\u00e3o mission\u00e1ria da Igreja, neste m\u00eas de outubro; rezar durante a Quadra Nazarena a Ora\u00e7\u00e3o pr\u00f3pria do C\u00edrio: \u201c<\/span><span data-contrast=\"auto\">Senhor nosso Pai, estamos unidos em nome de Jesus, vosso Filho, conduzidos pelo Esp\u00edrito Santo de Amor. N\u00f3s vos agradecemos pelo dom da F\u00e9 crist\u00e3 que nos re\u00fane e pela Igreja que nos conduz pelos caminhos da vida feliz nesta terra e para a eternidade! Pai eterno, v\u00f3s nos destes de presente a Virgem de Nazar\u00e9, M\u00e3e de Jesus Cristo, M\u00e3e da Igreja e nossa M\u00e3e. Unidos a Maria, pedimos com confian\u00e7a: envolvei-nos com la\u00e7os de amizade e cordas de amor, trazei-nos para perto de v\u00f3s, de Jesus Cristo e do Esp\u00edrito Santo! Acendei, \u00f3 Pai, em nossos cora\u00e7\u00f5es, o C\u00edrio da F\u00e9, da Esperan\u00e7a e da Caridade. Que o povo de Nossa Senhora de Nazar\u00e9, Rainha e Padroeira da Amaz\u00f4nia, seja testemunha fiel do Evangelho de Jesus Cristo, para o crescimento do vosso Reino de paz e justi\u00e7a, reino de vida e verdade, reino do amor e da gra\u00e7a. Am\u00e9m!\u201d<\/span><span data-ccp-props=\"{&quot;201341983&quot;:0,&quot;335551550&quot;:6,&quot;335551620&quot;:6,&quot;335559740&quot;:240}\">\u00a0<\/span><\/p>\n<p style=\"text-align: justify;\"><span data-contrast=\"auto\">Maria se proclamou serva e escrava do Senhor, tornando-se modelo e intercessora para todos os que desejam servir e amar. O Evangelho do vig\u00e9simo nono domingo comum, que celebramos neste final de semana (Mc 10,35-45) conta que Tiago e Jo\u00e3o, justamente o Jo\u00e3o que esteve de p\u00e9 perto da Cruz e ao lado de Maria, os dois manifestando a Jesus o desejo de posi\u00e7\u00f5es de destaque. Certamente ainda existia em seus cora\u00e7\u00f5es muito a aprender a respeito do Messias pobre, sofredor, morto e ressuscitado. Pelo visto, Jo\u00e3o entendeu tudo, pois no seu Evangelho narrou o lava-p\u00e9s e as palavras de Jesus sobre o mandamento novo. E nas bel\u00edssimas cartas que escreveu, indicou maravilhosamente o mandamento do amor.<\/span><span data-ccp-props=\"{&quot;201341983&quot;:0,&quot;335551550&quot;:6,&quot;335551620&quot;:6,&quot;335559740&quot;:240}\">\u00a0<\/span><\/p>\n<p style=\"text-align: justify;\"><span data-contrast=\"auto\">Com Maria, com Jo\u00e3o e mais ainda com Jesus desejamos reaprender o que o Senhor diz no Evangelho: \u201c<\/span><span data-contrast=\"none\">Entre v\u00f3s n\u00e3o deve ser assim. Quem quiser ser o maior entre v\u00f3s seja aquele que vos serve, e quem quiser ser o primeiro entre v\u00f3s seja o escravo de todos. Pois o Filho do Homem n\u00e3o veio para ser servido, mas para servir e dar a vida em resgate por muitos\u201d (Mc 10,43-45). Trata-se de uma proposta que vai contra a correnteza de todos as pretens\u00f5es de poder, em todas as \u00e9pocas. E agora, com simplicidade, perguntemos o que significa ser servos ou servidores!<\/span><span data-ccp-props=\"{&quot;201341983&quot;:0,&quot;335551550&quot;:6,&quot;335551620&quot;:6,&quot;335559740&quot;:240}\">\u00a0<\/span><\/p>\n<p style=\"text-align: justify;\"><span data-contrast=\"none\">Quem vive para servir toma a iniciativa, d\u00e1 o primeiro passo, descobrindo sempre o que se pode fazer para ajudar no crescimento do Reino de Deus e para amar a todos. N\u00e3o s\u00e3o poucas as pessoas que logo ao chegar numa festa, uma casa, um encontro pastoral, logo encontram algo para fazer, num esp\u00edrito admir\u00e1vel de disponibilidade. H\u00e1 poucos dias, vimos a quadra de uma Escola transformada num lindo ambiente para a instala\u00e7\u00e3o da \u00c1rea Mission\u00e1ria Nossa Senhora da Esperan\u00e7a. Dava para identificar as pessoas que trabalharam muito e com dedica\u00e7\u00e3o para preparar tudo. E que dizer das dezenas de milhares de volunt\u00e1rios dedicados ao C\u00edrio de Nazar\u00e9?<\/span><span data-ccp-props=\"{&quot;201341983&quot;:0,&quot;335551550&quot;:6,&quot;335551620&quot;:6,&quot;335559740&quot;:240}\">\u00a0<\/span><\/p>\n<p style=\"text-align: justify;\"><span data-contrast=\"none\">Perguntados sobre o surgimento de Comunidades, \u00c1reas Mission\u00e1rias ou Par\u00f3quias, tivemos a alegria de mostrar como, entre n\u00f3s, tudo come\u00e7a com uma ou mais fam\u00edlias que trazem apenas algumas armas t\u00e3o simples quanto poderosas: a B\u00edblia, o Ros\u00e1rio de Nossa Senhora e a busca da Eucaristia, muitas vezes em igrejas bem distantes da pr\u00f3pria resid\u00eancia. De repente, um pequeno sal\u00e3o, uma capela, que vira igreja, que gera Comunidade, Par\u00f3quia, Voca\u00e7\u00f5es e da\u00ed por diante. Tudo isso, fruto de pessoas que descobriram a alegria de servir.<\/span><span data-ccp-props=\"{&quot;201341983&quot;:0,&quot;335551550&quot;:6,&quot;335551620&quot;:6,&quot;335559740&quot;:240}\">\u00a0<\/span><\/p>\n<p style=\"text-align: justify;\"><span data-contrast=\"none\">Quem vive para servir aceita fazer as coisas simples e pequenas com um cora\u00e7\u00e3o grande, pois maior valor tem o cora\u00e7\u00e3o que se compromete do que o tamanho ou a visibilidade do servi\u00e7o prestado. Com toda a certeza, nossa chegada ao Para\u00edso vai possibilitar-nos o encontro com tantos santos e santas an\u00f4nimos, independente de ra\u00e7a, cor, posi\u00e7\u00e3o social ou cargos. Com Maria, a serva humilde e obediente, passam na frente!<\/span><span data-ccp-props=\"{&quot;201341983&quot;:0,&quot;335551550&quot;:6,&quot;335551620&quot;:6,&quot;335559740&quot;:240}\">\u00a0<\/span><\/p>\n<p style=\"text-align: justify;\"><span data-contrast=\"none\">Quem vive para servir sabe fazer o que ajuda mais no crescimento do Reino de Deus. Prefere o di\u00e1logo, o testemunho de vida, comunh\u00e3o e an\u00fancio expl\u00edcito de Jesus Cristo. Estas s\u00e3o pessoas que n\u00e3o cedem \u00e0 tenta\u00e7\u00e3o da revolta e da indigna\u00e7\u00e3o, ainda que as estruturas da sociedade t\u00e3o injusta e desigual levem \u00e0 tend\u00eancia do grito pelo grito.\u00a0<\/span><span data-ccp-props=\"{&quot;201341983&quot;:0,&quot;335551550&quot;:6,&quot;335551620&quot;:6,&quot;335559731&quot;:284,&quot;335559740&quot;:240}\">\u00a0<\/span><\/p>\n<p style=\"text-align: justify;\"><span data-contrast=\"none\">Quem vive para servir aprende e efetivamente trabalha e age em comunh\u00e3o com os outros, sabe partilhar, n\u00e3o se enche de inveja ou ci\u00fame quando outros assumem tarefas semelhantes ou mesmo a atividade que lhes era pr\u00f3pria. Ao viver e atuar com os outros, sabe buscar os verdadeiros fios que tecem a comunh\u00e3o, superando antipatias e competi\u00e7\u00f5es.<\/span><span data-ccp-props=\"{&quot;201341983&quot;:0,&quot;335551550&quot;:6,&quot;335551620&quot;:6,&quot;335559740&quot;:240}\">\u00a0<\/span><\/p>\n<p style=\"text-align: justify;\"><span data-contrast=\"none\">Quem vive para servir torna-se l\u00edder, mas sem autoritarismo ou dom\u00ednio tir\u00e2nico sobre os outros, descobre a valoriza outras lideran\u00e7as, contribui para a sua forma\u00e7\u00e3o, caminha com elas e sabe deixar. Na hora certa as posi\u00e7\u00f5es antes assumidas. E assim a Igreja cresce, olhando para aquele que veio para servir e n\u00e3o para ser servido!<\/span><span data-ccp-props=\"{&quot;201341983&quot;:0,&quot;335551550&quot;:6,&quot;335551620&quot;:6,&quot;335559740&quot;:240}\">\u00a0<\/span><\/p>\n","protected":false},"excerpt":{"rendered":"<p>Dom Alberto Taveira Corr\u00eaa Arcebispo de Bel\u00e9m do Par\u00e1 (PA) \u00a0 Vivemos com alegria dias maravilhosos, no cora\u00e7\u00e3o do C\u00edrio de Nazar\u00e9, um evento genuinamente cat\u00f3lico e de responsabilidade exclusiva da Arquidiocese de Bel\u00e9m, ao mesmo tempo acolhedor a todas as pessoas, sem exce\u00e7\u00e3o, de perto ou de longe, que se sentem atra\u00eddos pelo Mist\u00e9rio &hellip;<\/p>\n<p class=\"read-more\"> <a class=\"\" href=\"https:\/\/www.cnbb.org.br\/discipulos-servidores\/\"> <span class=\"screen-reader-text\">Disc\u00edpulos servidores<\/span> Leia mais &raquo;<\/a><\/p>\n","protected":false},"author":21,"featured_media":0,"comment_status":"closed","ping_status":"closed","sticky":false,"template":"","format":"standard","meta":{"site-sidebar-layout":"default","site-content-layout":"default","ast-global-header-display":"","ast-banner-title-visibility":"","ast-main-header-display":"","ast-hfb-above-header-display":"","ast-hfb-below-header-display":"","ast-hfb-mobile-header-display":"","site-post-title":"","ast-breadcrumbs-content":"","ast-featured-img":"","footer-sml-layout":"","theme-transparent-header-meta":"default","adv-header-id-meta":"","stick-header-meta":"","header-above-stick-meta":"","header-main-stick-meta":"","header-below-stick-meta":""},"categories":[758],"tags":[],"acf":[],"_links":{"self":[{"href":"https:\/\/www.cnbb.org.br\/cnbb-app\/wp\/v2\/posts\/972257"}],"collection":[{"href":"https:\/\/www.cnbb.org.br\/cnbb-app\/wp\/v2\/posts"}],"about":[{"href":"https:\/\/www.cnbb.org.br\/cnbb-app\/wp\/v2\/types\/post"}],"author":[{"embeddable":true,"href":"https:\/\/www.cnbb.org.br\/cnbb-app\/wp\/v2\/users\/21"}],"replies":[{"embeddable":true,"href":"https:\/\/www.cnbb.org.br\/cnbb-app\/wp\/v2\/comments?post=972257"}],"version-history":[{"count":2,"href":"https:\/\/www.cnbb.org.br\/cnbb-app\/wp\/v2\/posts\/972257\/revisions"}],"predecessor-version":[{"id":972259,"href":"https:\/\/www.cnbb.org.br\/cnbb-app\/wp\/v2\/posts\/972257\/revisions\/972259"}],"wp:attachment":[{"href":"https:\/\/www.cnbb.org.br\/cnbb-app\/wp\/v2\/media?parent=972257"}],"wp:term":[{"taxonomy":"category","embeddable":true,"href":"https:\/\/www.cnbb.org.br\/cnbb-app\/wp\/v2\/categories?post=972257"},{"taxonomy":"post_tag","embeddable":true,"href":"https:\/\/www.cnbb.org.br\/cnbb-app\/wp\/v2\/tags?post=972257"}],"curies":[{"name":"wp","href":"https:\/\/api.w.org\/{rel}","templated":true}]}}