{"id":972402,"date":"2024-10-21T14:25:02","date_gmt":"2024-10-21T17:25:02","guid":{"rendered":"https:\/\/www.cnbb.org.br\/?p=972402"},"modified":"2024-10-21T14:26:01","modified_gmt":"2024-10-21T17:26:01","slug":"vaidade-e-fama-entre-voces-nao-deve-ser-assim","status":"publish","type":"post","link":"https:\/\/www.cnbb.org.br\/vaidade-e-fama-entre-voces-nao-deve-ser-assim\/","title":{"rendered":"Vaidade e fama: entre voc\u00eas n\u00e3o deve ser assim\u00a0"},"content":{"rendered":"<p style=\"text-align: right;\"><strong>Dom Lindomar Rocha Mota<br \/>\nBispo de S\u00e3o Lu\u00eds de Montes Belos (GO)\u00a0<\/strong><\/p>\n<p>&nbsp;<\/p>\n<p style=\"text-align: justify;\"><span data-contrast=\"auto\">Vaidade e fama s\u00e3o companheiras inconstantes. Desde os tempos mais remotos, essas duas caracter\u00edsticas humanas t\u00eam atra\u00eddo a aten\u00e7\u00e3o dos fil\u00f3sofos, escritores e pensadores, que as analisam com certo desprezo, mas sem ignorar seu impacto na vida individual e social. Embora frequentemente vistas como f\u00fateis e in\u00fateis, vaidade e fama s\u00e3o, paradoxalmente, elementos que moldam muitas das a\u00e7\u00f5es humanas, e suas influ\u00eancias sobre a espiritualidade e o car\u00e1ter moral n\u00e3o devem ser subestimadas.<\/span><span data-ccp-props=\"{}\">\u00a0<\/span><\/p>\n<p style=\"text-align: justify;\"><span data-contrast=\"auto\">A vaidade, em sua ess\u00eancia, \u00e9 uma busca cont\u00ednua e insaci\u00e1vel por reconhecimento e aprova\u00e7\u00e3o. Ela n\u00e3o se contenta com o sil\u00eancio, e precisa constantemente do eco das adula\u00e7\u00f5es para se sentir validada. Homero, no \u00e9pico &#8220;A Il\u00edada&#8221;, traz \u00e0 tona essa fragilidade humana atrav\u00e9s da figura de Ulisses. Ele, o her\u00f3i sagaz que arquitetou a vit\u00f3ria na Guerra de Troia com sua intelig\u00eancia\u2013 ao inv\u00e9s de recorrer \u00e0 pura for\u00e7a como Aquiles. A sua queda mostrou que at\u00e9 os mais s\u00e1bios podem ser vencidos pela vaidade. Ap\u00f3s derrotar o gigante Polifemo, Ulisses cometeu o erro de revelar sua identidade, movido pelo desejo de ser reconhecido como o autor do feito. Essa vaidade, embora moment\u00e2nea, teve um custo enorme, pois atraiu a ira de Poseidon, senhor dos mares e pai de Polifemo, o que retardou seu retorno para casa, transformando uma vit\u00f3ria gloriosa em uma perambula\u00e7\u00e3o catastr\u00f3fica.<\/span><span data-ccp-props=\"{}\">\u00a0<\/span><\/p>\n<p style=\"text-align: justify;\"><span data-contrast=\"auto\">A li\u00e7\u00e3o presente na narrativa de Homero \u00e9 atemporal. A vaidade, embora sedutora, \u00e9 tamb\u00e9m enganosa. Ela \u00e9 uma busca que, por natureza, nunca se satisfaz, e sua recompensa \u00e9 ef\u00eamera. &#8220;Vanitas vanitatum, et omnia vanitas&#8221; \u2013 vaidade das vaidades, tudo \u00e9 vaidade \u2013 \u00e9 uma advert\u00eancia que ecoa ao longo dos s\u00e9culos tamb\u00e9m da sabedoria b\u00edblica. A vaidade n\u00e3o leva \u00e0 cria\u00e7\u00e3o de nada s\u00f3lido ou duradouro; ela gira em torno de si mesma, alimentando apenas o ego e suas ilus\u00f5es. A adula\u00e7\u00e3o que acompanha a vaidade \u00e9 igualmente fugaz, pois quem adula, o faz por interesse pr\u00f3prio, e assim ambos, o vaidoso e o adulador, se perdem numa dan\u00e7a de falsidades e autoengano.<\/span><span data-ccp-props=\"{}\">\u00a0<\/span><\/p>\n<p style=\"text-align: justify;\"><span data-contrast=\"auto\">Da vaidade nasce a fama, sua filha mais nova, mas igualmente inconstante. Em nossa era digital, a busca pela fama se tornou quase uma obsess\u00e3o para muitos. Redes sociais, plataformas de v\u00eddeo e meios de comunica\u00e7\u00e3o amplificam essa necessidade, criando uma corrida por visibilidade instant\u00e2nea. Pessoas de todas as esferas da vida s\u00e3o atra\u00eddas para essa busca insaci\u00e1vel por aten\u00e7\u00e3o, desejando que suas vozes ecoem por toda parte, mesmo que o conte\u00fado do que dizem seja irrelevante. O que importa, para os que perseguem a fama, n\u00e3o \u00e9 o valor ou o sentido de suas palavras, mas sim o alcance que conseguem.<\/span><span data-ccp-props=\"{}\">\u00a0<\/span><\/p>\n<p style=\"text-align: justify;\"><span data-contrast=\"auto\">Essa corrida pela fama cobra o seu pre\u00e7o. Assim como astros que flutuam no v\u00e1cuo do universo, os indiv\u00edduos que buscam incessantemente a fama acabam se perdendo em si mesmos, sem dire\u00e7\u00e3o, e inevitavelmente confrontam seu pr\u00f3prio vazio. O desejo de ser reconhecido a qualquer custo leva muitos a fazerem declara\u00e7\u00f5es cada vez mais absurdas e a realizarem a\u00e7\u00f5es cada vez mais extravagantes, tentando prolongar seu momento de gl\u00f3ria. Mas, como a fama \u00e9 inconstante, logo ela se dissipa, e o indiv\u00edduo se v\u00ea novamente em busca de algo que nunca poder\u00e1 realmente possuir.<\/span><span data-ccp-props=\"{}\">\u00a0<\/span><\/p>\n<p style=\"text-align: justify;\"><span data-contrast=\"auto\">Vaidade e fama, embora passageiras e ilus\u00f3rias, t\u00eam uma influ\u00eancia poderosa sobre o comportamento humano. Ao contr\u00e1rio do que se pode pensar, elas n\u00e3o s\u00e3o meramente distra\u00e7\u00f5es triviais. No caminho espiritual, elas representam grandes desafios, porque desviam o foco do que realmente importa. A vaidade impede o autoconhecimento e o crescimento interior, enquanto a fama distrai a pessoa de sua miss\u00e3o de vida e do impacto real que pode ter no mundo ao seu redor.<\/span><span data-ccp-props=\"{}\">\u00a0<\/span><\/p>\n<p style=\"text-align: justify;\"><span data-contrast=\"auto\">O s\u00e1bio, ciente dessas armadilhas, busca transcender a necessidade de reconhecimento externo. Ele entende que a verdadeira vit\u00f3ria est\u00e1 na conquista interna, no dom\u00ednio de si mesmo, e n\u00e3o na aclama\u00e7\u00e3o exterior. Ulisses, embora tenha sucumbido momentaneamente \u00e0 vaidade, eventualmente aprendeu essa li\u00e7\u00e3o ao longo de suas prova\u00e7\u00f5es. O her\u00f3i que desejava ser celebrado, ao final de sua jornada, encontrou seu verdadeiro valor n\u00e3o no que os outros pensavam dele, mas em sua capacidade de retornar para casa, para o seu pr\u00f3prio ser.<\/span><span data-ccp-props=\"{}\">\u00a0<\/span><\/p>\n<p style=\"text-align: justify;\"><span data-contrast=\"auto\">A fama que \u00e9 como vento, n\u00e3o tem nada de consistente. Ela \u00e9 inconsistente, principalmente quando gerada totalmente na virtualidade do mundo, com pouco ou nenhum v\u00ednculo com a concretude da vida. Foi por isso que jesus disse aos seus: <\/span><i><span data-contrast=\"auto\">entre voc\u00eas n\u00e3o deve ser assim<\/span><\/i><span data-contrast=\"auto\"> (Mc 10,43).<\/span><span data-ccp-props=\"{}\">\u00a0<\/span><\/p>\n<p><span data-ccp-props=\"{}\">\u00a0<\/span><\/p>\n","protected":false},"excerpt":{"rendered":"<p>Dom Lindomar Rocha Mota Bispo de S\u00e3o Lu\u00eds de Montes Belos (GO)\u00a0 &nbsp; Vaidade e fama s\u00e3o companheiras inconstantes. Desde os tempos mais remotos, essas duas caracter\u00edsticas humanas t\u00eam atra\u00eddo a aten\u00e7\u00e3o dos fil\u00f3sofos, escritores e pensadores, que as analisam com certo desprezo, mas sem ignorar seu impacto na vida individual e social. Embora frequentemente &hellip;<\/p>\n<p class=\"read-more\"> <a class=\"\" href=\"https:\/\/www.cnbb.org.br\/vaidade-e-fama-entre-voces-nao-deve-ser-assim\/\"> <span class=\"screen-reader-text\">Vaidade e fama: entre voc\u00eas n\u00e3o deve ser assim\u00a0<\/span> Leia mais &raquo;<\/a><\/p>\n","protected":false},"author":112,"featured_media":0,"comment_status":"closed","ping_status":"closed","sticky":false,"template":"","format":"standard","meta":{"site-sidebar-layout":"default","site-content-layout":"default","ast-global-header-display":"","ast-banner-title-visibility":"","ast-main-header-display":"","ast-hfb-above-header-display":"","ast-hfb-below-header-display":"","ast-hfb-mobile-header-display":"","site-post-title":"","ast-breadcrumbs-content":"","ast-featured-img":"","footer-sml-layout":"","theme-transparent-header-meta":"default","adv-header-id-meta":"","stick-header-meta":"","header-above-stick-meta":"","header-main-stick-meta":"","header-below-stick-meta":""},"categories":[758],"tags":[],"acf":[],"_links":{"self":[{"href":"https:\/\/www.cnbb.org.br\/cnbb-app\/wp\/v2\/posts\/972402"}],"collection":[{"href":"https:\/\/www.cnbb.org.br\/cnbb-app\/wp\/v2\/posts"}],"about":[{"href":"https:\/\/www.cnbb.org.br\/cnbb-app\/wp\/v2\/types\/post"}],"author":[{"embeddable":true,"href":"https:\/\/www.cnbb.org.br\/cnbb-app\/wp\/v2\/users\/112"}],"replies":[{"embeddable":true,"href":"https:\/\/www.cnbb.org.br\/cnbb-app\/wp\/v2\/comments?post=972402"}],"version-history":[{"count":2,"href":"https:\/\/www.cnbb.org.br\/cnbb-app\/wp\/v2\/posts\/972402\/revisions"}],"predecessor-version":[{"id":972404,"href":"https:\/\/www.cnbb.org.br\/cnbb-app\/wp\/v2\/posts\/972402\/revisions\/972404"}],"wp:attachment":[{"href":"https:\/\/www.cnbb.org.br\/cnbb-app\/wp\/v2\/media?parent=972402"}],"wp:term":[{"taxonomy":"category","embeddable":true,"href":"https:\/\/www.cnbb.org.br\/cnbb-app\/wp\/v2\/categories?post=972402"},{"taxonomy":"post_tag","embeddable":true,"href":"https:\/\/www.cnbb.org.br\/cnbb-app\/wp\/v2\/tags?post=972402"}],"curies":[{"name":"wp","href":"https:\/\/api.w.org\/{rel}","templated":true}]}}