{"id":972426,"date":"2024-10-22T09:18:05","date_gmt":"2024-10-22T12:18:05","guid":{"rendered":"https:\/\/www.cnbb.org.br\/?p=972426"},"modified":"2024-10-22T09:18:50","modified_gmt":"2024-10-22T12:18:50","slug":"ministerio-de-catequista","status":"publish","type":"post","link":"https:\/\/www.cnbb.org.br\/ministerio-de-catequista\/","title":{"rendered":"Minist\u00e9rio de Catequista\u00a0"},"content":{"rendered":"<p style=\"text-align: right;\"><b><span data-contrast=\"auto\">Cardeal Orani Jo\u00e3o Tempesta<br \/>\n<\/span><\/b><b><span data-contrast=\"auto\">Arcebispo do Rio de Janeiro (RJ)<\/span><\/b><span data-ccp-props=\"{&quot;201341983&quot;:0,&quot;335551550&quot;:3,&quot;335551620&quot;:3,&quot;335559731&quot;:708,&quot;335559740&quot;:360}\">\u00a0<\/span><\/p>\n<p style=\"text-align: justify;\"><span data-ccp-props=\"{&quot;201341983&quot;:0,&quot;335551550&quot;:6,&quot;335551620&quot;:6,&quot;335559731&quot;:708,&quot;335559740&quot;:360}\">\u00a0<\/span><\/p>\n<p style=\"text-align: justify;\"><span data-contrast=\"auto\">No dia 19 de outubro de 2024, na 40\u00aa Assembleia Arquidiocesana da Inicia\u00e7\u00e3o \u00e0 Vida Crist\u00e3, em Missa realizada na Catedral Metropolitana de S\u00e3o Sebasti\u00e3o do Rio de Janeiro institu\u00edmos 80 Ministros da Catequese de todos os vicariatos territoriais da Arquidiocese. S\u00e3o homens e mulheres que j\u00e1 exercem a miss\u00e3o de catequistas, alguns h\u00e1 d\u00e9cadas e que, depois de tantos cursos de forma\u00e7\u00e3o e acad\u00eamicos foram escolhidos para serem os primeiros catequistas institu\u00eddos de nossa Arquidiocese. Al\u00e9m da forma\u00e7\u00e3o e experi\u00eancia que j\u00e1 possuem tiveram a oportunidade de uma prepara\u00e7\u00e3o de quase dois anos para essa responsabilidade.<\/span><span data-ccp-props=\"{&quot;201341983&quot;:0,&quot;335551550&quot;:6,&quot;335551620&quot;:6,&quot;335559731&quot;:708,&quot;335559740&quot;:360}\">\u00a0<\/span><\/p>\n<p style=\"text-align: justify;\"><span data-contrast=\"auto\">O Minist\u00e9rio de Catequista foi institu\u00eddo pelo Para Francisco em 10 de maio de 2021, atrav\u00e9s do Motu Proprio <\/span><i><span data-contrast=\"auto\">Antiquum Ministerium<\/span><\/i><span data-contrast=\"auto\">. Esse documento oficializa o papel dos catequistas dentro da Igreja Cat\u00f3lica, reconhecendo a import\u00e2ncia hist\u00f3rica e contempor\u00e2nea da catequese na transmiss\u00e3o da f\u00e9 crist\u00e3. A decis\u00e3o de Francisco reflete sua vis\u00e3o de uma Igreja mais participativa, em que os leigos desempenham um papel ativo na evangeliza\u00e7\u00e3o e na forma\u00e7\u00e3o espiritual das comunidades. O ritual da institui\u00e7\u00e3o de Catequistas foi aprovado pela Congrega\u00e7\u00e3o para o Culto Divino e Disciplina dos sacramentos a 3 de dezembro de 2021 para poder ser utilizado em l\u00edngua latina a partir de 1 de janeiro de 2022. A tradu\u00e7\u00e3o em portugu\u00eas para o Brasil foi aprovada em 10 de janeiro de 2024. Esse texto foi promulgado pela Confer\u00eancia Nacional dos Bispos do Brasil a 2 de fevereiro de 2024 para ser utilizado no Brasil assim que publicado.<\/span><span data-ccp-props=\"{&quot;201341983&quot;:0,&quot;335551550&quot;:6,&quot;335551620&quot;:6,&quot;335559731&quot;:708,&quot;335559740&quot;:360}\">\u00a0<\/span><\/p>\n<p style=\"text-align: justify;\"><span data-contrast=\"auto\">O <\/span><i><span data-contrast=\"auto\">Antiquum Ministerium<\/span><\/i><span data-contrast=\"auto\"> faz refer\u00eancia \u00e0 antiga tradi\u00e7\u00e3o da Igreja, onde catequistas sempre tiveram um papel crucial na educa\u00e7\u00e3o e prepara\u00e7\u00e3o dos fi\u00e9is. O Papa destaca que ser catequista n\u00e3o \u00e9 apenas uma fun\u00e7\u00e3o de ensino, mas um servi\u00e7o de testemunho vivo da f\u00e9, com a miss\u00e3o de formar disc\u00edpulos aut\u00eanticos e engajados. E o Papa recorda que \u00e9 um trabalho dos leigos e leigas na igreja.<\/span><span data-ccp-props=\"{&quot;201341983&quot;:0,&quot;335551550&quot;:6,&quot;335551620&quot;:6,&quot;335559731&quot;:708,&quot;335559740&quot;:360}\">\u00a0<\/span><\/p>\n<p style=\"text-align: justify;\"><span data-contrast=\"auto\">O Papel do Catequista Segundo o Papa Francisco: ele afirma que o catequista deve ser algu\u00e9m profundamente enraizado na f\u00e9 e na tradi\u00e7\u00e3o crist\u00e3, com uma forte vida de ora\u00e7\u00e3o e um compromisso s\u00f3lido com a comunidade eclesial. Ele tamb\u00e9m frisa que esse minist\u00e9rio laical deve ser est\u00e1vel e que os catequistas precisam de uma forma\u00e7\u00e3o adequada para responder aos desafios pastorais e culturais do mundo contempor\u00e2neo.<\/span><span data-ccp-props=\"{&quot;201341983&quot;:0,&quot;335551550&quot;:6,&quot;335551620&quot;:6,&quot;335559731&quot;:708,&quot;335559740&quot;:360}\">\u00a0<\/span><\/p>\n<p style=\"text-align: justify;\"><span data-contrast=\"auto\">O catequista, conforme o Papa Francisco, \u00e9 um anunciador do Evangelho e um educador na f\u00e9, ajudando a transmitir os ensinamentos crist\u00e3os, especialmente em ambientes onde os sacerdotes s\u00e3o escassos ou onde a evangeliza\u00e7\u00e3o enfrenta desafios. Ele ressalta ainda que a catequese n\u00e3o se limita ao ensino te\u00f3rico, mas envolve o testemunho da vida crist\u00e3 em atos concretos de caridade e fraternidade.<\/span><span data-ccp-props=\"{&quot;201341983&quot;:0,&quot;335551550&quot;:6,&quot;335551620&quot;:6,&quot;335559731&quot;:708,&quot;335559740&quot;:360}\">\u00a0<\/span><\/p>\n<p style=\"text-align: justify;\"><span data-contrast=\"auto\">Ao instituir o minist\u00e9rio de catequista, o Papa Francisco oferece um reconhecimento formal para leigos que, durante s\u00e9culos, t\u00eam desempenhado esse papel de forma n\u00e3o oficial. O Papa quer sublinhar que a evangeliza\u00e7\u00e3o e catequese \u00e9 uma responsabilidade compartilhada por todo o povo de Deus.<\/span><span data-ccp-props=\"{&quot;201341983&quot;:0,&quot;335551550&quot;:6,&quot;335551620&quot;:6,&quot;335559731&quot;:708,&quot;335559740&quot;:360}\">\u00a0<\/span><\/p>\n<p style=\"text-align: justify;\"><span data-contrast=\"auto\">Essa iniciativa reflete a inten\u00e7\u00e3o de fortalecer a presen\u00e7a laical na vida da Igreja e em suas diversas miss\u00f5es. Com o minist\u00e9rio de catequista, os leigos t\u00eam a oportunidade de se preparar de maneira mais estruturada e receber apoio espiritual para desempenhar sua fun\u00e7\u00e3o com efic\u00e1cia, especialmente em \u00e1reas onde a evangeliza\u00e7\u00e3o \u00e9 mais desafiadora.<\/span><span data-ccp-props=\"{&quot;201341983&quot;:0,&quot;335551550&quot;:6,&quot;335551620&quot;:6,&quot;335559731&quot;:708,&quot;335559740&quot;:360}\">\u00a0<\/span><\/p>\n<p style=\"text-align: justify;\"><span data-contrast=\"auto\">Forma\u00e7\u00e3o e Responsabilidade: A Carta Apost\u00f3lica sublinha que os bispos s\u00e3o respons\u00e1veis por promover a forma\u00e7\u00e3o de catequistas, discernindo aqueles que t\u00eam voca\u00e7\u00e3o para esse minist\u00e9rio e garantindo que eles recebam o suporte necess\u00e1rio. O Papa alerta que esse minist\u00e9rio n\u00e3o deve ser encarado como um t\u00edtulo de honra, mas como um verdadeiro compromisso de servi\u00e7o \u00e0 Igreja e \u00e0s suas comunidades.<\/span><span data-ccp-props=\"{&quot;201341983&quot;:0,&quot;335551550&quot;:6,&quot;335551620&quot;:6,&quot;335559731&quot;:708,&quot;335559740&quot;:360}\">\u00a0<\/span><\/p>\n<p style=\"text-align: justify;\"><span data-contrast=\"auto\">O <\/span><i><span data-contrast=\"auto\">Antiquum Ministerium<\/span><\/i><span data-contrast=\"auto\"> tamb\u00e9m destaca que o catequista deve ser uma pessoa de f\u00e9 s\u00f3lida, bem formada na doutrina e capaz de transmitir n\u00e3o apenas conhecimento, mas a viv\u00eancia da f\u00e9. Eles desempenham um papel-chave na educa\u00e7\u00e3o crist\u00e3, preparando novos fi\u00e9is e acompanhando aqueles que j\u00e1 est\u00e3o em sua caminhada espiritual.<\/span><span data-ccp-props=\"{&quot;201341983&quot;:0,&quot;335551550&quot;:6,&quot;335551620&quot;:6,&quot;335559731&quot;:708,&quot;335559740&quot;:360}\">\u00a0<\/span><\/p>\n<p style=\"text-align: justify;\"><span data-contrast=\"auto\">O Motu Proprio <\/span><i><span data-contrast=\"auto\">Antiquum Ministerium<\/span><\/i><span data-contrast=\"auto\">, ao instituir o minist\u00e9rio de catequista, \u00e9 um marco importante na hist\u00f3ria recente da Igreja Cat\u00f3lica, reconhecendo formalmente a import\u00e2ncia dos leigos na miss\u00e3o de evangelizar e formar a f\u00e9. Assim como a celebra\u00e7\u00e3o dos primeiros 80 catequistas institu\u00eddos \u00e9 um marco hist\u00f3rico na Arquidiocese de S\u00e3o Sebasti\u00e3o do Rio de Janeiro.\u00a0<\/span><span data-ccp-props=\"{&quot;201341983&quot;:0,&quot;335551550&quot;:6,&quot;335551620&quot;:6,&quot;335559731&quot;:708,&quot;335559740&quot;:360}\">\u00a0<\/span><\/p>\n<p style=\"text-align: justify;\"><span data-contrast=\"auto\">Gostaria de relembrar as palavras do Evangelho onde Jesus atesta que aqueles que O testemunham diante dos homens, o pr\u00f3prio Jesus testemunhar\u00e1 em favor deles diante do Pai. Por fim, ressalto a import\u00e2ncia desse povo de f\u00e9, que testemunha Jesus na sociedade do mundo de hoje, marcada por tantas not\u00edcias nem sempre boas. \u00c9 o mais antigo minist\u00e9rio e importante na vida da Igreja Arquidiocesana porque \u00e9 o minist\u00e9rio que transmite a f\u00e9: \u201cIde e ensinai!\u201d. Queremos louvar e bendizer a Deus pelos primeiros 80 Ministros da Catequese e esperar que novos Catequistas estejam aptos para esta grande tarefa evangelizadora em nossa Arquidiocese.<\/span><span data-ccp-props=\"{&quot;201341983&quot;:0,&quot;335551550&quot;:6,&quot;335551620&quot;:6,&quot;335559731&quot;:708,&quot;335559740&quot;:360}\">\u00a0<\/span><\/p>\n<p style=\"text-align: justify;\"><i><span data-contrast=\"auto\">\u201c\u00d3 Pai, que nos fazeis participar da miss\u00e3o do vosso Filho e enriqueceis a vossa igreja com abundantes dons do Esp\u00edrito, aben\u00e7oai + estes vossos filhos escolhidos para o minist\u00e9rio de Catequistas. Concedei, n\u00f3s vos pedimos, que vivam plenamente o seu Batismo, cooperando com os pastores nas diversas formas de apostolado, no an\u00fancio do Evangelho e na transmiss\u00e3o da f\u00e9, para a edifica\u00e7\u00e3o do vosso Reino\u201d.<\/span><\/i><span data-contrast=\"auto\"> \u00c9 ora\u00e7\u00e3o de institui\u00e7\u00e3o segundo o ritual de Institui\u00e7\u00e3o de Catequistas.<\/span><span data-ccp-props=\"{&quot;201341983&quot;:0,&quot;335551550&quot;:6,&quot;335551620&quot;:6,&quot;335559731&quot;:708,&quot;335559740&quot;:360}\">\u00a0<\/span><\/p>\n<p style=\"text-align: justify;\"><span data-ccp-props=\"{&quot;201341983&quot;:0,&quot;335551550&quot;:3,&quot;335551620&quot;:3,&quot;335559731&quot;:708,&quot;335559740&quot;:360}\">\u00a0<\/span><\/p>\n<p style=\"text-align: justify;\">\n","protected":false},"excerpt":{"rendered":"<p>Cardeal Orani Jo\u00e3o Tempesta Arcebispo do Rio de Janeiro (RJ)\u00a0 \u00a0 No dia 19 de outubro de 2024, na 40\u00aa Assembleia Arquidiocesana da Inicia\u00e7\u00e3o \u00e0 Vida Crist\u00e3, em Missa realizada na Catedral Metropolitana de S\u00e3o Sebasti\u00e3o do Rio de Janeiro institu\u00edmos 80 Ministros da Catequese de todos os vicariatos territoriais da Arquidiocese. S\u00e3o homens e &hellip;<\/p>\n<p class=\"read-more\"> <a class=\"\" href=\"https:\/\/www.cnbb.org.br\/ministerio-de-catequista\/\"> <span class=\"screen-reader-text\">Minist\u00e9rio de Catequista\u00a0<\/span> Leia mais &raquo;<\/a><\/p>\n","protected":false},"author":31,"featured_media":0,"comment_status":"closed","ping_status":"closed","sticky":false,"template":"","format":"standard","meta":{"site-sidebar-layout":"default","site-content-layout":"default","ast-global-header-display":"","ast-banner-title-visibility":"","ast-main-header-display":"","ast-hfb-above-header-display":"","ast-hfb-below-header-display":"","ast-hfb-mobile-header-display":"","site-post-title":"","ast-breadcrumbs-content":"","ast-featured-img":"","footer-sml-layout":"","theme-transparent-header-meta":"default","adv-header-id-meta":"","stick-header-meta":"","header-above-stick-meta":"","header-main-stick-meta":"","header-below-stick-meta":""},"categories":[758,1837],"tags":[],"acf":[],"_links":{"self":[{"href":"https:\/\/www.cnbb.org.br\/cnbb-app\/wp\/v2\/posts\/972426"}],"collection":[{"href":"https:\/\/www.cnbb.org.br\/cnbb-app\/wp\/v2\/posts"}],"about":[{"href":"https:\/\/www.cnbb.org.br\/cnbb-app\/wp\/v2\/types\/post"}],"author":[{"embeddable":true,"href":"https:\/\/www.cnbb.org.br\/cnbb-app\/wp\/v2\/users\/31"}],"replies":[{"embeddable":true,"href":"https:\/\/www.cnbb.org.br\/cnbb-app\/wp\/v2\/comments?post=972426"}],"version-history":[{"count":2,"href":"https:\/\/www.cnbb.org.br\/cnbb-app\/wp\/v2\/posts\/972426\/revisions"}],"predecessor-version":[{"id":972428,"href":"https:\/\/www.cnbb.org.br\/cnbb-app\/wp\/v2\/posts\/972426\/revisions\/972428"}],"wp:attachment":[{"href":"https:\/\/www.cnbb.org.br\/cnbb-app\/wp\/v2\/media?parent=972426"}],"wp:term":[{"taxonomy":"category","embeddable":true,"href":"https:\/\/www.cnbb.org.br\/cnbb-app\/wp\/v2\/categories?post=972426"},{"taxonomy":"post_tag","embeddable":true,"href":"https:\/\/www.cnbb.org.br\/cnbb-app\/wp\/v2\/tags?post=972426"}],"curies":[{"name":"wp","href":"https:\/\/api.w.org\/{rel}","templated":true}]}}