{"id":972442,"date":"2024-10-22T10:44:51","date_gmt":"2024-10-22T13:44:51","guid":{"rendered":"https:\/\/www.cnbb.org.br\/?p=972442"},"modified":"2024-10-22T10:45:44","modified_gmt":"2024-10-22T13:45:44","slug":"o-clamor-de-bartimeu-e-o-caminho-da-fe","status":"publish","type":"post","link":"https:\/\/www.cnbb.org.br\/o-clamor-de-bartimeu-e-o-caminho-da-fe\/","title":{"rendered":"O clamor de Bartimeu e o caminho da f\u00e9!\u00a0"},"content":{"rendered":"<p style=\"text-align: right;\"><b><span data-contrast=\"auto\">Dom Anuar Battisti<br \/>\nArcebispo Em\u00e9rito de Maring\u00e1 (PR)<\/span><\/b><\/p>\n<p>&nbsp;<\/p>\n<p><span data-ccp-props=\"{&quot;201341983&quot;:0,&quot;335551550&quot;:6,&quot;335551620&quot;:6,&quot;335559731&quot;:708,&quot;335559739&quot;:160,&quot;335559740&quot;:278}\">\u00a0<\/span><\/p>\n<p style=\"text-align: justify;\"><span data-contrast=\"auto\">No 30\u00ba Domingo do Tempo Comum, o Evangelho (Mc 10,46-52) nos apresenta a tocante hist\u00f3ria de Bartimeu, um cego mendigo que encontra a cura e transforma\u00e7\u00e3o ao colocar sua f\u00e9 em Jesus. Esta passagem n\u00e3o \u00e9 apenas um relato de uma cura f\u00edsica, mas tamb\u00e9m uma poderosa li\u00e7\u00e3o sobre a import\u00e2ncia da f\u00e9 e do seguimento a Cristo.<\/span><span data-ccp-props=\"{&quot;201341983&quot;:0,&quot;335551550&quot;:6,&quot;335551620&quot;:6,&quot;335559731&quot;:708,&quot;335559739&quot;:160,&quot;335559740&quot;:278}\">\u00a0<\/span><\/p>\n<p style=\"text-align: justify;\"><span data-contrast=\"auto\">Bartimeu, sentado \u00e0 beira do caminho em Jeric\u00f3, ouve que Jesus est\u00e1 passando e, com toda a sua for\u00e7a, grita: <\/span><i><span data-contrast=\"auto\">\u201cFilho de Davi, tem piedade de mim!\u201d<\/span><\/i><span data-contrast=\"auto\"> (Mc 10,47). Esse grito \u00e9 mais do que um simples pedido de cura; \u00e9 a express\u00e3o de uma f\u00e9 profunda e de uma esperan\u00e7a renovada. Bartimeu reconhece que, em Jesus, est\u00e1 a sua \u00fanica chance de liberta\u00e7\u00e3o, tanto f\u00edsica quanto espiritual.<\/span><span data-ccp-props=\"{&quot;201341983&quot;:0,&quot;335551550&quot;:6,&quot;335551620&quot;:6,&quot;335559731&quot;:708,&quot;335559739&quot;:160,&quot;335559740&quot;:278}\">\u00a0<\/span><\/p>\n<p style=\"text-align: justify;\"><span data-contrast=\"auto\">Muitas vezes, n\u00f3s tamb\u00e9m nos encontramos \u00e0 margem, em momentos de escurid\u00e3o e solid\u00e3o. Assim como Bartimeu, somos convidados a clamar por Jesus, confiando que Ele ouve nossos apelos e responde ao nosso desejo de cura e liberta\u00e7\u00e3o. Essa f\u00e9 encontra resson\u00e2ncia na primeira leitura do dia, em Jeremias 31,7-9, onde o profeta anuncia que Deus reunir\u00e1 Seu povo e trar\u00e1 de volta os cegos e aleijados, cuidando deles com ternura e miseric\u00f3rdia.<\/span><span data-ccp-props=\"{&quot;201341983&quot;:0,&quot;335551550&quot;:6,&quot;335551620&quot;:6,&quot;335559731&quot;:708,&quot;335559739&quot;:160,&quot;335559740&quot;:278}\">\u00a0<\/span><\/p>\n<p style=\"text-align: justify;\"><span data-contrast=\"auto\">Ouvindo o clamor de Bartimeu, Jesus para e pede que o chamem at\u00e9 Ele. <\/span><i><span data-contrast=\"auto\">\u201cChamem-no\u201d<\/span><\/i><span data-contrast=\"auto\"> (Mc 10,49), diz Jesus. Este \u00e9 um detalhe importante: Jesus sempre responde ao clamor daqueles que O buscam com f\u00e9. No entanto, Ele nos convida a dar um passo \u00e0 frente, a nos movermos em dire\u00e7\u00e3o a Ele com confian\u00e7a.<\/span><span data-ccp-props=\"{&quot;201341983&quot;:0,&quot;335551550&quot;:6,&quot;335551620&quot;:6,&quot;335559731&quot;:708,&quot;335559739&quot;:160,&quot;335559740&quot;:278}\">\u00a0<\/span><\/p>\n<p style=\"text-align: justify;\"><span data-contrast=\"auto\">Bartimeu, sem hesitar, joga fora seu manto e corre at\u00e9 Jesus. Este gesto simboliza o abandono de tudo o que o mantinha preso, em especial sua antiga vida. Muitas vezes, tamb\u00e9m precisamos deixar para tr\u00e1s nossos \u201cmantos\u201d \u2013 nossas inseguran\u00e7as, medos e pecados \u2013 para nos aproximarmos de Cristo e recebermos Dele a cura que tanto necessitamos.<\/span><span data-ccp-props=\"{&quot;201341983&quot;:0,&quot;335551550&quot;:6,&quot;335551620&quot;:6,&quot;335559731&quot;:708,&quot;335559739&quot;:160,&quot;335559740&quot;:278}\">\u00a0<\/span><\/p>\n<p style=\"text-align: justify;\"><span data-contrast=\"auto\">Quando Jesus pergunta: <\/span><i><span data-contrast=\"auto\">\u201cO que queres que eu te fa\u00e7a?\u201d<\/span><\/i><span data-contrast=\"auto\"> (Mc 10,51), Bartimeu responde com clareza: <\/span><i><span data-contrast=\"auto\">\u201cMestre, que eu veja!\u201d<\/span><\/i><span data-contrast=\"auto\"> Ele n\u00e3o hesita em expressar sua f\u00e9 e desejo, confiando plenamente que Jesus pode restaur\u00e1-lo. Jesus, por sua vez, confirma a f\u00e9 de Bartimeu: <\/span><i><span data-contrast=\"auto\">\u201cVai, a tua f\u00e9 te salvou\u201d<\/span><\/i><span data-contrast=\"auto\"> (Mc 10,52). Aqui, vemos como a f\u00e9 verdadeira n\u00e3o apenas clama por ajuda, mas tamb\u00e9m age com confian\u00e7a na presen\u00e7a de Cristo.<\/span><span data-ccp-props=\"{&quot;201341983&quot;:0,&quot;335551550&quot;:6,&quot;335551620&quot;:6,&quot;335559731&quot;:708,&quot;335559739&quot;:160,&quot;335559740&quot;:278}\">\u00a0<\/span><\/p>\n<p style=\"text-align: justify;\"><span data-contrast=\"auto\">Depois de ser curado, Bartimeu n\u00e3o retorna \u00e0 sua antiga vida, mas segue Jesus pelo caminho (Mc 10,52). Este seguimento \u00e9 a prova de que sua cura n\u00e3o foi apenas f\u00edsica, mas tamb\u00e9m espiritual. A partir daquele momento, Bartimeu torna-se um verdadeiro disc\u00edpulo, movido pela f\u00e9 que transformou sua vida.<\/span><span data-ccp-props=\"{&quot;201341983&quot;:0,&quot;335551550&quot;:6,&quot;335551620&quot;:6,&quot;335559731&quot;:708,&quot;335559739&quot;:160,&quot;335559740&quot;:278}\">\u00a0<\/span><\/p>\n<p style=\"text-align: justify;\"><span data-contrast=\"auto\">Na segunda leitura, da Carta aos Hebreus (Hb 5,1-6), vemos Jesus como o sumo sacerdote que oferece Sua pr\u00f3pria vida por amor a n\u00f3s. O seguimento de Jesus implica em acolher esse sacrif\u00edcio e viver uma vida de servi\u00e7o e entrega aos outros, assim como Bartimeu foi chamado a fazer ap\u00f3s sua cura.<\/span><span data-ccp-props=\"{&quot;201341983&quot;:0,&quot;335551550&quot;:6,&quot;335551620&quot;:6,&quot;335559731&quot;:708,&quot;335559739&quot;:160,&quot;335559740&quot;:278}\">\u00a0<\/span><\/p>\n<p style=\"text-align: justify;\"><span data-contrast=\"auto\">O Evangelho deste domingo nos desafia a refletir sobre nossa pr\u00f3pria f\u00e9. Estamos buscando Jesus com a mesma intensidade de Bartimeu? Estamos dispostos a deixar nossos \u201cmantos\u201d e seguir o chamado de Cristo, mesmo que isso implique em mudan\u00e7as significativas em nossa vida? A f\u00e9 que cura e salva \u00e9 aquela que se expressa n\u00e3o apenas em palavras, mas em uma disposi\u00e7\u00e3o para seguir Jesus, confiando plenamente em Sua miseric\u00f3rdia e poder.<\/span><span data-ccp-props=\"{&quot;201341983&quot;:0,&quot;335551550&quot;:6,&quot;335551620&quot;:6,&quot;335559731&quot;:708,&quot;335559739&quot;:160,&quot;335559740&quot;:278}\">\u00a0<\/span><\/p>\n<p style=\"text-align: justify;\"><span data-contrast=\"auto\">Assim como Bartimeu, tamb\u00e9m somos convidados a buscar Jesus com todo o nosso cora\u00e7\u00e3o, sabendo que Ele nos escuta e est\u00e1 sempre pronto para nos curar e nos guiar no caminho da vida.<\/span><span data-ccp-props=\"{&quot;201341983&quot;:0,&quot;335551550&quot;:6,&quot;335551620&quot;:6,&quot;335559731&quot;:708,&quot;335559739&quot;:160,&quot;335559740&quot;:278}\">\u00a0<\/span><\/p>\n<p style=\"text-align: justify;\"><span data-contrast=\"auto\">Bartimeu nos ensina que o primeiro passo para a cura \u00e9 reconhecer nossa pr\u00f3pria cegueira e buscar em Jesus a verdadeira luz. Ao responder ao nosso clamor de f\u00e9, Jesus nos chama n\u00e3o apenas \u00e0 cura, mas tamb\u00e9m ao seguimento, a uma vida nova transformada pela gra\u00e7a. Que, neste 30\u00ba Domingo do Tempo Comum, possamos ter a coragem de buscar a cura em Cristo e, uma vez transformados por Ele, nos tornarmos fi\u00e9is disc\u00edpulos que seguem Seu caminho de salva\u00e7\u00e3o.<\/span><span data-ccp-props=\"{&quot;201341983&quot;:0,&quot;335551550&quot;:6,&quot;335551620&quot;:6,&quot;335559731&quot;:708,&quot;335559739&quot;:160,&quot;335559740&quot;:278}\">\u00a0<\/span><\/p>\n<p>&nbsp;<\/p>\n","protected":false},"excerpt":{"rendered":"<p>Dom Anuar Battisti Arcebispo Em\u00e9rito de Maring\u00e1 (PR) &nbsp; \u00a0 No 30\u00ba Domingo do Tempo Comum, o Evangelho (Mc 10,46-52) nos apresenta a tocante hist\u00f3ria de Bartimeu, um cego mendigo que encontra a cura e transforma\u00e7\u00e3o ao colocar sua f\u00e9 em Jesus. Esta passagem n\u00e3o \u00e9 apenas um relato de uma cura f\u00edsica, mas tamb\u00e9m &hellip;<\/p>\n<p class=\"read-more\"> <a class=\"\" href=\"https:\/\/www.cnbb.org.br\/o-clamor-de-bartimeu-e-o-caminho-da-fe\/\"> <span class=\"screen-reader-text\">O clamor de Bartimeu e o caminho da f\u00e9!\u00a0<\/span> Leia mais &raquo;<\/a><\/p>\n","protected":false},"author":41,"featured_media":0,"comment_status":"closed","ping_status":"closed","sticky":false,"template":"","format":"standard","meta":{"site-sidebar-layout":"default","site-content-layout":"default","ast-global-header-display":"","ast-banner-title-visibility":"","ast-main-header-display":"","ast-hfb-above-header-display":"","ast-hfb-below-header-display":"","ast-hfb-mobile-header-display":"","site-post-title":"","ast-breadcrumbs-content":"","ast-featured-img":"","footer-sml-layout":"","theme-transparent-header-meta":"default","adv-header-id-meta":"","stick-header-meta":"","header-above-stick-meta":"","header-main-stick-meta":"","header-below-stick-meta":""},"categories":[758],"tags":[],"acf":[],"_links":{"self":[{"href":"https:\/\/www.cnbb.org.br\/cnbb-app\/wp\/v2\/posts\/972442"}],"collection":[{"href":"https:\/\/www.cnbb.org.br\/cnbb-app\/wp\/v2\/posts"}],"about":[{"href":"https:\/\/www.cnbb.org.br\/cnbb-app\/wp\/v2\/types\/post"}],"author":[{"embeddable":true,"href":"https:\/\/www.cnbb.org.br\/cnbb-app\/wp\/v2\/users\/41"}],"replies":[{"embeddable":true,"href":"https:\/\/www.cnbb.org.br\/cnbb-app\/wp\/v2\/comments?post=972442"}],"version-history":[{"count":2,"href":"https:\/\/www.cnbb.org.br\/cnbb-app\/wp\/v2\/posts\/972442\/revisions"}],"predecessor-version":[{"id":972444,"href":"https:\/\/www.cnbb.org.br\/cnbb-app\/wp\/v2\/posts\/972442\/revisions\/972444"}],"wp:attachment":[{"href":"https:\/\/www.cnbb.org.br\/cnbb-app\/wp\/v2\/media?parent=972442"}],"wp:term":[{"taxonomy":"category","embeddable":true,"href":"https:\/\/www.cnbb.org.br\/cnbb-app\/wp\/v2\/categories?post=972442"},{"taxonomy":"post_tag","embeddable":true,"href":"https:\/\/www.cnbb.org.br\/cnbb-app\/wp\/v2\/tags?post=972442"}],"curies":[{"name":"wp","href":"https:\/\/api.w.org\/{rel}","templated":true}]}}