{"id":972460,"date":"2024-10-22T11:32:18","date_gmt":"2024-10-22T14:32:18","guid":{"rendered":"https:\/\/www.cnbb.org.br\/?p=972460"},"modified":"2024-10-22T11:32:18","modified_gmt":"2024-10-22T14:32:18","slug":"diocese-de-carolina-no-sul-do-maranhao-celebra-100-anos-da-catedral-sao-pedro-de-alcantara","status":"publish","type":"post","link":"https:\/\/www.cnbb.org.br\/diocese-de-carolina-no-sul-do-maranhao-celebra-100-anos-da-catedral-sao-pedro-de-alcantara\/","title":{"rendered":"Diocese de Carolina, no Sul do Maranh\u00e3o, celebra 100 anos da Catedral S\u00e3o Pedro de Alc\u00e2ntara"},"content":{"rendered":"<div data-breakout=\"normal\">\n<p id=\"viewer-rgffk9894\" class=\"-WmjD o7wcN mv-kv -XAO6\" dir=\"auto\" style=\"text-align: justify;\"><span class=\"MRVrn mv-kv\">A diocese de Carolina celebrou no \u00faltimo s\u00e1bado, dia 19 de outubro, os 100 anos da Catedral S\u00e3o Pedro de Alc\u00e2ntara. <a class=\"-DNwi _8QPjF\" href=\"https:\/\/www.instagram.com\/reel\/DBUbWJkJ2O6\/\" target=\"_blank\" rel=\"noopener noreferrer\" data-hook=\"WebLink\"><u>Esta \u00e9 a quarta Catedral mais antiga do Maranh\u00e3o, data de 1924<\/u><\/a><u>,<\/u> que contou com o apoio total dos Capuchinhos. De prelazia a diocese foram 21 anos, hoje a diocese de Carolina tem 13 par\u00f3quias que evangelizam a regi\u00e3o Sul do Maranh\u00e3o.<\/span><\/p>\n<\/div>\n<div style=\"text-align: justify;\" data-hook=\"rcv-block4\"><span style=\"font-size: 16px;\">Durante os dias de celebra\u00e7\u00e3o, houve o lan\u00e7amento do livro &#8220;A Espiritualidade de S\u00e3o Pedro de Alc\u00e2ntara&#8221;, de autoria do bispo diocesano, dom Francisco Lima Soares, juntamente com o padre Nilton Francisco, e o professor e escritor, Ant\u00f4nio de P\u00e1dua.<\/span><\/div>\n<div data-hook=\"rcv-block4\"><img decoding=\"async\" loading=\"lazy\" class=\"aligncenter wp-image-972466 size-full\" src=\"https:\/\/www.cnbb.org.br\/wp-content\/uploads\/2024\/10\/f22384_66dce0072b9f45379194762a79df0864mv2.png\" alt=\"\" width=\"864\" height=\"434\" srcset=\"https:\/\/www.cnbb.org.br\/wp-content\/uploads\/2024\/10\/f22384_66dce0072b9f45379194762a79df0864mv2.png 864w, https:\/\/www.cnbb.org.br\/wp-content\/uploads\/2024\/10\/f22384_66dce0072b9f45379194762a79df0864mv2-300x151.png 300w, https:\/\/www.cnbb.org.br\/wp-content\/uploads\/2024\/10\/f22384_66dce0072b9f45379194762a79df0864mv2-768x386.png 768w, https:\/\/www.cnbb.org.br\/wp-content\/uploads\/2024\/10\/f22384_66dce0072b9f45379194762a79df0864mv2-500x251.png 500w\" sizes=\"(max-width: 864px) 100vw, 864px\" \/><\/div>\n<div data-hook=\"rcv-block4\"><\/div>\n<div data-hook=\"rcv-block4\">\n<div style=\"text-align: justify;\" data-breakout=\"normal\">\n<blockquote>\n<p id=\"viewer-h9s4k11996\" class=\"-WmjD o7wcN mv-kv -XAO6\" dir=\"auto\"><span class=\"MRVrn mv-kv\">&#8220;N\u00f3s nos apaixonamos por S\u00e3o Pedro de Alc\u00e2ntara, e n\u00f3s quer\u00edamos levar a um aprofundamento, uma socializa\u00e7\u00e3o maior das ideias, da doutrina, dos coment\u00e1rios desse santo. A espiritualidade de S\u00e3o Pedro de Alc\u00e2ntara \u00e9 hoje muito atual numa sociedade da velocidade, numa sociedade doente, numa sociedade cansada a medita\u00e7\u00e3o e a ora\u00e7\u00e3o \u00e9 uma das grandes sa\u00eddas&#8221;, afirmou o professor Ant\u00f4nio de P\u00e1dua.<\/span><\/p>\n<\/blockquote>\n<\/div>\n<div style=\"text-align: justify;\" data-breakout=\"normal\">\n<p id=\"viewer-homts2275\" class=\"-WmjD o7wcN mv-kv -XAO6\" dir=\"auto\"><span class=\"MRVrn mv-kv\">Para encerrar as comemora\u00e7\u00f5es, uma missa campal foi realizada em frente \u00e0 pra\u00e7a da Catedral, sendo presidida por dom Gilberto Pastana, arcebispo de S\u00e3o Lu\u00eds do Maranh\u00e3o, e presidente do Regional Nordeste 5, e concelebrada pelos demais bispos do regional e padres da diocese; al\u00e9m de autoridades locais.<\/span><\/p>\n<\/div>\n<div style=\"text-align: justify;\" data-breakout=\"normal\">\n<blockquote>\n<p id=\"viewer-uguq13732\" class=\"-WmjD o7wcN mv-kv -XAO6\" dir=\"auto\"><span class=\"MRVrn mv-kv\">&#8220;Foi muito bonita essa celebra\u00e7\u00e3o, recordar toda essa hist\u00f3ria evangelizadora e ao mesmo tempo ver as dificuldades, os desafios para esse tempo presente. agradecer por aqueles que hoje fazem acontecer a continuidade dessa evangeliza\u00e7\u00e3o aqui nessa diocese de Carolina&#8221;, destacou dom Gilberto Pastana.<\/span><\/p>\n<\/blockquote>\n<div data-breakout=\"normal\">\n<p id=\"viewer-jebuc5275\" class=\"-WmjD o7wcN mv-kv -XAO6\" dir=\"auto\"><span class=\"MRVrn mv-kv\">Para o bispo diocesano, dom Francisco Lima, a festa culmina a valoriza\u00e7\u00e3o da evangeliza\u00e7\u00e3o no sul do estado do Maranh\u00e3o. &#8220;A festa de S\u00e3o Pedro de Alc\u00e2ntara vem concretizar tudo aquilo que temos de evangeliza\u00e7\u00e3o nesse territ\u00f3rio e marca a hist\u00f3ria de nossa espiritualidade. por isso foi muito feliz ter celebrado essa data e n\u00e3o ter deixado passar em branco esse momento t\u00e3o feliz e t\u00e3o festivo na nossa vida&#8221;, disse.<\/span><\/p>\n<\/div>\n<div data-hook=\"rcv-block16\"><\/div>\n<div data-breakout=\"normal\">\n<div id=\"viewer-66fne11866\" class=\"CXyrb\">\n<figure class=\"_4iSMd\" tabindex=\"0\" role=\"button\" data-hook=\"imageViewer\" aria-haspopup=\"true\">\n<div id=\"66fne11866\" class=\"AKZws lobPn pEcpm\"><a href=\"https:\/\/www.cnbbne5.org\/post\/diocese-de-carolina-no-sul-do-maranh%C3%A3o-celebra-100-anos-da-catedral-s%C3%A3o-pedro-de-alc%C3%A2ntara\" target=\"_blank\" rel=\"noopener\">A not\u00edcia completa no site do regional NE 5\u00a0<\/a><\/div>\n<\/figure>\n<\/div>\n<\/div>\n<\/div>\n<div style=\"text-align: justify;\" data-hook=\"rcv-block14\"><\/div>\n<div data-breakout=\"normal\">\n<div id=\"viewer-tkap712006\" class=\"CXyrb\">\n<figure class=\"_4iSMd\" tabindex=\"0\" role=\"button\" data-hook=\"imageViewer\" aria-haspopup=\"true\">\n<div id=\"tkap712006\" class=\"AKZws lobPn pEcpm\"><\/div>\n<\/figure>\n<\/div>\n<\/div>\n<\/div>\n","protected":false},"excerpt":{"rendered":"<p>A diocese de Carolina celebrou no \u00faltimo s\u00e1bado, dia 19 de outubro, os 100 anos da Catedral S\u00e3o Pedro de Alc\u00e2ntara. Esta \u00e9 a quarta Catedral mais antiga do Maranh\u00e3o, data de 1924, que contou com o apoio total dos Capuchinhos. De prelazia a diocese foram 21 anos, hoje a diocese de Carolina tem 13 &hellip;<\/p>\n<p class=\"read-more\"> <a class=\"\" href=\"https:\/\/www.cnbb.org.br\/diocese-de-carolina-no-sul-do-maranhao-celebra-100-anos-da-catedral-sao-pedro-de-alcantara\/\"> <span class=\"screen-reader-text\">Diocese de Carolina, no Sul do Maranh\u00e3o, celebra 100 anos da Catedral S\u00e3o Pedro de Alc\u00e2ntara<\/span> Leia mais &raquo;<\/a><\/p>\n","protected":false},"author":141,"featured_media":972464,"comment_status":"closed","ping_status":"closed","sticky":false,"template":"","format":"standard","meta":{"site-sidebar-layout":"default","site-content-layout":"default","ast-global-header-display":"","ast-banner-title-visibility":"","ast-main-header-display":"","ast-hfb-above-header-display":"","ast-hfb-below-header-display":"","ast-hfb-mobile-header-display":"","site-post-title":"","ast-breadcrumbs-content":"","ast-featured-img":"","footer-sml-layout":"","theme-transparent-header-meta":"default","adv-header-id-meta":"","stick-header-meta":"","header-above-stick-meta":"","header-main-stick-meta":"","header-below-stick-meta":""},"categories":[821],"tags":[],"acf":[],"_links":{"self":[{"href":"https:\/\/www.cnbb.org.br\/cnbb-app\/wp\/v2\/posts\/972460"}],"collection":[{"href":"https:\/\/www.cnbb.org.br\/cnbb-app\/wp\/v2\/posts"}],"about":[{"href":"https:\/\/www.cnbb.org.br\/cnbb-app\/wp\/v2\/types\/post"}],"author":[{"embeddable":true,"href":"https:\/\/www.cnbb.org.br\/cnbb-app\/wp\/v2\/users\/141"}],"replies":[{"embeddable":true,"href":"https:\/\/www.cnbb.org.br\/cnbb-app\/wp\/v2\/comments?post=972460"}],"version-history":[{"count":4,"href":"https:\/\/www.cnbb.org.br\/cnbb-app\/wp\/v2\/posts\/972460\/revisions"}],"predecessor-version":[{"id":972467,"href":"https:\/\/www.cnbb.org.br\/cnbb-app\/wp\/v2\/posts\/972460\/revisions\/972467"}],"wp:featuredmedia":[{"embeddable":true,"href":"https:\/\/www.cnbb.org.br\/cnbb-app\/wp\/v2\/media\/972464"}],"wp:attachment":[{"href":"https:\/\/www.cnbb.org.br\/cnbb-app\/wp\/v2\/media?parent=972460"}],"wp:term":[{"taxonomy":"category","embeddable":true,"href":"https:\/\/www.cnbb.org.br\/cnbb-app\/wp\/v2\/categories?post=972460"},{"taxonomy":"post_tag","embeddable":true,"href":"https:\/\/www.cnbb.org.br\/cnbb-app\/wp\/v2\/tags?post=972460"}],"curies":[{"name":"wp","href":"https:\/\/api.w.org\/{rel}","templated":true}]}}