{"id":972496,"date":"2024-10-23T08:47:32","date_gmt":"2024-10-23T11:47:32","guid":{"rendered":"https:\/\/www.cnbb.org.br\/?p=972496"},"modified":"2024-10-23T08:52:07","modified_gmt":"2024-10-23T11:52:07","slug":"o-cirio-de-nazare-2024-em-maraba-e-as-suas-emocoes","status":"publish","type":"post","link":"https:\/\/www.cnbb.org.br\/o-cirio-de-nazare-2024-em-maraba-e-as-suas-emocoes\/","title":{"rendered":"O C\u00edrio de Nazar\u00e9 2024 em Marab\u00e1 e as suas emo\u00e7\u00f5es"},"content":{"rendered":"<p style=\"text-align: right;\"><strong>Dom Vital Corbellini<br \/>\nBispo de Marab\u00e1 (PA) \u00a0<\/strong><\/p>\n<p>&nbsp;<\/p>\n<p>&nbsp;<\/p>\n<p style=\"text-align: justify;\"><span data-contrast=\"auto\">O C\u00edrio \u00e9 um processo de evangeliza\u00e7\u00e3o muito forte para o povo de Deus, ministros ordenados, leigos e leigas, um an\u00fancio da Palavra de Deus, tendo presentes as celebra\u00e7\u00f5es eucar\u00edsticas, de amor a Maria e ao seu Filho Jesus Cristo sendo preparado desde o in\u00edcio do ano exigindo uma grande dedica\u00e7\u00e3o por parte de muitas pessoas para que seja bem pensado e concretizado devido a propor\u00e7\u00e3o sempre mais crescente no c\u00edrio de Nossa Senhora de Nazar\u00e9 em Marab\u00e1, sul e sudeste do Par\u00e1. Ele \u00e9 um momento da gra\u00e7a de Deus por Maria e ao seu Filho Jesus Cristo, sendo\u00a0 chamado de C\u00edrio por ter esta dimens\u00e3o do povo de Deus nas ruas, feito por milhares de pessoas, trazendo fortes emo\u00e7\u00f5es porque o povo reza e louva o Senhor Deus por sua m\u00e3e, Maria sant\u00edssima. Em Marab\u00e1, o c\u00edrio foi realizado nos dias 19 e 20 de outubro.\u00a0<\/span><span data-ccp-props=\"{&quot;335551550&quot;:6,&quot;335551620&quot;:6}\">\u00a0<\/span><\/p>\n<p style=\"text-align: justify;\"><span data-contrast=\"auto\">O quadrag\u00e9simo quarto C\u00edrio<\/span><\/p>\n<p style=\"text-align: justify;\"><span data-contrast=\"auto\">N\u00f3s festejamos o quadrag\u00e9simo quarto C\u00edrio de Nossa Senhora de Nazar\u00e9 2024. Ele teve como tema fundamental: \u00d3 Maria fortalecei a nossa fraternidade, ligado \u00e0 Campanha da Fraternidade 2024: Fraternidade e amizade social; V\u00f3s sois todos irm\u00e3os e irm\u00e3s (cf. Mt 23,8). N\u00f3s necessitamos de fraternidade e de vida, dons divinos para a continuidade da exist\u00eancia humana uma vez que n\u00f3s estamos vendo muitas guerras com milhares de mortes de pessoas inocentes, nas quais n\u00f3s buscamos a paz. Como seguidores e seguidores do Senhor construamos la\u00e7os de fraternidade e de amor entre n\u00f3s, nas fam\u00edlias, comunidades e sociedade. A fraternidade \u00e9 o caminho do bem comum, do amor a Deus, ao pr\u00f3ximo como a si mesmo. N\u00f3s pedimos a Maria para que fortale\u00e7a entre n\u00f3s a fraternidade, na supera\u00e7\u00e3o do \u00f3dio e da inimizade, em vista do verdadeiro amor entre irm\u00e3os e irm\u00e3s em Cristo Jesus e na Igreja.\u00a0<\/span><span data-ccp-props=\"{&quot;335551550&quot;:6,&quot;335551620&quot;:6}\">\u00a0<\/span><\/p>\n<p style=\"text-align: justify;\"><span data-contrast=\"auto\">A visita nas par\u00f3quias e nas comunidades<\/span><span data-ccp-props=\"{&quot;335551550&quot;:6,&quot;335551620&quot;:6}\">\u00a0<\/span><\/p>\n<p style=\"text-align: justify;\"><span data-contrast=\"auto\">O C\u00edrio possui uma programa\u00e7\u00e3o muito importante que \u00e9 a ida da imagem \u00e0s par\u00f3quias e \u00e0s comunidades. Este ponto ajudou ao c\u00edrio para que este estivesse mais pr\u00f3ximo das pessoas. N\u00f3s percebemos uma devo\u00e7\u00e3o muito forte do povo de Deus que acorre em ver a imagem passar tirando fotografias, rezando ou mesmo se colocando de joelhos, ou ainda ocorreram manifesta\u00e7\u00f5es de emo\u00e7\u00e3o pelo choro quando Nossa Senhora de Nazar\u00e9 passava pela imagem dentro da berlinda. N\u00f3s afirmamos que as par\u00f3quias com os sacerdotes acolheram muito bem a imagem de Nossa Senhora fazendo com que ela visitasse as comunidades. Esta visita \u00e9 sempre um momento de evangeliza\u00e7\u00e3o, feita com muita ora\u00e7\u00e3o, devo\u00e7\u00e3o \u00e0 Maria porque ela est\u00e1 perto de Jesus. As missas foram realizadas na par\u00f3quia e nas comunidades com uma participa\u00e7\u00e3o muito boa do povo de Deus.\u00a0<\/span><span data-ccp-props=\"{&quot;335551550&quot;:6,&quot;335551620&quot;:6}\">\u00a0<\/span><\/p>\n<p style=\"text-align: justify;\"><span data-contrast=\"auto\">O c\u00edrio mission\u00e1rio <\/span><span data-ccp-props=\"{&quot;335551550&quot;:6,&quot;335551620&quot;:6}\">\u00a0<\/span><\/p>\n<p style=\"text-align: justify;\"><span data-contrast=\"auto\">O c\u00edrio tem uma grande a\u00e7\u00e3o que \u00e9 a miss\u00e3o, com uma equipe de mission\u00e1rios leigos, leigas, seminaristas, postulantes, irm\u00e3s, pessoas da equipe de evangeliza\u00e7\u00e3o e os sacerdotes das par\u00f3quias. O objetivo deste c\u00edrio \u00e9 a visita das pessoas mission\u00e1rias para as fam\u00edlias, para refor\u00e7ar a import\u00e2ncia da comunidade, viver a miss\u00e3o de ir para o mundo e levar o evangelho de Jesus Cristo a todas as criaturas (cfr. Mc 16,15). A visita ocorreu quando a imagem de Nossa Senhora chegou \u00e0s par\u00f3quias de modo que o sacerdote escolheu uma comunidade para ser visitada naquele dia pela parte da tarde. N\u00f3s visitamos mais de 1800 fam\u00edlias nas doze par\u00f3quias em que a imagem passou desde setembro at\u00e9 outubro. A grande maioria das fam\u00edlias aceitou a nossa visita e rezamos com as pessoas participantes, levando a Palavra de Deus e n\u00f3s fizemos o convite para que estivessem presentes na comunidade, par\u00f3quia e os dias do c\u00edrio de Nossa Senhora de Nazar\u00e9.\u00a0<\/span><span data-ccp-props=\"{&quot;335551550&quot;:6,&quot;335551620&quot;:6}\">\u00a0<\/span><\/p>\n<p style=\"text-align: justify;\"><span data-contrast=\"auto\">O C\u00edrio fluvial<\/span><\/p>\n<p style=\"text-align: justify;\"><span data-contrast=\"auto\">Ele realizou-se no s\u00e1bado ap\u00f3s a missa no santu\u00e1rio onde as pessoas se dirigiram at\u00e9 o Rio Tocantins. Uma grade multid\u00e3o acompanhou este momento de f\u00e9 e de amor. A \u00e1gua \u00e9 fonte de vida. A imagem esteve numa das embarca\u00e7\u00f5es dos povos ribeirinhos tendo um aparato de seguran\u00e7a feito com muitas embarca\u00e7\u00f5es das entidades envolvidas. Outras embarca\u00e7\u00f5es com muitas pessoas acompanharam o c\u00edrio fluvial. N\u00f3s pedimos a Deus por Maria que aben\u00e7oasse o c\u00edrio fluvial, as pessoas nas embarca\u00e7\u00f5es, os rios Tocantins e Itacai\u00fanas, para que eles continuem como rios com muitas fontes de vida atrav\u00e9s do peixe e da \u00e1gua para abastecimento de milhares de casas nos campos e nas cidades.\u00a0<\/span><span data-ccp-props=\"{&quot;335551550&quot;:6,&quot;335551620&quot;:6}\">\u00a0<\/span><\/p>\n<p style=\"text-align: justify;\"><span data-contrast=\"auto\">A caminhada na Marab\u00e1 Pioneira<\/span><\/p>\n<p style=\"text-align: justify;\"><span data-contrast=\"auto\">Esta caminhada proporcionou muitas emo\u00e7\u00f5es, porque foi feita por milhares de pessoas e em quase todas as casas ocorreram uma homenagem com altar, flores, cartaz do c\u00edrio, velas, ter\u00e7o com as pessoas presenciando o momento da chegada da imagem de Nossa Senhora de Nazar\u00e9. Ela passou naquelas ruas, com um povo que louva a Deus por Maria.\u00a0\u00a0<\/span><span data-ccp-props=\"{&quot;335551550&quot;:6,&quot;335551620&quot;:6}\">\u00a0<\/span><\/p>\n<p style=\"text-align: justify;\"><span data-contrast=\"auto\">A troca do manto<\/span><\/p>\n<p style=\"text-align: justify;\"><span data-contrast=\"auto\">A missa da troca do manto ocorreu no s\u00e1bado \u00e0 noite no final da missa, com um grande n\u00famero de pessoas participantes. Foi um momento forte de evangeliza\u00e7\u00e3o para todo o povo de Deus porque o manto \u00e9 pensado a partir do tema do c\u00edrio: \u00d3 Maria fortalecei a nossa fraternidade. A cor do manto foi muito bonita de modo que o povo aplaudiu quando ele apareceu sendo conduzido at\u00e9 o placo para ser posto na imagem de Nossa Senhora de Nazar\u00e9. O manto teve a cor rosa, significando uma roupa nova que estar\u00e1 presente na imagem at\u00e9 o pr\u00f3ximo c\u00edrio 2025. A troca do manto colocou a import\u00e2ncia da convers\u00e3o de vida que n\u00f3s assumimos com Jesus e com Maria, para que sigamos o seu Filho pela realiza\u00e7\u00e3o de pr\u00e1ticas de caridade e de amor. O Senhor nos quer com o manto do amor.<\/span><span data-ccp-props=\"{&quot;335551550&quot;:6,&quot;335551620&quot;:6}\">\u00a0<\/span><\/p>\n<p style=\"text-align: justify;\"><span data-contrast=\"auto\">O dia do C\u00edrio<\/span><\/p>\n<p style=\"text-align: justify;\"><span data-contrast=\"auto\">O c\u00edrio teve uma missa de abertura no dia do c\u00edrio, no domingo, dia 20 de outubro, dia do Senhor, bem cedo e concelebrada por diversos sacerdotes e di\u00e1conos. Uma grade multid\u00e3o esteve presente na missa causando emo\u00e7\u00e3o pela participa\u00e7\u00e3o daquele povo de Deus \u00e0 celebra\u00e7\u00e3o eucar\u00edstica. N\u00f3s afirmamos o esfor\u00e7o do povo que veio de longe porque teve que levantar cedo para estar l\u00e1 presente na missa utilizando-se sobretudo com \u00f4nibus ou em vans; e o povo que veio de perto se serviu dos carros, motos, sendo que muitas pessoas caminharam at\u00e9 o local da missa, perto da catedral, em frente ao Palacete Augusto Dias para participar da missa.\u00a0<\/span><span data-ccp-props=\"{&quot;335551550&quot;:6,&quot;335551620&quot;:6}\">\u00a0<\/span><\/p>\n<p style=\"text-align: justify;\"><span data-contrast=\"auto\">A caminhada at\u00e9 o santu\u00e1rio<\/span><\/p>\n<p style=\"text-align: justify;\"><span data-contrast=\"auto\">Com a ben\u00e7\u00e3o final, iniciou-se a caminhada at\u00e9 o santu\u00e1rio de Nossa Senhora de Nazar\u00e9. N\u00f3s tivemos diversos carros de sons que possibilitaram a divulga\u00e7\u00e3o das ora\u00e7\u00f5es, dos c\u00e2nticos, feitas pela equipe da evangeliza\u00e7\u00e3o, com a recita de ter\u00e7os, e tamb\u00e9m foram dados fortes vivas a Nossa Senhora, a Jesus Cristo e ao pr\u00f3prio c\u00edrio. Este ponto ganhou valor porque o c\u00edrio de Nossa Senhora de Nazar\u00e9 \u00e9 orante levando as pessoas a rezar, a dar louvores ao Senhor pelas gra\u00e7as alcan\u00e7adas, ou as pessoas fizeram novos pedidos a Maria para que ela os conduza at\u00e9 o seu Filho Jesus Cristo. Uma grande multid\u00e3o de trezentos mil pessoas realizou com f\u00e9 e com amor a caminhada. Quando o povo de Deus chegou at\u00e9 o santu\u00e1rio foi realizada mais uma missa de encerramento do c\u00edrio de Nossa Senhora de Nazar\u00e9 2024.\u00a0<\/span><span data-ccp-props=\"{&quot;335551550&quot;:6,&quot;335551620&quot;:6}\">\u00a0<\/span><\/p>\n<p style=\"text-align: justify;\"><span data-contrast=\"auto\">A corda da berlinda<\/span><\/p>\n<p style=\"text-align: justify;\"><span data-contrast=\"auto\">Um s\u00edmbolo muito forte \u00e9 a corda ligando-a \u00e0 berlinda, em unidade com a imagem de Nossa Senhora de Nazar\u00e9 e com Jesus. Assim como as pessoas n\u00e3o conseguem tocar a imagem, elas o fazem agarradas \u00e0 corda da berlinda. Em muitas delas, o fazem a p\u00e9 descal\u00e7o, e com muita f\u00e9 realizam esta caminhada nas ruas com o calor do asfalto, porque agradecem a M\u00e3e pelas gra\u00e7as alcan\u00e7adas, pedem novas gra\u00e7as ao Senhor por intercess\u00e3o da Virgem Maria, como a sa\u00fade para os seus filhos, filhas, netos ou mesmo levando na cabe\u00e7a tijolos ou outros objetos. Tudo isso \u00e9 emocionante porque \u00e9 a f\u00e9 do povo que manifesta o amor de Deus para cada pessoa humana.\u00a0\u00a0<\/span><span data-ccp-props=\"{&quot;335551550&quot;:6,&quot;335551620&quot;:6}\">\u00a0<\/span><\/p>\n<p style=\"text-align: justify;\"><span data-contrast=\"auto\">A organiza\u00e7\u00e3o do C\u00edrio<\/span><\/p>\n<p style=\"text-align: justify;\"><span data-contrast=\"auto\">O c\u00edrio teve uma organiza\u00e7\u00e3o muito importante feito por pessoas leigas que assumiram diretorias diversas, homens e mulheres e formaram equipes de ap\u00f3io, da guarda em vista do c\u00edrio de Nossa Senhora de Nazar\u00e9 em Marab\u00e1. N\u00f3s louvemos a Deus Uno e Trino pela organiza\u00e7\u00e3o feita por muitos diretores, e diretoras, pessoas que amam o C\u00edrio e fazem o poss\u00edvel para que tudo ocorra bem. Sacerdotes diversos juntamente com o bispo diocesano apoiaram o c\u00edrio, sendo a grande manifesta\u00e7\u00e3o de f\u00e9, de amor a Maria e ao seu Filho Jesus Cristo nesta regi\u00e3o do Sul e do Sudeste do Estado do Par\u00e1.\u00a0<\/span><span data-ccp-props=\"{&quot;335551550&quot;:6,&quot;335551620&quot;:6}\">\u00a0<\/span><\/p>\n<p style=\"text-align: justify;\"><span data-contrast=\"auto\">O povo nas ruas<\/span><\/p>\n<p style=\"text-align: justify;\"><span data-contrast=\"auto\">O povo foi nas ruas fazendo a caminhada de mais de sete Kms. Foi um dia bonito, 20 de Outubro. As pessoas e entidades ajudaram com \u00e1gua, comida ao longo da caminhada. Milhares de pessoas foram para as ruas debaixo de um sol escaldante sendo promesseiros e promesseira para vivenciar o c\u00edrio de Nossa Senhora de Nazar\u00e9. As pessoas louvaram a Deus pelo c\u00edrio tendo presente a caminhada em si feita com muita alegria por viver a f\u00e9 cat\u00f3lica, por participar da comunidade, vivendo um compromisso com a vida, e o seguimento a Jesus Cristo e \u00e0 comunidade.\u00a0<\/span><span data-ccp-props=\"{&quot;335551550&quot;:6,&quot;335551620&quot;:6}\">\u00a0<\/span><\/p>\n<p style=\"text-align: justify;\"><span data-contrast=\"auto\">O louvor a Deus Uno e Trino por intercess\u00e3o de Nossa Senhora<\/span><\/p>\n<p style=\"text-align: justify;\"><span data-contrast=\"auto\">O agradecimento ao Deus Uno e Trino vem do cora\u00e7\u00e3o pela realiza\u00e7\u00e3o de mais um c\u00edrio, o quadrag\u00e9simo quarto em Marab\u00e1. Ele transcorreu tudo de uma forma normal. N\u00f3s agradecemos os \u00f3rg\u00e3os que acompanharam o c\u00edrio garantindo a seguran\u00e7a para os promesseiros, as promesseiras, pessoas devotas de Nossa Senhora de Nazar\u00e9. N\u00f3s louvemos o Senhor por Ele nos ter dado Maria Sant\u00edssima que passou pelas ruas, rios e caminhos de Marab\u00e1. O Senhor Jesus Cristo visitou Marab\u00e1 por intercess\u00e3o de Maria, Nossa Senhora de Nazar\u00e9. As emo\u00e7\u00f5es foram muitas com o C\u00edrio de Nossa Senhora de Nazar\u00e9. Foi C\u00edrio mais uma vez em Marab\u00e1, 2024.\u00a0<\/span><span data-ccp-props=\"{&quot;335551550&quot;:6,&quot;335551620&quot;:6}\">\u00a0<\/span><\/p>\n<p><span data-ccp-props=\"{}\">\u00a0<\/span><\/p>\n","protected":false},"excerpt":{"rendered":"<p>Dom Vital Corbellini Bispo de Marab\u00e1 (PA) \u00a0 &nbsp; &nbsp; O C\u00edrio \u00e9 um processo de evangeliza\u00e7\u00e3o muito forte para o povo de Deus, ministros ordenados, leigos e leigas, um an\u00fancio da Palavra de Deus, tendo presentes as celebra\u00e7\u00f5es eucar\u00edsticas, de amor a Maria e ao seu Filho Jesus Cristo sendo preparado desde o in\u00edcio &hellip;<\/p>\n<p class=\"read-more\"> <a class=\"\" href=\"https:\/\/www.cnbb.org.br\/o-cirio-de-nazare-2024-em-maraba-e-as-suas-emocoes\/\"> <span class=\"screen-reader-text\">O C\u00edrio de Nazar\u00e9 2024 em Marab\u00e1 e as suas emo\u00e7\u00f5es<\/span> Leia mais &raquo;<\/a><\/p>\n","protected":false},"author":16,"featured_media":0,"comment_status":"closed","ping_status":"closed","sticky":false,"template":"","format":"standard","meta":{"site-sidebar-layout":"default","site-content-layout":"default","ast-global-header-display":"","ast-banner-title-visibility":"","ast-main-header-display":"","ast-hfb-above-header-display":"","ast-hfb-below-header-display":"","ast-hfb-mobile-header-display":"","site-post-title":"","ast-breadcrumbs-content":"","ast-featured-img":"","footer-sml-layout":"","theme-transparent-header-meta":"default","adv-header-id-meta":"","stick-header-meta":"","header-above-stick-meta":"","header-main-stick-meta":"","header-below-stick-meta":""},"categories":[758],"tags":[],"acf":[],"_links":{"self":[{"href":"https:\/\/www.cnbb.org.br\/cnbb-app\/wp\/v2\/posts\/972496"}],"collection":[{"href":"https:\/\/www.cnbb.org.br\/cnbb-app\/wp\/v2\/posts"}],"about":[{"href":"https:\/\/www.cnbb.org.br\/cnbb-app\/wp\/v2\/types\/post"}],"author":[{"embeddable":true,"href":"https:\/\/www.cnbb.org.br\/cnbb-app\/wp\/v2\/users\/16"}],"replies":[{"embeddable":true,"href":"https:\/\/www.cnbb.org.br\/cnbb-app\/wp\/v2\/comments?post=972496"}],"version-history":[{"count":2,"href":"https:\/\/www.cnbb.org.br\/cnbb-app\/wp\/v2\/posts\/972496\/revisions"}],"predecessor-version":[{"id":972498,"href":"https:\/\/www.cnbb.org.br\/cnbb-app\/wp\/v2\/posts\/972496\/revisions\/972498"}],"wp:attachment":[{"href":"https:\/\/www.cnbb.org.br\/cnbb-app\/wp\/v2\/media?parent=972496"}],"wp:term":[{"taxonomy":"category","embeddable":true,"href":"https:\/\/www.cnbb.org.br\/cnbb-app\/wp\/v2\/categories?post=972496"},{"taxonomy":"post_tag","embeddable":true,"href":"https:\/\/www.cnbb.org.br\/cnbb-app\/wp\/v2\/tags?post=972496"}],"curies":[{"name":"wp","href":"https:\/\/api.w.org\/{rel}","templated":true}]}}