{"id":972502,"date":"2024-10-23T08:54:08","date_gmt":"2024-10-23T11:54:08","guid":{"rendered":"https:\/\/www.cnbb.org.br\/?p=972502"},"modified":"2024-10-24T09:52:31","modified_gmt":"2024-10-24T12:52:31","slug":"o-sentido-das-romarias","status":"publish","type":"post","link":"https:\/\/www.cnbb.org.br\/o-sentido-das-romarias\/","title":{"rendered":"O sentido das romarias"},"content":{"rendered":"<p style=\"text-align: right;\"><strong>Dom Antonio de Assis<\/strong><br \/>\n<strong>Bispo auxiliar de Bel\u00e9m do Par\u00e1 (PA)<\/strong><\/p>\n<p>&nbsp;<\/p>\n<p style=\"text-align: justify;\"><span data-contrast=\"auto\">As celebra\u00e7\u00f5es que comp\u00f5em a grande Festividade do C\u00edrio de Nossa Senhora de Nazar\u00e9 em Bel\u00e9m do Par\u00e1, t\u00eam muitos aspectos, dimens\u00f5es, ambientes, sujeitos, atividades, din\u00e2micas, \u00edcones. O C\u00edrio de Nossa Senhora de Nazar\u00e9 \u00e9 um conjunto de eventos socio-pastorais que tem como ponto culminante a prociss\u00e3o da manh\u00e3 no segundo domingo de Outubro. M\u00e1s \u00e9 impens\u00e1vel esse evento sem as celebra\u00e7\u00f5es precedentes e subsequentes! Por isso o C\u00edrio de Nazar\u00e9 n\u00e3o \u00e9 um evento fugaz!\u00a0<\/span><span data-ccp-props=\"{&quot;201341983&quot;:0,&quot;335551550&quot;:6,&quot;335551620&quot;:6,&quot;335559739&quot;:0,&quot;335559740&quot;:240}\">\u00a0<\/span><\/p>\n<p style=\"text-align: justify;\"><span data-contrast=\"auto\">Como a mani\u00e7oba que vai sendo curtida e temperada ao fogo por dias, assim tamb\u00e9m o C\u00edrio vai sendo gestado, reunindo gente de todas as partes e aquecendo as massas ao calor da f\u00e9, animadas pela atra\u00e7\u00e3o materna da m\u00e3e de Jesus Cristo e nossa m\u00e3e. O C\u00edrio \u00e9 mist\u00e9rio de f\u00e9, de paix\u00e3o por Deus atrav\u00e9s de Maria.\u00a0<\/span><span data-ccp-props=\"{&quot;201341983&quot;:0,&quot;335551550&quot;:6,&quot;335551620&quot;:6,&quot;335559739&quot;:0,&quot;335559740&quot;:240}\">\u00a0<\/span><\/p>\n<p style=\"text-align: justify;\"><span data-ccp-props=\"{&quot;201341983&quot;:0,&quot;335559739&quot;:0,&quot;335559740&quot;:240}\">\u00a0<\/span><b><span data-contrast=\"auto\">A natureza do C\u00edrio<\/span><\/b><span data-ccp-props=\"{&quot;201341983&quot;:0,&quot;335551550&quot;:6,&quot;335551620&quot;:6,&quot;335559739&quot;:0,&quot;335559740&quot;:240}\">\u00a0<\/span><\/p>\n<p style=\"text-align: justify;\"><span data-contrast=\"auto\">No C\u00edrio n\u00e3o impera o aspecto meramente lit\u00fargico e formal, muito pelo contr\u00e1rio, o clima festivo e a dinamicidade dos eventos nos falam da beleza do dinamismo da f\u00e9 cat\u00f3lica, com sua pluridimensionalidade, abertura, humanismo, fraternidade. Por isso, os eventos do C\u00edrio n\u00e3o devem ser transformados em eventos de protestos. Quem pode julgar-se digno de estar na presen\u00e7a de Jesus e Maria? E se todos os indignos sa\u00edssem das romarias, quem ficaria? Sobre isso, Jesus j\u00e1 se manifestou: \u201cQuem n\u00e3o tiver pecado, atire a primeira pedra\u201d (Jo 11,7). Isso significa que a presen\u00e7a no C\u00edrio deve ter, para cada fiel, um significado e que seja compromisso de convers\u00e3o. Nesse caminho devemos estar todos caminhando em comunh\u00e3o, no mesmo rumo, em sintonia com os mesmos ideais do Reino de Deus.\u00a0<\/span><span data-ccp-props=\"{&quot;201341983&quot;:0,&quot;335551550&quot;:6,&quot;335551620&quot;:6,&quot;335559739&quot;:0,&quot;335559740&quot;:240}\">\u00a0<\/span><\/p>\n<p style=\"text-align: justify;\"><span data-contrast=\"auto\">Todas as manifesta\u00e7\u00f5es coletivas e institucionalizadas fazem parte do dinamismo da f\u00e9 reconhecida, celebrada e encarnada na realidade paraense, como aut\u00eantica piedade popular. As express\u00f5es de f\u00e9 de um povo passam sempre por muitas manifesta\u00e7\u00f5es religiosas permeadas pela sensibilidade cultural. H\u00e1 uma cont\u00ednua conex\u00e3o entre a mente elevada que ora e os p\u00e9s fincados na realidade concreta.\u00a0\u00a0<\/span><span data-ccp-props=\"{&quot;201341983&quot;:0,&quot;335551550&quot;:6,&quot;335551620&quot;:6,&quot;335559739&quot;:0,&quot;335559740&quot;:240}\">\u00a0<\/span><\/p>\n<p style=\"text-align: justify;\"><span data-contrast=\"auto\">N\u00e3o tenho d\u00favidas que o Esp\u00edrito Santo ainda vai provocar o surgimentos de novos elementos que, no futuro, v\u00e3o enriquecer ainda mais a beleza e o conte\u00fado dessa festividade, em vista do fortalecimento e da amplia\u00e7\u00e3o das possibilidades da evangeliza\u00e7\u00e3o.\u00a0\u00a0<\/span><span data-ccp-props=\"{&quot;201341983&quot;:0,&quot;335551550&quot;:6,&quot;335551620&quot;:6,&quot;335559739&quot;:0,&quot;335559740&quot;:240}\">\u00a0<\/span><\/p>\n<p style=\"text-align: justify;\"><span data-contrast=\"auto\">O objetivo de tudo isso \u00e9 a evangelizar, uma vez que o mist\u00e9rio da Palavra de Deus se serve de muitos canais para chegar at\u00e9 o cora\u00e7\u00e3o e a consci\u00eancia dos fi\u00e9is. Mesmo para quem n\u00e3o tem sensibilidade religiosa crist\u00e3 e nem senso de perten\u00e7a \u00e0 Igreja Cat\u00f3lica, deve se dobrar humildemente diante das extraordin\u00e1rias manifesta\u00e7\u00f5es de f\u00e9. Respeitar a piedade do outro \u00e9 uma exig\u00eancia \u00e9tica.\u00a0<\/span><span data-ccp-props=\"{&quot;201341983&quot;:0,&quot;335551550&quot;:6,&quot;335551620&quot;:6,&quot;335559739&quot;:0,&quot;335559740&quot;:240}\">\u00a0<\/span><\/p>\n<p style=\"text-align: justify;\"><span data-contrast=\"auto\">A prop\u00f3sito, \u00e9 digno de reconhecimento e aplauso as v\u00e1rias manifesta\u00e7\u00f5es solid\u00e1rias de outras Igrejas e grupos religiosos. \u201cO amor \u00e9 a plenitude da lei\u201d (Rm 13,10). Ent\u00e3o, a aus\u00eancia do amor na pr\u00e1tica da religi\u00e3o invalida tudo! (cf. 1Cor 13). O C\u00edrio de Nossa Senhora de Nazar\u00e9, aos poucos, desponta como evento que convoca para a unidade fraterna e amizade. Quem n\u00e3o est\u00e1 contra n\u00f3s, est\u00e1 conosco! (cf. Lc 9,50).<\/span><span data-ccp-props=\"{&quot;201341983&quot;:0,&quot;335551550&quot;:6,&quot;335551620&quot;:6,&quot;335559739&quot;:0,&quot;335559740&quot;:240}\">\u00a0<\/span><\/p>\n<p style=\"text-align: justify;\"><b style=\"font-style: inherit;\"><span data-contrast=\"auto\">O sentido das Romarias\u00a0<\/span><\/b><\/p>\n<p style=\"text-align: justify;\"><span data-contrast=\"auto\">Dentre as tantas celebra\u00e7\u00f5es da Festividade de Nazar\u00e9 temos um conjunto de 14 \u201cRomarias\u201d. Mas o que isso significa? Qual \u00e9 o seu sentido? A palavra \u201cromeiro\u201d nos remete \u00e0 cidade de Roma, onde por muitos s\u00e9culos e ainda hoje, continua sendo a meta de milh\u00f5es de peregrinos ao longo de todos os anos. Ap\u00f3s Jerusal\u00e9m, a cidade mais significativa para o cristianismo \u00e9 Roma. Para l\u00e1 os ap\u00f3stolos Pedro e Paulo, na fidelidade ao Mestre, se fizeram peregrinos e conclu\u00edram seu testemunho de f\u00e9; l\u00e1 est\u00e3o os mais dram\u00e1ticos testemunhos de f\u00e9 dos crist\u00e3os m\u00e1rtires dos primeiros s\u00e9culos.<\/span><span data-ccp-props=\"{&quot;201341983&quot;:0,&quot;335551550&quot;:6,&quot;335551620&quot;:6,&quot;335559739&quot;:0,&quot;335559740&quot;:240}\">\u00a0<\/span><\/p>\n<p style=\"text-align: justify;\"><span data-contrast=\"auto\">A Roma deste mundo \u00e9 s\u00edmbolo da cidade eterna, a Jerusal\u00e9m do alto, para onde todos caminhamos, que \u00e9 o Para\u00edso, a Cidade de Deus (cf. Ap 3,12), cidade santa, pura, bela e preciosa (cf. Ap 11,2; 21.2.7). Quando os cat\u00f3licos se colocam a caminho em romaria, em prociss\u00e3o, em peregrina\u00e7\u00e3o est\u00e3o renovando o dinamismo da pr\u00f3pria esperan\u00e7a. Para a Cidade Celeste n\u00e3o caminhamos isoladamente, mas vamos juntos, como irm\u00e3os, fraternalmente. As romarias imitam o dinamismo de vida fraterna da Igreja, todos juntos, lado a lado, em esp\u00edrito solid\u00e1rio, nos exercitamos na Caridade traduzindo em obras a nossa esperan\u00e7a da Vida eterna.\u00a0<\/span><span data-ccp-props=\"{&quot;201341983&quot;:0,&quot;335551550&quot;:6,&quot;335551620&quot;:6,&quot;335559739&quot;:0,&quot;335559740&quot;:240}\">\u00a0<\/span><\/p>\n<p style=\"text-align: justify;\"><span data-contrast=\"auto\">Nas romarias caminhamos no mesmo rumo sendo orientados por l\u00edderes animadores, pregadores e muitos outros servidores. Essa imagem representa a beleza da vida de comunh\u00e3o da Igreja Cat\u00f3lica e da valoriza\u00e7\u00e3o dos dons que cada um recebeu que enriquece a Igreja peregrina. Quem est\u00e1 fundamentado na mesma f\u00e9, animado pela \u00fanica esperan\u00e7a e dinamizado pelo mesmo amor de Cristo, n\u00e3o deve isolar-se e nem andar por dire\u00e7\u00f5es contr\u00e1rias \u00e0quela da Jerusal\u00e9m do Alto. Cada romaria \u00e9 um testemunho da f\u00e9 coletiva, comunit\u00e1ria, eclesial envolvendo uma multiplicidade de sujeitos de gera\u00e7\u00f5es, origens, culturas, status diferentes. Todos estamos na mesma condi\u00e7\u00e3o de santos e pecadores. Caminhando! O romeiro \u00e9 movido pela esperan\u00e7a e pelo ideal da santidade que o leva \u00e0 convers\u00e3o!\u00a0<\/span><span data-ccp-props=\"{&quot;201341983&quot;:0,&quot;335551550&quot;:6,&quot;335551620&quot;:6,&quot;335559739&quot;:0,&quot;335559740&quot;:240}\">\u00a0<\/span><\/p>\n<p style=\"text-align: justify;\"><span data-contrast=\"auto\">As Romarias representam o mandato mission\u00e1rio comunit\u00e1rio que a Igreja recebeu de Jesus. A Igreja n\u00e3o \u00e9 um clube fechado, mas \u00e9 uma fam\u00edlia e um povo que vivem sendo movido pela din\u00e2mica do amor, testemunhando o Reino de Deus. O dinamismo das romarias, na sua diversidade de sujeito e atividades, representa a Igreja mission\u00e1ria que nunca pode parar! Participar de uma Romaria, prociss\u00e3o ou peregrina\u00e7\u00e3o, significa o compromisso de renova\u00e7\u00e3o do dinamismo da pr\u00f3pria f\u00e9.\u00a0<\/span><span data-ccp-props=\"{&quot;201341983&quot;:0,&quot;335551550&quot;:6,&quot;335551620&quot;:6,&quot;335559739&quot;:0,&quot;335559740&quot;:240}\">\u00a0<\/span><\/p>\n<p style=\"text-align: justify;\"><span data-contrast=\"auto\">A f\u00e9 crist\u00e3 n\u00e3o \u00e9 estacion\u00e1ria. Mas corre-se esse risco quando nos fixamos em atividades estanques perdendo a vis\u00e3o da totalidade da identidade e da miss\u00e3o da Igreja. As romarias nos educam a p\u00f4r-nos a caminho, desapegando-nos sempre de tudo o que no escraviza e paralisa. Sobre isso nos alerta o Papa Francisco: <\/span><span data-contrast=\"none\">\u201cPrefiro uma Igreja ferida e suja, que sai pelas ruas, do que uma Igreja prisioneira de si mesma. Que n\u00e3o se tenha medo de deixar se inquietar pelo fato de que muitos irm\u00e3os vivem sem a amizade de Jesus\u201d (EG, 49).<\/span><span data-ccp-props=\"{&quot;201341983&quot;:0,&quot;335551550&quot;:6,&quot;335551620&quot;:6,&quot;335559739&quot;:0,&quot;335559740&quot;:240}\">\u00a0<\/span><\/p>\n<p style=\"text-align: justify;\"><span data-contrast=\"auto\">Ser romeiro \u00e9 assumir um ato de reconhecimento de que a vida crist\u00e3 \u00e9 din\u00e2mica, assim como foi aquela de Jesus Cristo e de sua M\u00e3e. O Filho de Deus \u00e9 o peregrino do Pai por excel\u00eancia (foi enviado) e a sua m\u00e3e se fez peregrina do Filho, com Ele e por Ele! Maria \u00e9 modelo do verdadeiro romeiro! Movidos pela f\u00e9, de uma forma ou de outra, somos todos peregrinos neste mundo a caminho da nossa p\u00e1tria definitiva!\u00a0<\/span><span data-ccp-props=\"{&quot;201341983&quot;:0,&quot;335551550&quot;:6,&quot;335551620&quot;:6,&quot;335559739&quot;:0,&quot;335559740&quot;:240}\">\u00a0<\/span><\/p>\n<p style=\"text-align: justify;\"><span data-contrast=\"auto\">Como toda caminhada, tamb\u00e9m as romarias nos provocam cansa\u00e7o e somos tentados ao des\u00e2nimo e a parar. Educados pela f\u00e9 e animados pela Esperan\u00e7a da recompensa final, renovamos os esfor\u00e7os, a firmeza de \u00e2nimo e conservamos a alegria do testemunho do amor! Quem ama se movimenta!\u00a0<\/span><span data-ccp-props=\"{&quot;201341983&quot;:0,&quot;335551550&quot;:6,&quot;335551620&quot;:6,&quot;335559739&quot;:0,&quot;335559740&quot;:240}\">\u00a0<\/span><\/p>\n<p style=\"text-align: justify;\"><b><span data-contrast=\"auto\">PARA A REFLEX\u00c3O PESSOAL:<\/span><\/b><span data-ccp-props=\"{&quot;201341983&quot;:0,&quot;335551550&quot;:6,&quot;335551620&quot;:6,&quot;335559739&quot;:0,&quot;335559740&quot;:240}\">\u00a0<\/span><\/p>\n<p style=\"text-align: justify;\"><span data-contrast=\"auto\">O que podemos fazer para evitar conflitos e protestos nos eventos do C\u00edrio?<\/span><span data-ccp-props=\"{&quot;201341983&quot;:0,&quot;335551550&quot;:6,&quot;335551620&quot;:6,&quot;335559739&quot;:0,&quot;335559740&quot;:240}\">\u00a0<\/span><\/p>\n<p style=\"text-align: justify;\"><span data-contrast=\"auto\">Como promover na consci\u00eancia dos fi\u00e9is, o fato de que o C\u00edrio \u00e9 oportunidade de convers\u00e3o pessoal e renova\u00e7\u00e3o da f\u00e9 e nunca seja instrumentalizado para outros fins?\u00a0<\/span><span data-ccp-props=\"{&quot;201341983&quot;:0,&quot;335551550&quot;:6,&quot;335551620&quot;:6,&quot;335559739&quot;:0,&quot;335559740&quot;:240}\">\u00a0<\/span><\/p>\n<p style=\"text-align: justify;\"><span data-contrast=\"auto\">Qual dos significados das romarias mais lhe chamou a aten\u00e7\u00e3o?<\/span><span data-ccp-props=\"{&quot;201341983&quot;:0,&quot;335551550&quot;:6,&quot;335551620&quot;:6,&quot;335559739&quot;:0,&quot;335559740&quot;:240}\">\u00a0<\/span><\/p>\n","protected":false},"excerpt":{"rendered":"<p>Dom Antonio de Assis Bispo auxiliar de Bel\u00e9m do Par\u00e1 (PA) &nbsp; As celebra\u00e7\u00f5es que comp\u00f5em a grande Festividade do C\u00edrio de Nossa Senhora de Nazar\u00e9 em Bel\u00e9m do Par\u00e1, t\u00eam muitos aspectos, dimens\u00f5es, ambientes, sujeitos, atividades, din\u00e2micas, \u00edcones. O C\u00edrio de Nossa Senhora de Nazar\u00e9 \u00e9 um conjunto de eventos socio-pastorais que tem como &hellip;<\/p>\n<p class=\"read-more\"> <a class=\"\" href=\"https:\/\/www.cnbb.org.br\/o-sentido-das-romarias\/\"> <span class=\"screen-reader-text\">O sentido das romarias<\/span> Leia mais &raquo;<\/a><\/p>\n","protected":false},"author":79,"featured_media":0,"comment_status":"closed","ping_status":"closed","sticky":false,"template":"","format":"standard","meta":{"site-sidebar-layout":"default","site-content-layout":"default","ast-global-header-display":"","ast-banner-title-visibility":"","ast-main-header-display":"","ast-hfb-above-header-display":"","ast-hfb-below-header-display":"","ast-hfb-mobile-header-display":"","site-post-title":"","ast-breadcrumbs-content":"","ast-featured-img":"","footer-sml-layout":"","theme-transparent-header-meta":"default","adv-header-id-meta":"","stick-header-meta":"","header-above-stick-meta":"","header-main-stick-meta":"","header-below-stick-meta":""},"categories":[758,1837],"tags":[],"acf":[],"_links":{"self":[{"href":"https:\/\/www.cnbb.org.br\/cnbb-app\/wp\/v2\/posts\/972502"}],"collection":[{"href":"https:\/\/www.cnbb.org.br\/cnbb-app\/wp\/v2\/posts"}],"about":[{"href":"https:\/\/www.cnbb.org.br\/cnbb-app\/wp\/v2\/types\/post"}],"author":[{"embeddable":true,"href":"https:\/\/www.cnbb.org.br\/cnbb-app\/wp\/v2\/users\/79"}],"replies":[{"embeddable":true,"href":"https:\/\/www.cnbb.org.br\/cnbb-app\/wp\/v2\/comments?post=972502"}],"version-history":[{"count":2,"href":"https:\/\/www.cnbb.org.br\/cnbb-app\/wp\/v2\/posts\/972502\/revisions"}],"predecessor-version":[{"id":972504,"href":"https:\/\/www.cnbb.org.br\/cnbb-app\/wp\/v2\/posts\/972502\/revisions\/972504"}],"wp:attachment":[{"href":"https:\/\/www.cnbb.org.br\/cnbb-app\/wp\/v2\/media?parent=972502"}],"wp:term":[{"taxonomy":"category","embeddable":true,"href":"https:\/\/www.cnbb.org.br\/cnbb-app\/wp\/v2\/categories?post=972502"},{"taxonomy":"post_tag","embeddable":true,"href":"https:\/\/www.cnbb.org.br\/cnbb-app\/wp\/v2\/tags?post=972502"}],"curies":[{"name":"wp","href":"https:\/\/api.w.org\/{rel}","templated":true}]}}