{"id":972505,"date":"2024-10-23T09:01:47","date_gmt":"2024-10-23T12:01:47","guid":{"rendered":"https:\/\/www.cnbb.org.br\/?p=972505"},"modified":"2024-10-23T09:05:29","modified_gmt":"2024-10-23T12:05:29","slug":"a-tua-fe-te-salvou","status":"publish","type":"post","link":"https:\/\/www.cnbb.org.br\/a-tua-fe-te-salvou\/","title":{"rendered":"\u201cA tua f\u00e9 te salvou\u201d\u00a0"},"content":{"rendered":"<p style=\"text-align: right;\" data-ccp-border-bottom=\"0px none #000000\" data-ccp-padding-bottom=\"0px\"><span data-ccp-props=\"{&quot;201341983&quot;:0,&quot;335551550&quot;:2,&quot;335551620&quot;:2,&quot;335559739&quot;:140,&quot;335559740&quot;:360,&quot;335572071&quot;:0,&quot;335572072&quot;:0,&quot;335572073&quot;:0,&quot;335572075&quot;:0,&quot;335572076&quot;:0,&quot;335572077&quot;:0,&quot;335572079&quot;:0,&quot;335572080&quot;:0,&quot;335572081&quot;:0,&quot;335572083&quot;:0,&quot;335572084&quot;:0,&quot;335572085&quot;:0,&quot;469789798&quot;:&quot;none&quot;,&quot;469789802&quot;:&quot;none&quot;,&quot;469789806&quot;:&quot;none&quot;,&quot;469789810&quot;:&quot;none&quot;}\"><strong> Dom\u00a0<span class=\"mark6og0f4pbp\" data-markjs=\"true\" data-ogac=\"\" data-ogab=\"\" data-ogsc=\"\" data-ogsb=\"\">A<\/span>ntonio Carlos Rossi Keller<\/strong><br \/>\n<strong>Bispo de Frederico Westphalen (RS)<\/strong><br \/>\n<\/span><\/p>\n<p data-ccp-border-bottom=\"0px none #000000\" data-ccp-padding-bottom=\"0px\">\n<p data-ccp-border-bottom=\"0px none #000000\" data-ccp-padding-bottom=\"0px\">\n<p style=\"text-align: justify;\" data-ccp-border-top=\"0px none #000000\" data-ccp-padding-top=\"0px\" data-ccp-border-bottom=\"0px none #000000\" data-ccp-padding-bottom=\"0px\"><span data-contrast=\"auto\">Neste 30\u00ba Domingo do Tempo Comum, somos convidados a refletir sobre a humildade e a necessidade de miseric\u00f3rdia diante de Deus. As Leituras de hoje nos apresentam a figura do publicano, que, reconhecendo sua condi\u00e7\u00e3o de pecador, clama pela miseric\u00f3rdia divina. Este tema \u00e9 central na vida crist\u00e3, pois nos lembra que todos somos necessitados da Gra\u00e7a de Deus.<\/span><span data-ccp-props=\"{&quot;201341983&quot;:0,&quot;335551550&quot;:6,&quot;335551620&quot;:6,&quot;335559739&quot;:140,&quot;335559740&quot;:360,&quot;335572071&quot;:0,&quot;335572072&quot;:0,&quot;335572073&quot;:0,&quot;335572075&quot;:0,&quot;335572076&quot;:0,&quot;335572077&quot;:0,&quot;335572079&quot;:0,&quot;335572080&quot;:0,&quot;335572081&quot;:0,&quot;335572083&quot;:0,&quot;335572084&quot;:0,&quot;335572085&quot;:0,&quot;469789798&quot;:&quot;none&quot;,&quot;469789802&quot;:&quot;none&quot;,&quot;469789806&quot;:&quot;none&quot;,&quot;469789810&quot;:&quot;none&quot;}\">\u00a0<\/span><\/p>\n<p style=\"text-align: justify;\" data-ccp-border-top=\"0px none #000000\" data-ccp-padding-top=\"0px\" data-ccp-border-bottom=\"0px none #000000\" data-ccp-padding-bottom=\"0px\"><span data-contrast=\"auto\">A 1<\/span><span data-contrast=\"auto\">a<\/span> <span data-contrast=\"auto\">Leitura deste Domingo<\/span> <b><span data-contrast=\"auto\">(Jeremias 31, 7-9)<\/span><\/b> <span data-contrast=\"auto\">nos traz uma mensagem de esperan\u00e7a e restaura\u00e7\u00e3o. O Senhor promete trazer de volta o seu povo, que havia sido disperso. Ele se apresenta como um pai que cuida de seus filhos, mostrando que a miseric\u00f3rdia de Deus \u00e9 infinita. Este retorno \u00e9 um convite \u00e0 convers\u00e3o e \u00e0 confian\u00e7a na bondade divina. Assim como o povo de Israel, tamb\u00e9m somos chamados a reconhecer nossas falhas e a buscar a reconcilia\u00e7\u00e3o com Deus, que sempre nos acolhe de bra\u00e7os abertos.<\/span><span data-ccp-props=\"{&quot;201341983&quot;:0,&quot;335551550&quot;:6,&quot;335551620&quot;:6,&quot;335559739&quot;:140,&quot;335559740&quot;:276,&quot;335572071&quot;:0,&quot;335572072&quot;:0,&quot;335572073&quot;:0,&quot;335572075&quot;:0,&quot;335572076&quot;:0,&quot;335572077&quot;:0,&quot;335572079&quot;:0,&quot;335572080&quot;:0,&quot;335572081&quot;:0,&quot;335572083&quot;:0,&quot;335572084&quot;:0,&quot;335572085&quot;:0,&quot;469789798&quot;:&quot;none&quot;,&quot;469789802&quot;:&quot;none&quot;,&quot;469789806&quot;:&quot;none&quot;,&quot;469789810&quot;:&quot;none&quot;}\">\u00a0<\/span><\/p>\n<p style=\"text-align: justify;\" data-ccp-border-top=\"0px none #000000\" data-ccp-padding-top=\"0px\" data-ccp-border-bottom=\"0px none #000000\" data-ccp-padding-bottom=\"0px\"><b><span data-contrast=\"auto\">O Salmo Responsorial<\/span><\/b> <b><span data-contrast=\"auto\">(Salmo 126) <\/span><\/b><span data-contrast=\"auto\">expressa a alegria do retorno do ex\u00edlio e a a\u00e7\u00e3o de gra\u00e7as a Deus. \u201c<\/span><i><span data-contrast=\"auto\">Maravilhas fez conosco<\/span><\/i> <i><span data-contrast=\"auto\">o Senhor, exultemos de alegria.<\/span><\/i><span data-contrast=\"auto\">\u201d <\/span><span data-contrast=\"auto\">Este salmo nos convida a refletir sobre as b\u00ean\u00e7\u00e3os que recebemos e a import\u00e2ncia de reconhecer a a\u00e7\u00e3o de Deus em nossas vidas. A alegria do povo \u00e9 um reflexo da miseric\u00f3rdia divina, que transforma a tristeza em alegria. \u00c9 um lembrete de que, mesmo em tempos dif\u00edceis, Deus est\u00e1 presente e nos oferece esperan\u00e7a.<\/span><span data-ccp-props=\"{&quot;201341983&quot;:0,&quot;335551550&quot;:6,&quot;335551620&quot;:6,&quot;335559739&quot;:140,&quot;335559740&quot;:276,&quot;335572071&quot;:0,&quot;335572072&quot;:0,&quot;335572073&quot;:0,&quot;335572075&quot;:0,&quot;335572076&quot;:0,&quot;335572077&quot;:0,&quot;335572079&quot;:0,&quot;335572080&quot;:0,&quot;335572081&quot;:0,&quot;335572083&quot;:0,&quot;335572084&quot;:0,&quot;335572085&quot;:0,&quot;469789798&quot;:&quot;none&quot;,&quot;469789802&quot;:&quot;none&quot;,&quot;469789806&quot;:&quot;none&quot;,&quot;469789810&quot;:&quot;none&quot;}\">\u00a0<\/span><\/p>\n<p style=\"text-align: justify;\" data-ccp-border-top=\"0px none #000000\" data-ccp-padding-top=\"0px\" data-ccp-border-bottom=\"0px none #000000\" data-ccp-padding-bottom=\"0px\"><span data-contrast=\"auto\">Na 2<\/span><span data-contrast=\"auto\">a<\/span> <span data-contrast=\"auto\">Leitura <\/span><b><span data-contrast=\"auto\">(Hebreus 5, 1-6)<\/span><\/b><span data-contrast=\"auto\">, o autor da Carta aos Hebreus nos fala sobre o sacerd\u00f3cio de Cristo, que se compadece de nossas fraquezas. Ele \u00e9 o sumo sacerdote que, por meio de sua pr\u00f3pria experi\u00eancia de sofrimento, pode interceder por n\u00f3s. Essa intercess\u00e3o \u00e9 um sinal da miseric\u00f3rdia de Deus, que se faz pr\u00f3ximo de n\u00f3s em nossas dificuldades. A leitura nos convida a confiar em Jesus, que nos entende e nos acolhe, e a nos aproximarmos dele com um cora\u00e7\u00e3o humilde.<\/span><span data-ccp-props=\"{&quot;201341983&quot;:0,&quot;335551550&quot;:6,&quot;335551620&quot;:6,&quot;335559739&quot;:140,&quot;335559740&quot;:276,&quot;335572071&quot;:0,&quot;335572072&quot;:0,&quot;335572073&quot;:0,&quot;335572075&quot;:0,&quot;335572076&quot;:0,&quot;335572077&quot;:0,&quot;335572079&quot;:0,&quot;335572080&quot;:0,&quot;335572081&quot;:0,&quot;335572083&quot;:0,&quot;335572084&quot;:0,&quot;335572085&quot;:0,&quot;469789798&quot;:&quot;none&quot;,&quot;469789802&quot;:&quot;none&quot;,&quot;469789806&quot;:&quot;none&quot;,&quot;469789810&quot;:&quot;none&quot;}\">\u00a0<\/span><\/p>\n<p style=\"text-align: justify;\" data-ccp-border-top=\"0px none #000000\" data-ccp-padding-top=\"0px\" data-ccp-border-bottom=\"0px none #000000\" data-ccp-padding-bottom=\"0px\"><span data-contrast=\"auto\">No Evangelho <\/span><b><span data-contrast=\"auto\">(Marcos 10, 46\u201352)<\/span><\/b><span data-contrast=\"auto\">, encontramos a hist\u00f3ria de Bartimeu, o cego que clama por Jesus. Sua f\u00e9 e humildade s\u00e3o exemplares, pois ele n\u00e3o se deixa abalar pelas multid\u00f5es que tentam silenci\u00e1-lo. Bartimeu reconhece sua necessidade e, ao ser chamado, se levanta e vai at\u00e9 Jesus. A resposta de Jesus \u00e9 imediata: \u201c<\/span><i><span data-contrast=\"auto\">A tua f\u00e9 te salvou.<\/span><\/i><span data-contrast=\"auto\">\u201d <\/span><span data-contrast=\"auto\">Este relato nos ensina que a verdadeira vis\u00e3o vem do reconhecimento de nossa condi\u00e7\u00e3o de pecadores e da confian\u00e7a na miseric\u00f3rdia de Deus. A f\u00e9 de Bartimeu \u00e9 um convite para que todos busquemos a cura espiritual e a ilumina\u00e7\u00e3o que s\u00f3 Cristo pode oferecer.<\/span><span data-ccp-props=\"{&quot;201341983&quot;:0,&quot;335551550&quot;:6,&quot;335551620&quot;:6,&quot;335559739&quot;:140,&quot;335559740&quot;:276,&quot;335572071&quot;:0,&quot;335572072&quot;:0,&quot;335572073&quot;:0,&quot;335572075&quot;:0,&quot;335572076&quot;:0,&quot;335572077&quot;:0,&quot;335572079&quot;:0,&quot;335572080&quot;:0,&quot;335572081&quot;:0,&quot;335572083&quot;:0,&quot;335572084&quot;:0,&quot;335572085&quot;:0,&quot;469789798&quot;:&quot;none&quot;,&quot;469789802&quot;:&quot;none&quot;,&quot;469789806&quot;:&quot;none&quot;,&quot;469789810&quot;:&quot;none&quot;}\">\u00a0<\/span><\/p>\n<p style=\"text-align: justify;\" data-ccp-border-top=\"0px none #000000\" data-ccp-padding-top=\"0px\"><span data-contrast=\"auto\">Ao refletirmos sobre as leituras de hoje, somos desafiados a cultivar a humildade em nossas vidas. Aqui est\u00e3o algumas sugest\u00f5es pr\u00e1ticas:<\/span><span data-ccp-props=\"{&quot;201341983&quot;:0,&quot;335551550&quot;:6,&quot;335551620&quot;:6,&quot;335559739&quot;:140,&quot;335559740&quot;:276,&quot;335572071&quot;:0,&quot;335572072&quot;:0,&quot;335572073&quot;:0,&quot;335572075&quot;:0,&quot;335572076&quot;:0,&quot;335572077&quot;:0,&quot;335572079&quot;:0,&quot;335572080&quot;:0,&quot;335572081&quot;:0,&quot;335572083&quot;:0,&quot;335572084&quot;:0,&quot;335572085&quot;:0,&quot;469789798&quot;:&quot;none&quot;,&quot;469789802&quot;:&quot;none&quot;,&quot;469789806&quot;:&quot;none&quot;,&quot;469789810&quot;:&quot;none&quot;}\">\u00a0<\/span><\/p>\n<p style=\"text-align: justify;\"><b><span data-contrast=\"auto\">Exame de Consci\u00eancia: <\/span><\/b><span data-contrast=\"auto\">Reservar um tempo diariamente para refletir sobre as pr\u00f3prias a\u00e7\u00f5es e pedir perd\u00e3o a Deus pelas falhas cometidas.<\/span><span data-ccp-props=\"{&quot;201341983&quot;:0,&quot;335551550&quot;:6,&quot;335551620&quot;:6,&quot;335559739&quot;:140,&quot;335559740&quot;:276,&quot;335572071&quot;:0,&quot;335572072&quot;:0,&quot;335572073&quot;:0,&quot;335572075&quot;:0,&quot;335572076&quot;:0,&quot;335572077&quot;:0,&quot;335572079&quot;:0,&quot;335572080&quot;:0,&quot;335572081&quot;:0,&quot;335572083&quot;:0,&quot;335572084&quot;:0,&quot;335572085&quot;:0,&quot;469777462&quot;:[709],&quot;469777927&quot;:[0],&quot;469777928&quot;:[1],&quot;469789798&quot;:&quot;none&quot;,&quot;469789802&quot;:&quot;none&quot;,&quot;469789806&quot;:&quot;none&quot;,&quot;469789810&quot;:&quot;none&quot;}\">\u00a0<\/span><\/p>\n<p style=\"text-align: justify;\"><b><span data-contrast=\"auto\">Pr\u00e1tica da Miseric\u00f3rdia: <\/span><\/b><span data-contrast=\"auto\">Buscar oportunidades para praticar a miseric\u00f3rdia com os outros, seja atrav\u00e9s do perd\u00e3o, da ajuda a quem precisa ou da escuta atenta.<\/span><span data-ccp-props=\"{&quot;201341983&quot;:0,&quot;335551550&quot;:6,&quot;335551620&quot;:6,&quot;335559739&quot;:140,&quot;335559740&quot;:276,&quot;335572071&quot;:0,&quot;335572072&quot;:0,&quot;335572073&quot;:0,&quot;335572075&quot;:0,&quot;335572076&quot;:0,&quot;335572077&quot;:0,&quot;335572079&quot;:0,&quot;335572080&quot;:0,&quot;335572081&quot;:0,&quot;335572083&quot;:0,&quot;335572084&quot;:0,&quot;335572085&quot;:0,&quot;469777462&quot;:[709],&quot;469777927&quot;:[0],&quot;469777928&quot;:[1],&quot;469789798&quot;:&quot;none&quot;,&quot;469789802&quot;:&quot;none&quot;,&quot;469789806&quot;:&quot;none&quot;,&quot;469789810&quot;:&quot;none&quot;}\">\u00a0<\/span><\/p>\n<p style=\"text-align: justify;\"><b><span data-contrast=\"auto\">Participa\u00e7\u00e3o na Comunidade: <\/span><\/b><span data-contrast=\"auto\">Engajar-se em atividades comunit\u00e1rias que promovam a solidariedade e o apoio aos mais necessitados, lembrando que todos somos irm\u00e3os e irm\u00e3s em Cristo.<\/span><span data-ccp-props=\"{&quot;201341983&quot;:0,&quot;335551550&quot;:6,&quot;335551620&quot;:6,&quot;335559739&quot;:140,&quot;335559740&quot;:276,&quot;335572071&quot;:0,&quot;335572072&quot;:0,&quot;335572073&quot;:0,&quot;335572075&quot;:0,&quot;335572076&quot;:0,&quot;335572077&quot;:0,&quot;335572079&quot;:0,&quot;335572080&quot;:0,&quot;335572081&quot;:0,&quot;335572083&quot;:0,&quot;335572084&quot;:0,&quot;335572085&quot;:0,&quot;469777462&quot;:[709],&quot;469777927&quot;:[0],&quot;469777928&quot;:[1],&quot;469789798&quot;:&quot;none&quot;,&quot;469789802&quot;:&quot;none&quot;,&quot;469789806&quot;:&quot;none&quot;,&quot;469789810&quot;:&quot;none&quot;}\">\u00a0<\/span><\/p>\n<p style=\"text-align: justify;\"><b><span data-contrast=\"auto\">Ora\u00e7\u00e3o pela Humildade: <\/span><\/b><span data-contrast=\"auto\">Pedir a Deus, em ora\u00e7\u00e3o, a gra\u00e7a de reconhecer a pr\u00f3pria fragilidade e a necessidade de sua miseric\u00f3rdia, assim como fez Bartimeu.<\/span><span data-ccp-props=\"{&quot;201341983&quot;:0,&quot;335551550&quot;:6,&quot;335551620&quot;:6,&quot;335559739&quot;:140,&quot;335559740&quot;:276,&quot;335572071&quot;:0,&quot;335572072&quot;:0,&quot;335572073&quot;:0,&quot;335572075&quot;:0,&quot;335572076&quot;:0,&quot;335572077&quot;:0,&quot;335572079&quot;:0,&quot;335572080&quot;:0,&quot;335572081&quot;:0,&quot;335572083&quot;:0,&quot;335572084&quot;:0,&quot;335572085&quot;:0,&quot;469777462&quot;:[709],&quot;469777927&quot;:[0],&quot;469777928&quot;:[1],&quot;469789798&quot;:&quot;none&quot;,&quot;469789802&quot;:&quot;none&quot;,&quot;469789806&quot;:&quot;none&quot;,&quot;469789810&quot;:&quot;none&quot;}\">\u00a0<\/span><\/p>\n<p style=\"text-align: justify;\"><span data-contrast=\"auto\">Que este domingo nos inspire a viver com um cora\u00e7\u00e3o aberto, sempre buscando a luz de Cristo em nossas vidas e a for\u00e7a da Sua miseric\u00f3rdia.<\/span><span data-ccp-props=\"{&quot;201341983&quot;:0,&quot;335551550&quot;:6,&quot;335551620&quot;:6,&quot;335559739&quot;:140,&quot;335559740&quot;:276,&quot;335572071&quot;:0,&quot;335572072&quot;:0,&quot;335572073&quot;:0,&quot;335572075&quot;:0,&quot;335572076&quot;:0,&quot;335572077&quot;:0,&quot;335572079&quot;:0,&quot;335572080&quot;:0,&quot;335572081&quot;:0,&quot;335572083&quot;:0,&quot;335572084&quot;:0,&quot;335572085&quot;:0,&quot;469789798&quot;:&quot;none&quot;,&quot;469789802&quot;:&quot;none&quot;,&quot;469789806&quot;:&quot;none&quot;,&quot;469789810&quot;:&quot;none&quot;}\">\u00a0<\/span><\/p>\n<p><span data-ccp-props=\"{&quot;201341983&quot;:0,&quot;335559739&quot;:0,&quot;335559740&quot;:276}\">\u00a0<\/span><\/p>\n<p><span data-ccp-props=\"{&quot;201341983&quot;:0,&quot;335551550&quot;:6,&quot;335551620&quot;:6,&quot;335559739&quot;:140,&quot;335559740&quot;:360,&quot;335572071&quot;:0,&quot;335572072&quot;:0,&quot;335572073&quot;:0,&quot;335572075&quot;:0,&quot;335572076&quot;:0,&quot;335572077&quot;:0,&quot;335572079&quot;:0,&quot;335572080&quot;:0,&quot;335572081&quot;:0,&quot;335572083&quot;:0,&quot;335572084&quot;:0,&quot;335572085&quot;:0,&quot;469789798&quot;:&quot;none&quot;,&quot;469789802&quot;:&quot;none&quot;,&quot;469789806&quot;:&quot;none&quot;,&quot;469789810&quot;:&quot;none&quot;}\">\u00a0<\/span><\/p>\n","protected":false},"excerpt":{"rendered":"<p>Dom\u00a0Antonio Carlos Rossi Keller Bispo de Frederico Westphalen (RS) Neste 30\u00ba Domingo do Tempo Comum, somos convidados a refletir sobre a humildade e a necessidade de miseric\u00f3rdia diante de Deus. As Leituras de hoje nos apresentam a figura do publicano, que, reconhecendo sua condi\u00e7\u00e3o de pecador, clama pela miseric\u00f3rdia divina. Este tema \u00e9 central na &hellip;<\/p>\n<p class=\"read-more\"> <a class=\"\" href=\"https:\/\/www.cnbb.org.br\/a-tua-fe-te-salvou\/\"> <span class=\"screen-reader-text\">\u201cA tua f\u00e9 te salvou\u201d\u00a0<\/span> Leia mais &raquo;<\/a><\/p>\n","protected":false},"author":1821,"featured_media":0,"comment_status":"closed","ping_status":"closed","sticky":false,"template":"","format":"standard","meta":{"site-sidebar-layout":"default","site-content-layout":"default","ast-global-header-display":"","ast-banner-title-visibility":"","ast-main-header-display":"","ast-hfb-above-header-display":"","ast-hfb-below-header-display":"","ast-hfb-mobile-header-display":"","site-post-title":"","ast-breadcrumbs-content":"","ast-featured-img":"","footer-sml-layout":"","theme-transparent-header-meta":"default","adv-header-id-meta":"","stick-header-meta":"","header-above-stick-meta":"","header-main-stick-meta":"","header-below-stick-meta":""},"categories":[758],"tags":[],"acf":[],"_links":{"self":[{"href":"https:\/\/www.cnbb.org.br\/cnbb-app\/wp\/v2\/posts\/972505"}],"collection":[{"href":"https:\/\/www.cnbb.org.br\/cnbb-app\/wp\/v2\/posts"}],"about":[{"href":"https:\/\/www.cnbb.org.br\/cnbb-app\/wp\/v2\/types\/post"}],"author":[{"embeddable":true,"href":"https:\/\/www.cnbb.org.br\/cnbb-app\/wp\/v2\/users\/1821"}],"replies":[{"embeddable":true,"href":"https:\/\/www.cnbb.org.br\/cnbb-app\/wp\/v2\/comments?post=972505"}],"version-history":[{"count":4,"href":"https:\/\/www.cnbb.org.br\/cnbb-app\/wp\/v2\/posts\/972505\/revisions"}],"predecessor-version":[{"id":972509,"href":"https:\/\/www.cnbb.org.br\/cnbb-app\/wp\/v2\/posts\/972505\/revisions\/972509"}],"wp:attachment":[{"href":"https:\/\/www.cnbb.org.br\/cnbb-app\/wp\/v2\/media?parent=972505"}],"wp:term":[{"taxonomy":"category","embeddable":true,"href":"https:\/\/www.cnbb.org.br\/cnbb-app\/wp\/v2\/categories?post=972505"},{"taxonomy":"post_tag","embeddable":true,"href":"https:\/\/www.cnbb.org.br\/cnbb-app\/wp\/v2\/tags?post=972505"}],"curies":[{"name":"wp","href":"https:\/\/api.w.org\/{rel}","templated":true}]}}