{"id":972952,"date":"2024-10-30T13:59:01","date_gmt":"2024-10-30T16:59:01","guid":{"rendered":"https:\/\/www.cnbb.org.br\/?p=972952"},"modified":"2024-10-30T13:59:01","modified_gmt":"2024-10-30T16:59:01","slug":"pastoral-familiar-reuniu-coordenadores-de-20-arquidioceses-e-dioceses-durante-a-assembleia-regional","status":"publish","type":"post","link":"https:\/\/www.cnbb.org.br\/pastoral-familiar-reuniu-coordenadores-de-20-arquidioceses-e-dioceses-durante-a-assembleia-regional\/","title":{"rendered":"Pastoral Familiar reuniu coordenadores de 20 arquidioceses e dioceses durante a Assembleia Regional"},"content":{"rendered":"<p style=\"text-align: justify;\">Com o tema \u201cFam\u00edlias em Ora\u00e7\u00e3o, verdadeiras Peregrinas da Esperan\u00e7a\u201d e o lema \u201cPedi, e vos ser\u00e1 dado\u201d (Mt 7,7), a Pastoral Familiar do regional Nordeste 3 realizou, de 18 a 20 de outubro, a Assembleia 2024. O evento aconteceu na cidade de Gl\u00f3ria \u2013 Diocese de Paulo Afonso, na Bahia, e contou com uma programa\u00e7\u00e3o intensa.<\/p>\n<p style=\"text-align: justify;\">Para dar in\u00edcio \u00e0 Assembleia aconteceu a Celebra\u00e7\u00e3o Eucar\u00edstica presidida pelo bispo da diocese de Paulo Afonso, dom Guido Zendron, e concelebrada pelos padres assessores. Em seguida, ocorreu a abertura, que foi marcada pela entrada dos coordenadores arquidiocesanos e diocesanos da Pastoral Familiar com os respectivos banners.<\/p>\n<p style=\"text-align: justify;\">Mesa redonda e palestras tamb\u00e9m fizeram parte das atividades da Assembleia, al\u00e9m da apresenta\u00e7\u00e3o de outros assuntos, sempre relacionados com o tema, entre eles a apresenta\u00e7\u00e3o do Setor Pr\u00e9-Matrimonial e perspectivas para 2025 e a proposta do Setor Casos Especiais, que visa trabalhar em conjunto com a Pastoral Carcer\u00e1ria, acompanhando as fam\u00edlias v\u00edtimas de viol\u00eancia. Na Dimens\u00e3o do Servi\u00e7o \u00e0 Vida, o tema do suic\u00eddio tamb\u00e9m foi abordado.<\/p>\n<p style=\"text-align: justify;\">Atendendo ao chamado do Santo Padre, o Papa Francisco, este ano dedicado \u00e0 ora\u00e7\u00e3o permeou cada instante da Assembleia, fortalecendo o compromisso e a f\u00e9 dos membros da Pastoral Familiar. Na oportunidade, estiveram representadas as arquidioceses de Aracaju (SE) e Vit\u00f3ria da Conquista (BA); e as dioceses de Paulo Afonso (BA), Cama\u00e7ari (BA), Itabuna (BA), Amargosa (BA), Juazeiro (BA), Est\u00e2ncia (SE), Irec\u00ea (BA), Alagoinhas (BA), Barreiras (BA), Propri\u00e1 (SE), Teixeira de Freitas\/Caravelas (BA), Bonfim (BA), Serrinha (BA), Jequi\u00e9 (BA), Eun\u00e1polis (BA), Ruy Barbosa (BA), Ilh\u00e9us (BA) e Caetit\u00e9 (BA).<\/p>\n<p style=\"text-align: justify;\">Tamb\u00e9m marcaram presen\u00e7a o assessor regional da Pastoral Familiar, padre Edson Bahia; e o Pe. Airton (Diocese de Bonfim), Pe. Wildson (Diocese de Eun\u00e1polis), Pe. Rog\u00e9rio (Diocese de Irec\u00ea), Pe. U\u00f3xiton (Diocese de Barreiras), Pe. Henrique (Diocese de Teixeira de Freitas\/Caravelas), Pe. Cosme (Diocese de Paulo Afonso) e Pe. Juarez (Diocese de Cama\u00e7ari). \u201cPadres e fam\u00edlias foram consultados sobre o andamento dos trabalhos planejados e executados desde 2022! Apresentamos todos os materiais para atender as demandas da vida e da fam\u00edlia em todas as fases! Foi um momento rico de trabalho e de alimenta\u00e7\u00e3o da esperan\u00e7a\u201d, disse K\u00e1tia Sousa, que, junto com o esposo J\u00falio, coordena a Pastoral Familiar no Regional Nordeste 3.<\/p>\n<p style=\"text-align: justify;\">\u201cEsta assembleia contribuiu para os agentes se prepararem para enfrentar os desafios que precisamos passar com estrutura, espiritualidade e equil\u00edbrio como uma Igreja Sinodal e como peregrinos da esperan\u00e7a, com a for\u00e7a da f\u00e9 e da ora\u00e7\u00e3o, com a finalidade de manter as fam\u00edlias vivas em seu caminho, em seu dom e em sua miss\u00e3o na Igreja com o testemunho do amor e da vontade de Deus\u201d, concluiu K\u00e1tia.<\/p>\n<p>&nbsp;<\/p>\n<p>&nbsp;<\/p>\n<p style=\"text-align: justify;\"><a href=\"https:\/\/cnbbne3.org.br\/pastoral-familiar-reuniu-coordenadores-de-20-arquidioceses-e-dioceses-durante-a-assembleia-regional\/\" target=\"_blank\" rel=\"noopener\">Mais informa\u00e7\u00f5es no site do regional NE 3\u00a0<\/a><\/p>\n","protected":false},"excerpt":{"rendered":"<p>Com o tema \u201cFam\u00edlias em Ora\u00e7\u00e3o, verdadeiras Peregrinas da Esperan\u00e7a\u201d e o lema \u201cPedi, e vos ser\u00e1 dado\u201d (Mt 7,7), a Pastoral Familiar do regional Nordeste 3 realizou, de 18 a 20 de outubro, a Assembleia 2024. O evento aconteceu na cidade de Gl\u00f3ria \u2013 Diocese de Paulo Afonso, na Bahia, e contou com uma &hellip;<\/p>\n<p class=\"read-more\"> <a class=\"\" href=\"https:\/\/www.cnbb.org.br\/pastoral-familiar-reuniu-coordenadores-de-20-arquidioceses-e-dioceses-durante-a-assembleia-regional\/\"> <span class=\"screen-reader-text\">Pastoral Familiar reuniu coordenadores de 20 arquidioceses e dioceses durante a Assembleia Regional<\/span> Leia mais &raquo;<\/a><\/p>\n","protected":false},"author":141,"featured_media":972955,"comment_status":"closed","ping_status":"closed","sticky":false,"template":"","format":"standard","meta":{"site-sidebar-layout":"default","site-content-layout":"default","ast-global-header-display":"","ast-banner-title-visibility":"","ast-main-header-display":"","ast-hfb-above-header-display":"","ast-hfb-below-header-display":"","ast-hfb-mobile-header-display":"","site-post-title":"","ast-breadcrumbs-content":"","ast-featured-img":"","footer-sml-layout":"","theme-transparent-header-meta":"default","adv-header-id-meta":"","stick-header-meta":"","header-above-stick-meta":"","header-main-stick-meta":"","header-below-stick-meta":""},"categories":[789],"tags":[],"acf":[],"_links":{"self":[{"href":"https:\/\/www.cnbb.org.br\/cnbb-app\/wp\/v2\/posts\/972952"}],"collection":[{"href":"https:\/\/www.cnbb.org.br\/cnbb-app\/wp\/v2\/posts"}],"about":[{"href":"https:\/\/www.cnbb.org.br\/cnbb-app\/wp\/v2\/types\/post"}],"author":[{"embeddable":true,"href":"https:\/\/www.cnbb.org.br\/cnbb-app\/wp\/v2\/users\/141"}],"replies":[{"embeddable":true,"href":"https:\/\/www.cnbb.org.br\/cnbb-app\/wp\/v2\/comments?post=972952"}],"version-history":[{"count":2,"href":"https:\/\/www.cnbb.org.br\/cnbb-app\/wp\/v2\/posts\/972952\/revisions"}],"predecessor-version":[{"id":972954,"href":"https:\/\/www.cnbb.org.br\/cnbb-app\/wp\/v2\/posts\/972952\/revisions\/972954"}],"wp:featuredmedia":[{"embeddable":true,"href":"https:\/\/www.cnbb.org.br\/cnbb-app\/wp\/v2\/media\/972955"}],"wp:attachment":[{"href":"https:\/\/www.cnbb.org.br\/cnbb-app\/wp\/v2\/media?parent=972952"}],"wp:term":[{"taxonomy":"category","embeddable":true,"href":"https:\/\/www.cnbb.org.br\/cnbb-app\/wp\/v2\/categories?post=972952"},{"taxonomy":"post_tag","embeddable":true,"href":"https:\/\/www.cnbb.org.br\/cnbb-app\/wp\/v2\/tags?post=972952"}],"curies":[{"name":"wp","href":"https:\/\/api.w.org\/{rel}","templated":true}]}}