{"id":972974,"date":"2024-10-31T09:43:17","date_gmt":"2024-10-31T12:43:17","guid":{"rendered":"https:\/\/www.cnbb.org.br\/?p=972974"},"modified":"2024-10-31T09:48:56","modified_gmt":"2024-10-31T12:48:56","slug":"em-missa-com-parlamentares-dom-ricardo-destaca-que-a-fonte-para-enfrentar-todas-as-batalhas-esta-em-deus","status":"publish","type":"post","link":"https:\/\/www.cnbb.org.br\/em-missa-com-parlamentares-dom-ricardo-destaca-que-a-fonte-para-enfrentar-todas-as-batalhas-esta-em-deus\/","title":{"rendered":"Em missa com parlamentares, dom Ricardo destaca que a fonte para enfrentar todas as batalhas est\u00e1 em Deus"},"content":{"rendered":"<p style=\"text-align: justify;\">Na manh\u00e3 desta quinta-feira, 31 de outubro, o secret\u00e1rio-geral da CNBB, dom Ricardo Hoepers, presidiu a missa com os parlamentes, na Capela Nossa Senhora Aparecida, na sede da CNBB, em Bras\u00edlia (DF). Foram concelebrantes o frei Jorge Luiz Soares da Silva, assessor de Rela\u00e7\u00f5es Institucionais e Governamentais da CNBB, e o padre Luciano da Silva Roberto, assessor da Comiss\u00e3o Episcopal para a Cultura e a Educa\u00e7\u00e3o da CNBB.<\/p>\n<p><img decoding=\"async\" loading=\"lazy\" class=\"aligncenter wp-image-972987 size-large\" src=\"https:\/\/www.cnbb.org.br\/wp-content\/uploads\/2024\/10\/IMG_6947-1024x683.jpg\" alt=\"\" width=\"1024\" height=\"683\" srcset=\"https:\/\/www.cnbb.org.br\/wp-content\/uploads\/2024\/10\/IMG_6947-1024x683.jpg 1024w, https:\/\/www.cnbb.org.br\/wp-content\/uploads\/2024\/10\/IMG_6947-300x200.jpg 300w, https:\/\/www.cnbb.org.br\/wp-content\/uploads\/2024\/10\/IMG_6947-768x512.jpg 768w, https:\/\/www.cnbb.org.br\/wp-content\/uploads\/2024\/10\/IMG_6947-1536x1024.jpg 1536w, https:\/\/www.cnbb.org.br\/wp-content\/uploads\/2024\/10\/IMG_6947-2048x1365.jpg 2048w, https:\/\/www.cnbb.org.br\/wp-content\/uploads\/2024\/10\/IMG_6947-500x333.jpg 500w\" sizes=\"(max-width: 1024px) 100vw, 1024px\" \/><\/p>\n<p style=\"text-align: justify;\">Destacando a leitura da Carta de S\u00e3o Paulo aos Ef\u00e9sios, onde S\u00e3o Paulo exorta a todos a \u201crevestir-se da armadura de Deus\u201d, dom Ricardo salientou, em sua homilia, que essa armadura simboliza a defesa espiritual que todo crist\u00e3o deve ter diante das for\u00e7as do mal.<\/p>\n<p style=\"text-align: justify;\">Na Carta, S\u00e3o Paulo n\u00e3o fala de inimigos f\u00edsicos, mas de \u201cpotestades\u201d e \u201cprincipados\u201d que operam nas sombras, indicando a batalha espiritual que enfrentamos.<\/p>\n<blockquote>\n<p style=\"text-align: justify;\">&#8220;Deus est\u00e1 provando, \u00e9 Ele que conduz a nossa vida e \u00e9 Ele que nos d\u00e1 miss\u00f5es, armas necess\u00e1rias para enfrentarmos aquilo que precisa ser feito. N\u00e3o \u00e9 a minha capacidade, n\u00e3o \u00e9 a minha audi\u00eancia, meus conceitos, isso \u00e9 humano, mas tem coisas que tem que vir do Alto para que a gente possa acertar, tanto no sacerd\u00f3cio, tanto na vida pol\u00edtica de voc\u00eas, tanto na vida religiosa&#8221;, disse dom Ricardo em sua homilia.<\/p>\n<\/blockquote>\n<p style=\"text-align: justify;\">Se dirigindo aos parlamentares presentes, dom Ricardo reiterou que a fonte para enfrentar todas as batalhas est\u00e1 em Deus, pois \u00e9 Ele que abre todas as vias. &#8220;Nos armemos deste bem espiritual para que possamos, de fato, trazer ao mundo a paz que tanto precisamos&#8221;, disse.<\/p>\n<p style=\"text-align: justify;\">Ao final da homilia, o secret\u00e1rio-geral da CNBB considerou que a paz \u00e9 fruto da f\u00e9 e a f\u00e9 \u00e9 a confian\u00e7a plena que Deus conduz a vida. &#8220;Ele conduz cada passo de voc\u00eas e est\u00e1 ao lado em todas as batalhas&#8221;.<\/p>\n<h3><strong>Retorno das missas com os parlamentares<\/strong><\/h3>\n<p style=\"text-align: justify;\">A celebra\u00e7\u00e3o de hoje marcou o retorno das missas com os parlamentares, ap\u00f3s dois meses. A proposta \u00e9 que elas sejam sempre realizadas na \u00faltima quinta-feira de cada m\u00eas.<\/p>\n<figure id=\"attachment_972988\" aria-describedby=\"caption-attachment-972988\" style=\"width: 300px\" class=\"wp-caption alignright\"><img decoding=\"async\" loading=\"lazy\" class=\"wp-image-972988 size-medium\" src=\"https:\/\/www.cnbb.org.br\/wp-content\/uploads\/2024\/10\/IMG_6933-300x200.jpg\" alt=\"\" width=\"300\" height=\"200\" srcset=\"https:\/\/www.cnbb.org.br\/wp-content\/uploads\/2024\/10\/IMG_6933-300x200.jpg 300w, https:\/\/www.cnbb.org.br\/wp-content\/uploads\/2024\/10\/IMG_6933-1024x683.jpg 1024w, https:\/\/www.cnbb.org.br\/wp-content\/uploads\/2024\/10\/IMG_6933-768x512.jpg 768w, https:\/\/www.cnbb.org.br\/wp-content\/uploads\/2024\/10\/IMG_6933-1536x1024.jpg 1536w, https:\/\/www.cnbb.org.br\/wp-content\/uploads\/2024\/10\/IMG_6933-2048x1365.jpg 2048w, https:\/\/www.cnbb.org.br\/wp-content\/uploads\/2024\/10\/IMG_6933-500x333.jpg 500w\" sizes=\"(max-width: 300px) 100vw, 300px\" \/><figcaption id=\"caption-attachment-972988\" class=\"wp-caption-text\">Frei Jorge Luiz<\/figcaption><\/figure>\n<p style=\"text-align: justify;\">Segundo o frei Jorge Luiz, assessor de Rela\u00e7\u00f5es Institucionais e Governamentais da CNBB, a iniciativa tem por finalidade estreitar la\u00e7os com os parlamentares, sejam eles senadores ou deputados. E o retorno, segundo ele, \u00e9 justamente para tamb\u00e9m retomar a aproxima\u00e7\u00e3o e a caminhada juntos.<\/p>\n<blockquote>\n<p style=\"text-align: justify;\">&#8220;Rezamos juntos, rezamos por eles, na inten\u00e7\u00e3o deles, mas tamb\u00e9m tem um momento de conversa, um momento de partilha, um momento onde a gente tomando caf\u00e9 vai conversando sobre diversas realidades, sejam elas pol\u00edticas, religiosas, enfim, \u00e9 um momento onde h\u00e1 essa aproxima\u00e7\u00e3o, essa integra\u00e7\u00e3o com aqueles parlamentares cat\u00f3licos que estamos representando, seja no Senado, seja na C\u00e2mara dos Deputados&#8221;, disse o frei.<\/p>\n<\/blockquote>\n<pre>Por Larissa Carvalho<\/pre>\n<p>&nbsp;<\/p>\n<p>&nbsp;<\/p>\n<p style=\"text-align: justify;\">\n","protected":false},"excerpt":{"rendered":"<p>Na manh\u00e3 desta quinta-feira, 31 de outubro, o secret\u00e1rio-geral da CNBB, dom Ricardo Hoepers, presidiu a missa com os parlamentes, na Capela Nossa Senhora Aparecida, na sede da CNBB, em Bras\u00edlia (DF). Foram concelebrantes o frei Jorge Luiz Soares da Silva e o padre Luciano da Silva Roberto<\/p>\n","protected":false},"author":141,"featured_media":972986,"comment_status":"closed","ping_status":"closed","sticky":false,"template":"","format":"standard","meta":{"site-sidebar-layout":"default","site-content-layout":"default","ast-global-header-display":"","ast-banner-title-visibility":"","ast-main-header-display":"","ast-hfb-above-header-display":"","ast-hfb-below-header-display":"","ast-hfb-mobile-header-display":"","site-post-title":"","ast-breadcrumbs-content":"","ast-featured-img":"","footer-sml-layout":"","theme-transparent-header-meta":"default","adv-header-id-meta":"","stick-header-meta":"","header-above-stick-meta":"","header-main-stick-meta":"","header-below-stick-meta":""},"categories":[50,1851],"tags":[],"acf":[],"_links":{"self":[{"href":"https:\/\/www.cnbb.org.br\/cnbb-app\/wp\/v2\/posts\/972974"}],"collection":[{"href":"https:\/\/www.cnbb.org.br\/cnbb-app\/wp\/v2\/posts"}],"about":[{"href":"https:\/\/www.cnbb.org.br\/cnbb-app\/wp\/v2\/types\/post"}],"author":[{"embeddable":true,"href":"https:\/\/www.cnbb.org.br\/cnbb-app\/wp\/v2\/users\/141"}],"replies":[{"embeddable":true,"href":"https:\/\/www.cnbb.org.br\/cnbb-app\/wp\/v2\/comments?post=972974"}],"version-history":[{"count":17,"href":"https:\/\/www.cnbb.org.br\/cnbb-app\/wp\/v2\/posts\/972974\/revisions"}],"predecessor-version":[{"id":972994,"href":"https:\/\/www.cnbb.org.br\/cnbb-app\/wp\/v2\/posts\/972974\/revisions\/972994"}],"wp:featuredmedia":[{"embeddable":true,"href":"https:\/\/www.cnbb.org.br\/cnbb-app\/wp\/v2\/media\/972986"}],"wp:attachment":[{"href":"https:\/\/www.cnbb.org.br\/cnbb-app\/wp\/v2\/media?parent=972974"}],"wp:term":[{"taxonomy":"category","embeddable":true,"href":"https:\/\/www.cnbb.org.br\/cnbb-app\/wp\/v2\/categories?post=972974"},{"taxonomy":"post_tag","embeddable":true,"href":"https:\/\/www.cnbb.org.br\/cnbb-app\/wp\/v2\/tags?post=972974"}],"curies":[{"name":"wp","href":"https:\/\/api.w.org\/{rel}","templated":true}]}}