{"id":973506,"date":"2024-11-12T13:08:40","date_gmt":"2024-11-12T16:08:40","guid":{"rendered":"https:\/\/www.cnbb.org.br\/?p=973506"},"modified":"2024-11-12T14:50:25","modified_gmt":"2024-11-12T17:50:25","slug":"aspectos-biblicos-teologicos-e-pastorais-do-jubileu-2025-sao-abordados-no-segundo-dia-da-reuniao-dos-secretarios-executivos-da-cnbb","status":"publish","type":"post","link":"https:\/\/www.cnbb.org.br\/aspectos-biblicos-teologicos-e-pastorais-do-jubileu-2025-sao-abordados-no-segundo-dia-da-reuniao-dos-secretarios-executivos-da-cnbb\/","title":{"rendered":"Aspectos b\u00edblicos, teol\u00f3gicos e pastorais do Jubileu 2025 s\u00e3o abordados no segundo dia da reuni\u00e3o dos secret\u00e1rios executivos"},"content":{"rendered":"<p style=\"text-align: justify;\"><span data-contrast=\"auto\">Na parte da manh\u00e3 desta ter\u00e7a-feira, 12 de novembro,<a href=\"https:\/\/www.cnbb.org.br\/bispos-secretarios-e-secretarios-executivos-dos-19-regionais-buscam-avancar-em-unidade-administrativa-e-pastoral\/\"> a reuni\u00e3o dos bispos secret\u00e1rios e secret\u00e1rios executivos dos regionais da CNBB<\/a>, que acontece desde ontem no Audit\u00f3rio Dom Helder Camara, na sede da CNBB, em Bras\u00edlia (DF), contou com uma reflex\u00e3o sobre o Jubileu 2025, que tem como tema: \u201cPeregrinos da Esperan\u00e7a\u201d.<\/span><span data-ccp-props=\"{&quot;335551550&quot;:6,&quot;335551620&quot;:6}\">\u00a0<\/span><\/p>\n<p style=\"text-align: justify;\"><span data-contrast=\"auto\">O bispo auxiliar de Vit\u00f3ria (ES), d<\/span><span data-contrast=\"auto\">om Andherson Franklin Lustoza de Souza, e o bispo auxiliar do Rio de Janeiro (RJ), dom Ant\u00f4nio Luiz Catelan, abordaram os aspectos b\u00edblicos, teol\u00f3gicos e pastorais do Jubileu 2025<\/span><\/p>\n<h3>Terra, teto e trabalho<\/h3>\n<p style=\"text-align: justify;\"><span data-contrast=\"auto\">Dom Andherson exp\u00f4s em sua palestra como o conceito do Jubileu est\u00e1 presente no Primeiro e Segundo Testamentos, uma vez que ele \u00e9 abordado de maneira diferente em cada uma desses livros b\u00edblicos. <\/span><\/p>\n<p style=\"text-align: justify;\"><span data-contrast=\"auto\">Segundo o bispo, no Primeiro Testamento, o Jubileu \u00e9 uma pr\u00e1tica institu\u00edda por Deus no Pentateuco, especialmente no Livro de Lev\u00edtico, e tem um significado profundo relacionado \u00e0 liberta\u00e7\u00e3o, ao perd\u00e3o de d\u00edvidas e ao restabelecimento da ordem social e econ\u00f4mica.<\/span><span data-ccp-props=\"{&quot;335551550&quot;:6,&quot;335551620&quot;:6}\">\u00a0<\/span><\/p>\n<blockquote>\n<p style=\"text-align: justify;\"><span data-contrast=\"auto\">\u201cPor isso, o Jubileu nos convoca, disc\u00edpulos mission\u00e1rios, a revermos nossa postura a partir de um encontro pessoal com Cristo, acolhendo os valores do Evangelho e deixando que os mesmos nos impulsionem, a fim de que todos possam ter terra, teto, e trabalho, como nos pede o Papa Francisco\u201d.<\/span><span data-ccp-props=\"{&quot;335551550&quot;:6,&quot;335551620&quot;:6}\">\u00a0<\/span><\/p>\n<\/blockquote>\n<p style=\"text-align: justify;\"><span data-contrast=\"auto\">J\u00e1 com rela\u00e7\u00e3o ao Segundo Testamento, dom Andherson procurou contextualizar o conceito de Jubileu apontando-o para os ideais de liberta\u00e7\u00e3o, perd\u00e3o e restaura\u00e7\u00e3o, centrais no minist\u00e9rio de Jesus Cristo. \u201cO Ano Jubilar pode e deve ser uma ocasi\u00e3o prop\u00edcia para que possamos estreitar la\u00e7os de fraternidade e perd\u00e3o, condi\u00e7\u00f5es sem as quais n\u00e3o vamos avan\u00e7ar\u201d, concluiu o bispo.<\/span><span data-ccp-props=\"{&quot;335551550&quot;:6,&quot;335551620&quot;:6}\">\u00a0<\/span><\/p>\n<h3>Jubileu da Esperan\u00e7a<\/h3>\n<p><img decoding=\"async\" loading=\"lazy\" class=\"wp-image-973513 alignright\" src=\"https:\/\/www.cnbb.org.br\/wp-content\/uploads\/2024\/11\/IMG_71341-1024x683.jpg\" alt=\"\" width=\"339\" height=\"226\" srcset=\"https:\/\/www.cnbb.org.br\/wp-content\/uploads\/2024\/11\/IMG_71341-1024x683.jpg 1024w, https:\/\/www.cnbb.org.br\/wp-content\/uploads\/2024\/11\/IMG_71341-300x200.jpg 300w, https:\/\/www.cnbb.org.br\/wp-content\/uploads\/2024\/11\/IMG_71341-768x512.jpg 768w, https:\/\/www.cnbb.org.br\/wp-content\/uploads\/2024\/11\/IMG_71341-1536x1024.jpg 1536w, https:\/\/www.cnbb.org.br\/wp-content\/uploads\/2024\/11\/IMG_71341-2048x1365.jpg 2048w, https:\/\/www.cnbb.org.br\/wp-content\/uploads\/2024\/11\/IMG_71341-500x333.jpg 500w\" sizes=\"(max-width: 339px) 100vw, 339px\" \/><\/p>\n<p style=\"text-align: justify;\"><span data-contrast=\"auto\">Dom Ant\u00f4nio Luiz Catelan Ferreira, bispo auxiliar do Rio de Janeiro, se ateve ao texto da Bula do Jubileu da Esperan\u00e7a, intitulada \u201cSpes Non Confundit\u201d, relacionando-a com outros documentos do Papa Francisco, como a Exorta\u00e7\u00e3o Apost\u00f3lica sobre o An\u00fancio do Evangelho no Mundo Atual, <a href=\"https:\/\/www.vatican.va\/content\/francesco\/pt\/apost_exhortations\/documents\/papa-francesco_esortazione-ap_20131124_evangelii-gaudium.html\" target=\"_blank\" rel=\"noopener\"><em>Evangelii Gaudium. <\/em><\/a><\/span><\/p>\n<p style=\"text-align: justify;\"><span data-contrast=\"none\">Segundo a tradi\u00e7\u00e3o, cada Jubileu \u00e9 proclamado atrav\u00e9s da publica\u00e7\u00e3o de uma Bula Papal (ou Bula Pontif\u00edcia) de Proclama\u00e7\u00e3o. <\/span><span data-contrast=\"auto\">Ele explicou que a Bula do Jubileu da Esperan\u00e7a cont\u00e9m s\u00faplicas, propostas e palavras chaves<\/span><span data-contrast=\"auto\"> relacionadas \u00e0 tem\u00e1tica da esperan\u00e7a. Tamb\u00e9m salientou que o livro b\u00edblico que o Papa Francisco toma como refer\u00eancia ao faz\u00ea-la \u00e9 a Carta aos Romanos, n\u00facleo fundamental da Bula. Recordou que, na Bula, os <\/span><span data-contrast=\"none\">apelos de Francisco s\u00e3o pelos prisioneiros, migrantes, doentes, idosos e jovens. <\/span><span data-ccp-props=\"{&quot;335551550&quot;:6,&quot;335551620&quot;:6}\">\u00a0<\/span><\/p>\n<blockquote>\n<p style=\"text-align: justify;\"><span data-contrast=\"auto\">\u201cNa Bula o Papa apresenta v\u00e1rios sinais dos tempos, dois como apelos e outros seis como sinais de esperan\u00e7a para o nosso tempo\u201d, disse. Catelan recordou ainda que desde o primeiro Testamento, o Jubileu busca resgatar a experi\u00eancia do encontro com Deus, o Deus da Alian\u00e7a, que nos protege.<\/span><span data-ccp-props=\"{&quot;335551550&quot;:6,&quot;335551620&quot;:6}\">\u00a0<\/span><\/p>\n<\/blockquote>\n<p style=\"text-align: justify;\">Outros assuntos tamb\u00e9m foram abordados nesta manh\u00e3 como os projetos mission\u00e1rios das Pontif\u00edcias Obras Mission\u00e1rias (POM), apresentados pela irm\u00e3 Regina da Costa Pedro.<\/p>\n<h3>Partilhas e trocas de experi\u00eancias<\/h3>\n<p>&nbsp;<\/p>\n<figure id=\"attachment_973519\" aria-describedby=\"caption-attachment-973519\" style=\"width: 300px\" class=\"wp-caption alignleft\"><img decoding=\"async\" loading=\"lazy\" class=\"wp-image-973519 size-medium\" src=\"https:\/\/www.cnbb.org.br\/wp-content\/uploads\/2024\/11\/54134973654_5ed2350342_c-300x200.jpg\" alt=\"\" width=\"300\" height=\"200\" srcset=\"https:\/\/www.cnbb.org.br\/wp-content\/uploads\/2024\/11\/54134973654_5ed2350342_c-300x200.jpg 300w, https:\/\/www.cnbb.org.br\/wp-content\/uploads\/2024\/11\/54134973654_5ed2350342_c-768x512.jpg 768w, https:\/\/www.cnbb.org.br\/wp-content\/uploads\/2024\/11\/54134973654_5ed2350342_c-500x334.jpg 500w, https:\/\/www.cnbb.org.br\/wp-content\/uploads\/2024\/11\/54134973654_5ed2350342_c.jpg 799w\" sizes=\"(max-width: 300px) 100vw, 300px\" \/><figcaption id=\"caption-attachment-973519\" class=\"wp-caption-text\">Dom Jos\u00e9 Luiz Ferreira Salles<\/figcaption><\/figure>\n<p style=\"text-align: justify;\"><span class=\"TextRun SCXW22789724 BCX8\" lang=\"PT-BR\" xml:lang=\"PT-BR\" data-contrast=\"none\"><span class=\"NormalTextRun SCXW22789724 BCX8\">A reuni\u00e3o segue at\u00e9 o dia 14 com a reflex\u00e3o sobre outras tem\u00e1ticas. <\/span><\/span><span class=\"TextRun SCXW22789724 BCX8\" lang=\"PT-BR\" xml:lang=\"PT-BR\" data-contrast=\"none\"><span class=\"NormalTextRun SCXW22789724 BCX8\">Dom Jos\u00e9 Luiz Ferreira Salles, bispo de Pesqueira (PE), secret\u00e1rio do regional Nordeste 2, <\/span><\/span><span class=\"TextRun SCXW22789724 BCX8\" lang=\"PT-BR\" xml:lang=\"PT-BR\" data-contrast=\"none\"><span class=\"NormalTextRun SCXW22789724 BCX8\">destacou que o momento \u00e9 importante, pois traz a oportunidade de partilha e troca de experi\u00eancias:<br \/>\n<\/span><\/span><\/p>\n<blockquote>\n<p style=\"text-align: justify;\"><span data-contrast=\"auto\">\u201cA gente traz a realidade de cada regi\u00e3o, da nossa regi\u00e3o, no caso o Nordeste, mas tamb\u00e9m a gente escuta as experi\u00eancias que outros regionais est\u00e3o fazendo na miss\u00e3o evangelizadora, na a\u00e7\u00e3o mission\u00e1ria, ent\u00e3o isso \u00e9 muito rico, e tamb\u00e9m gera comunh\u00e3o entre n\u00f3s, afinal de contas o trabalho da CNBB \u00e9 feito em comunh\u00e3o, pela partilha de todos os regionais\u201d.<\/span><span data-ccp-props=\"{&quot;335551550&quot;:6,&quot;335551620&quot;:6}\">\u00a0<\/span><\/p>\n<\/blockquote>\n<figure id=\"attachment_973520\" aria-describedby=\"caption-attachment-973520\" style=\"width: 300px\" class=\"wp-caption alignright\"><img decoding=\"async\" loading=\"lazy\" class=\"wp-image-973520 size-medium\" src=\"https:\/\/www.cnbb.org.br\/wp-content\/uploads\/2024\/11\/54135001219_3713076bed_c-300x200.jpg\" alt=\"\" width=\"300\" height=\"200\" srcset=\"https:\/\/www.cnbb.org.br\/wp-content\/uploads\/2024\/11\/54135001219_3713076bed_c-300x200.jpg 300w, https:\/\/www.cnbb.org.br\/wp-content\/uploads\/2024\/11\/54135001219_3713076bed_c-768x512.jpg 768w, https:\/\/www.cnbb.org.br\/wp-content\/uploads\/2024\/11\/54135001219_3713076bed_c-500x334.jpg 500w, https:\/\/www.cnbb.org.br\/wp-content\/uploads\/2024\/11\/54135001219_3713076bed_c.jpg 799w\" sizes=\"(max-width: 300px) 100vw, 300px\" \/><figcaption id=\"caption-attachment-973520\" class=\"wp-caption-text\">Maria In\u00eas Sousa<\/figcaption><\/figure>\n<p style=\"text-align: justify;\"><span data-contrast=\"auto\">Maria In\u00eas Sousa, secret\u00e1ria executiva do regional Nordeste 3, destacou que a import\u00e2ncia do encontro est\u00e1 na colegialidade, al\u00e9m da integra\u00e7\u00e3o dos regionais com a sede. <\/span><\/p>\n<blockquote>\n<p style=\"text-align: justify;\"><span data-contrast=\"auto\"> \u201cOs temas tratados aqui s\u00e3o super importantes, porque isso tamb\u00e9m nos ajuda a melhorar o nosso aprofundamento nas dioceses, os repasses que a gente tem que fazer para as pastorais, movimentos e eu acho tamb\u00e9m que \u00e9 uma forma de a gente estar em sintonia com a Matriz. E a conviv\u00eancia entre os colegas que t\u00eam a mesma fun\u00e7\u00e3o nos regionais, embora cada um diferente, mas a fun\u00e7\u00e3o \u00e9 a mesma, isso tamb\u00e9m \u00e9 um ponto muito importante\u201d, destacou. <\/span><span data-ccp-props=\"{&quot;335551550&quot;:6,&quot;335551620&quot;:6}\">\u00a0<\/span><\/p>\n<\/blockquote>\n<figure id=\"attachment_973521\" aria-describedby=\"caption-attachment-973521\" style=\"width: 300px\" class=\"wp-caption alignleft\"><img decoding=\"async\" loading=\"lazy\" class=\"wp-image-973521 size-medium\" src=\"https:\/\/www.cnbb.org.br\/wp-content\/uploads\/2024\/11\/54134661766_6b2721ed96_b-300x200.jpg\" alt=\"\" width=\"300\" height=\"200\" srcset=\"https:\/\/www.cnbb.org.br\/wp-content\/uploads\/2024\/11\/54134661766_6b2721ed96_b-300x200.jpg 300w, https:\/\/www.cnbb.org.br\/wp-content\/uploads\/2024\/11\/54134661766_6b2721ed96_b-768x512.jpg 768w, https:\/\/www.cnbb.org.br\/wp-content\/uploads\/2024\/11\/54134661766_6b2721ed96_b-500x333.jpg 500w, https:\/\/www.cnbb.org.br\/wp-content\/uploads\/2024\/11\/54134661766_6b2721ed96_b.jpg 1024w\" sizes=\"(max-width: 300px) 100vw, 300px\" \/><figcaption id=\"caption-attachment-973521\" class=\"wp-caption-text\">Dom Wellington de Queiroz Vieira<\/figcaption><\/figure>\n<p style=\"text-align: justify;\"><span data-contrast=\"auto\">Dom<\/span><span data-contrast=\"none\"> Wellington de Queiroz Vieira, bispo de Cristal\u00e2ndia\u00a0(TO), e <\/span><span data-contrast=\"auto\">secret\u00e1rio do regional Norte 3, falou que o momento \u00e9 de refletir sobre a caminhada, a vida da Igreja e os desafios em comum.<\/span><\/p>\n<blockquote>\n<p style=\"text-align: justify;\"><span data-contrast=\"auto\"> \u201cHoje, de modo particular, refletimos sobre o Jubileu que n\u00f3s vamos viver no pr\u00f3ximo ano, como entender e como viver esse jubileu em nossas comunidades. \u00c9 interessante pensar que o jubileu \u00e9 um momento de agradecer a Deus para a nossa caminhada, mas \u00e9 tamb\u00e9m um momento de revis\u00e3o da caminhada, de repensar nossas a\u00e7\u00f5es e de olhar para o futuro com esperan\u00e7a. A esperan\u00e7a de quem realizou o encontro com Cristo e a esperan\u00e7a de quem acredita em dias melhores. Decis\u00e3o, pelo nosso compromisso e pela gra\u00e7a de Deus, ent\u00e3o tem sido um momento de renova\u00e7\u00e3o dos nossos \u00e2nimos, da nossa disposi\u00e7\u00e3o, da nossa estrat\u00e9gia na caminhada e na evangeliza\u00e7\u00e3o\u201d, diz.\u00a0<\/span><\/p>\n<\/blockquote>\n<pre>Por Larissa Carvalho<\/pre>\n<p><span data-ccp-props=\"{&quot;335551550&quot;:6,&quot;335551620&quot;:6}\">\u00a0<\/span><\/p>\n","protected":false},"excerpt":{"rendered":"<p>Na parte da manh\u00e3 desta ter\u00e7a-feira, 12 de novembro, a reuni\u00e3o dos bispos secret\u00e1rios e secret\u00e1rios executivos dos regionais da CNBB, que acontece desde ontem no Audit\u00f3rio Dom Helder Camara, na sede da CNBB, em Bras\u00edlia (DF), contou com uma reflex\u00e3o sobre o Jubileu 2025, que tem como tema: \u201cPeregrinos de Esperan\u00e7a\u201d<\/p>\n","protected":false},"author":141,"featured_media":973542,"comment_status":"closed","ping_status":"closed","sticky":false,"template":"","format":"standard","meta":{"site-sidebar-layout":"default","site-content-layout":"default","ast-global-header-display":"","ast-banner-title-visibility":"","ast-main-header-display":"","ast-hfb-above-header-display":"","ast-hfb-below-header-display":"","ast-hfb-mobile-header-display":"","site-post-title":"","ast-breadcrumbs-content":"","ast-featured-img":"","footer-sml-layout":"","theme-transparent-header-meta":"default","adv-header-id-meta":"","stick-header-meta":"","header-above-stick-meta":"","header-main-stick-meta":"","header-below-stick-meta":""},"categories":[1840,1851],"tags":[4922],"acf":[],"_links":{"self":[{"href":"https:\/\/www.cnbb.org.br\/cnbb-app\/wp\/v2\/posts\/973506"}],"collection":[{"href":"https:\/\/www.cnbb.org.br\/cnbb-app\/wp\/v2\/posts"}],"about":[{"href":"https:\/\/www.cnbb.org.br\/cnbb-app\/wp\/v2\/types\/post"}],"author":[{"embeddable":true,"href":"https:\/\/www.cnbb.org.br\/cnbb-app\/wp\/v2\/users\/141"}],"replies":[{"embeddable":true,"href":"https:\/\/www.cnbb.org.br\/cnbb-app\/wp\/v2\/comments?post=973506"}],"version-history":[{"count":30,"href":"https:\/\/www.cnbb.org.br\/cnbb-app\/wp\/v2\/posts\/973506\/revisions"}],"predecessor-version":[{"id":973551,"href":"https:\/\/www.cnbb.org.br\/cnbb-app\/wp\/v2\/posts\/973506\/revisions\/973551"}],"wp:featuredmedia":[{"embeddable":true,"href":"https:\/\/www.cnbb.org.br\/cnbb-app\/wp\/v2\/media\/973542"}],"wp:attachment":[{"href":"https:\/\/www.cnbb.org.br\/cnbb-app\/wp\/v2\/media?parent=973506"}],"wp:term":[{"taxonomy":"category","embeddable":true,"href":"https:\/\/www.cnbb.org.br\/cnbb-app\/wp\/v2\/categories?post=973506"},{"taxonomy":"post_tag","embeddable":true,"href":"https:\/\/www.cnbb.org.br\/cnbb-app\/wp\/v2\/tags?post=973506"}],"curies":[{"name":"wp","href":"https:\/\/api.w.org\/{rel}","templated":true}]}}