{"id":973768,"date":"2024-11-19T17:28:37","date_gmt":"2024-11-19T20:28:37","guid":{"rendered":"https:\/\/www.cnbb.org.br\/?p=973768"},"modified":"2024-11-20T10:01:32","modified_gmt":"2024-11-20T13:01:32","slug":"conselho-permanente-da-cnbb-aprova-atualizacao-do-documento-da-pastoral-afro-brasileira-as-vesperas-da-consciencia-negra","status":"publish","type":"post","link":"https:\/\/www.cnbb.org.br\/conselho-permanente-da-cnbb-aprova-atualizacao-do-documento-da-pastoral-afro-brasileira-as-vesperas-da-consciencia-negra\/","title":{"rendered":"Conselho Permanente da CNBB aprova atualiza\u00e7\u00e3o do documento da Pastoral Afro-Brasileira \u00e0s v\u00e9speras da Consci\u00eancia Negra"},"content":{"rendered":"<p style=\"text-align: justify;\">A manh\u00e3 da \u00faltima reuni\u00e3o do ano do Conselho Permanente da Confer\u00eancia Nacional dos Bispos do Brasil (CNBB) foi dedicada \u00e0 reflex\u00e3o sobre a conjuntura p\u00f3s elei\u00e7\u00f5es municipais\u00a0 conduzida pelo bispo de Carolina (MA), dom Francisco Lima Soares, e a uma reflex\u00e3o sobre o perfil dos presb\u00edteros na p\u00f3s-cristandade, desenvolvida pelo bispo de Petr\u00f3polis (RJ), dom Joel Portella Amado.<\/p>\n<p style=\"text-align: justify;\">A reuni\u00e3o \u00e9 coordenada pelo bispo auxiliar de Bras\u00edlia e secret\u00e1rio-geral da CNBB, dom Ricardo Hoepers, e conta com a participa\u00e7\u00e3o os membros de dire\u00e7\u00e3o da CNBB: o arcebispo de Porto Alegre (RS) e presidente, dom Jaime Spengler, o arcebispo de Goi\u00e2nia (GO) e primeiro vice-presidente, dom Jo\u00e3o Justino e do arcebispo de Olinda e Recife (PE), dom Paulo Jackson.<\/p>\n<p style=\"text-align: justify;\">Participam os bispos presidentes dos 19 regionais da CNBB, os presidentes das 12 Comiss\u00f5es Episcopais e de Comiss\u00f5es especiais, convidados representantes dos organismos do povo de Deus da Igreja no Brasil e os assessores e assessoras das comiss\u00f5es da Confer\u00eancia.<\/p>\n<h3>Igreja e Esporte<\/h3>\n<p style=\"text-align: justify;\"><span class=\"LEwnzc Sqrs4e\"><br \/>\n<img decoding=\"async\" loading=\"lazy\" class=\"size-medium wp-image-973839 alignleft\" src=\"https:\/\/www.cnbb.org.br\/wp-content\/uploads\/2024\/11\/Conselho-Permanente-esporte--300x200.jpg\" alt=\"\" width=\"300\" height=\"200\" srcset=\"https:\/\/www.cnbb.org.br\/wp-content\/uploads\/2024\/11\/Conselho-Permanente-esporte--300x200.jpg 300w, https:\/\/www.cnbb.org.br\/wp-content\/uploads\/2024\/11\/Conselho-Permanente-esporte--1024x683.jpg 1024w, https:\/\/www.cnbb.org.br\/wp-content\/uploads\/2024\/11\/Conselho-Permanente-esporte--768x512.jpg 768w, https:\/\/www.cnbb.org.br\/wp-content\/uploads\/2024\/11\/Conselho-Permanente-esporte--1536x1024.jpg 1536w, https:\/\/www.cnbb.org.br\/wp-content\/uploads\/2024\/11\/Conselho-Permanente-esporte--2048x1365.jpg 2048w, https:\/\/www.cnbb.org.br\/wp-content\/uploads\/2024\/11\/Conselho-Permanente-esporte--500x333.jpg 500w\" sizes=\"(max-width: 300px) 100vw, 300px\" \/><\/span>O\u00a0advogado Pedro Trengrouse, coordenador acad\u00eamico do Programa FGV\/Fifa\/CIES em Gest\u00e3o de Esporte participou, a convite da Comiss\u00e3o para a Cultura e a Educa\u00e7\u00e3o da CNBB, da reuni\u00e3o do Conselho Permanente para provocar uma reflex\u00e3o sobre o papel da Igreja na promo\u00e7\u00e3o do esporte.<\/p>\n<p style=\"text-align: justify;\">O advogado participou da Confer\u00eancia Internacional sobre Esporte e Espiritualidade &#8220;Colocar a vida em jogo&#8221;, organizada pelo Dicast\u00e9rio para a Cultura e a Educa\u00e7\u00e3o e pela Embaixada da Fran\u00e7a junto \u00e0 Santa S\u00e9, realizada de 16 a 18 de maio em Roma. Segundo ele, o cardeal Tolentino apresentou um novo desafio de mobilizar a pr\u00f3pria Igreja para o esporte.<\/p>\n<p style=\"text-align: justify;\">Ele apresentou exemplos de devo\u00e7\u00f5es pastorais ligadas ao futebol e a ideia do esporte como ferramenta pastoral para promover a promo\u00e7\u00e3o de v\u00ednculos. O presidente da CNBB ressaltou que o esporte tem grande incid\u00eancia na vida social do Brasil e da juventude e que pode ser uma porta de entrada para fortalecer o desenvolvimento integral e os v\u00ednculos os sociais.<\/p>\n<h3>Pastoral Afro-Brasileira<\/h3>\n<p style=\"text-align: justify;\"><img decoding=\"async\" loading=\"lazy\" class=\"size-medium wp-image-973842 alignright\" src=\"https:\/\/www.cnbb.org.br\/wp-content\/uploads\/2024\/11\/Dom-Zanoni-CP-300x200.jpg\" alt=\"\" width=\"300\" height=\"200\" srcset=\"https:\/\/www.cnbb.org.br\/wp-content\/uploads\/2024\/11\/Dom-Zanoni-CP-300x200.jpg 300w, https:\/\/www.cnbb.org.br\/wp-content\/uploads\/2024\/11\/Dom-Zanoni-CP-1024x683.jpg 1024w, https:\/\/www.cnbb.org.br\/wp-content\/uploads\/2024\/11\/Dom-Zanoni-CP-768x512.jpg 768w, https:\/\/www.cnbb.org.br\/wp-content\/uploads\/2024\/11\/Dom-Zanoni-CP-1536x1024.jpg 1536w, https:\/\/www.cnbb.org.br\/wp-content\/uploads\/2024\/11\/Dom-Zanoni-CP-2048x1365.jpg 2048w, https:\/\/www.cnbb.org.br\/wp-content\/uploads\/2024\/11\/Dom-Zanoni-CP-500x333.jpg 500w\" sizes=\"(max-width: 300px) 100vw, 300px\" \/>No dia que antecede a Consci\u00eancia Negra, o arcebispo de Feira de Santana (BA) e referencial da Pastoral Afro-Brasileira, dom Zanoni Demettino Castro, apresentou a proposta de atualiza\u00e7\u00e3o do documento da Pastoral Afro-Brasileira (PAB) e da necessidade de ser assumido pelas dioceses brasileiras. Lembrou que esta caminhada ganhou refor\u00e7o pela Campanha da Fraternidade de 1988.<\/p>\n<p style=\"text-align: justify;\">A Pastoral Afro est\u00e1 propondo, entre outros pontos, maior valoriza\u00e7\u00e3o cultural e di\u00e1logo inter-religioso, organiza\u00e7\u00e3o, e fortalecimento da PAB nos n\u00edveis paroquial, diocesano e paroquial. Dom Zanoni lembrou da import\u00e2ncia de a CNBB dar uma palavra de cuidado pastoral ao povo negro do Brasil por meio da palavra oficial. O texto foi colocado em vota\u00e7\u00e3o e aprovado pelos membros do Conselho Permanente da CNBB para se tornar um documento oficial da Confer\u00eancia.<\/p>\n<figure id=\"attachment_973836\" aria-describedby=\"caption-attachment-973836\" style=\"width: 1024px\" class=\"wp-caption aligncenter\"><img decoding=\"async\" loading=\"lazy\" class=\"wp-image-973836 size-large\" src=\"https:\/\/www.cnbb.org.br\/wp-content\/uploads\/2024\/11\/Conselho-Permanente-19-11-Consciencia-Negra--1024x683.jpg\" alt=\"\" width=\"1024\" height=\"683\" srcset=\"https:\/\/www.cnbb.org.br\/wp-content\/uploads\/2024\/11\/Conselho-Permanente-19-11-Consciencia-Negra--1024x683.jpg 1024w, https:\/\/www.cnbb.org.br\/wp-content\/uploads\/2024\/11\/Conselho-Permanente-19-11-Consciencia-Negra--300x200.jpg 300w, https:\/\/www.cnbb.org.br\/wp-content\/uploads\/2024\/11\/Conselho-Permanente-19-11-Consciencia-Negra--768x512.jpg 768w, https:\/\/www.cnbb.org.br\/wp-content\/uploads\/2024\/11\/Conselho-Permanente-19-11-Consciencia-Negra--1536x1024.jpg 1536w, https:\/\/www.cnbb.org.br\/wp-content\/uploads\/2024\/11\/Conselho-Permanente-19-11-Consciencia-Negra--2048x1365.jpg 2048w, https:\/\/www.cnbb.org.br\/wp-content\/uploads\/2024\/11\/Conselho-Permanente-19-11-Consciencia-Negra--500x333.jpg 500w\" sizes=\"(max-width: 1024px) 100vw, 1024px\" \/><figcaption id=\"caption-attachment-973836\" class=\"wp-caption-text\">Dom Tavares Mendes, presidente da Comiss\u00e3o para o Ecumenismo da CNBB. Fotos: Giany Costa &#8211; ASCOM CNBB<\/figcaption><\/figure>\n<h3><\/h3>\n<h3>Gest\u00e3o da CNBB<\/h3>\n<p style=\"text-align: justify;\">O Monsenhor Nereudo Freire Henrique apresentou o resultado do trabalho do Comit\u00ea Gestor da CNBB do qual tamb\u00e9m fazem parte o padre Leandro Megeto e Jos\u00e9 Luna. Destacou as conquistas recentes como a cria\u00e7\u00e3o do Departamento de Recursos Humanos (Gente &amp; Gest\u00e3o), desenvolvimento do projeto de Compliance da CNBB, apresenta\u00e7\u00e3o do balan\u00e7o or\u00e7ament\u00e1rio (receitas e despesas em 2024) e tamb\u00e9m o total arrecadado das campanhas da Evangeliza\u00e7\u00e3o 2023 e da Fraternidade 2024. O monsenhor Nereudo partilhou os sentimentos por sua nomea\u00e7\u00e3o como bispo auxiliar de Olinda e Recife, afirmando confiar na gra\u00e7a de Deus para esta miss\u00e3o.<\/p>\n<pre>Por Willian Bonfim<\/pre>\n<p>&nbsp;<\/p>\n<p style=\"text-align: justify;\">\n","protected":false},"excerpt":{"rendered":"<p>A manh\u00e3 da \u00faltima reuni\u00e3o do ano do Conselho Permanente da Confer\u00eancia Nacional dos Bispos do Brasil (CNBB) foi dedicada \u00e0 reflex\u00e3o sobre a conjuntura p\u00f3s elei\u00e7\u00f5es municipais\u00a0 conduzida pelo bispo de Carolina (MA), dom Francisco Lima Soares, e a uma reflex\u00e3o sobre o perfil dos presb\u00edteros na p\u00f3s-cristandade, desenvolvida pelo bispo de Petr\u00f3polis (RJ), &hellip;<\/p>\n<p class=\"read-more\"> <a class=\"\" href=\"https:\/\/www.cnbb.org.br\/conselho-permanente-da-cnbb-aprova-atualizacao-do-documento-da-pastoral-afro-brasileira-as-vesperas-da-consciencia-negra\/\"> <span class=\"screen-reader-text\">Conselho Permanente da CNBB aprova atualiza\u00e7\u00e3o do documento da Pastoral Afro-Brasileira \u00e0s v\u00e9speras da Consci\u00eancia Negra<\/span> Leia mais &raquo;<\/a><\/p>\n","protected":false},"author":142,"featured_media":973837,"comment_status":"closed","ping_status":"closed","sticky":false,"template":"","format":"standard","meta":{"site-sidebar-layout":"default","site-content-layout":"default","ast-global-header-display":"","ast-banner-title-visibility":"","ast-main-header-display":"","ast-hfb-above-header-display":"","ast-hfb-below-header-display":"","ast-hfb-mobile-header-display":"","site-post-title":"","ast-breadcrumbs-content":"","ast-featured-img":"","footer-sml-layout":"","theme-transparent-header-meta":"default","adv-header-id-meta":"","stick-header-meta":"","header-above-stick-meta":"","header-main-stick-meta":"","header-below-stick-meta":""},"categories":[834,1840],"tags":[3053],"acf":[],"_links":{"self":[{"href":"https:\/\/www.cnbb.org.br\/cnbb-app\/wp\/v2\/posts\/973768"}],"collection":[{"href":"https:\/\/www.cnbb.org.br\/cnbb-app\/wp\/v2\/posts"}],"about":[{"href":"https:\/\/www.cnbb.org.br\/cnbb-app\/wp\/v2\/types\/post"}],"author":[{"embeddable":true,"href":"https:\/\/www.cnbb.org.br\/cnbb-app\/wp\/v2\/users\/142"}],"replies":[{"embeddable":true,"href":"https:\/\/www.cnbb.org.br\/cnbb-app\/wp\/v2\/comments?post=973768"}],"version-history":[{"count":16,"href":"https:\/\/www.cnbb.org.br\/cnbb-app\/wp\/v2\/posts\/973768\/revisions"}],"predecessor-version":[{"id":973860,"href":"https:\/\/www.cnbb.org.br\/cnbb-app\/wp\/v2\/posts\/973768\/revisions\/973860"}],"wp:featuredmedia":[{"embeddable":true,"href":"https:\/\/www.cnbb.org.br\/cnbb-app\/wp\/v2\/media\/973837"}],"wp:attachment":[{"href":"https:\/\/www.cnbb.org.br\/cnbb-app\/wp\/v2\/media?parent=973768"}],"wp:term":[{"taxonomy":"category","embeddable":true,"href":"https:\/\/www.cnbb.org.br\/cnbb-app\/wp\/v2\/categories?post=973768"},{"taxonomy":"post_tag","embeddable":true,"href":"https:\/\/www.cnbb.org.br\/cnbb-app\/wp\/v2\/tags?post=973768"}],"curies":[{"name":"wp","href":"https:\/\/api.w.org\/{rel}","templated":true}]}}