{"id":973798,"date":"2024-11-19T14:12:07","date_gmt":"2024-11-19T17:12:07","guid":{"rendered":"https:\/\/www.cnbb.org.br\/?p=973798"},"modified":"2024-11-19T14:12:41","modified_gmt":"2024-11-19T17:12:41","slug":"a-igreja-e-minha-casa","status":"publish","type":"post","link":"https:\/\/www.cnbb.org.br\/a-igreja-e-minha-casa\/","title":{"rendered":"A Igreja \u00e9 minha casa\u00a0"},"content":{"rendered":"<p style=\"text-align: right;\"><strong>Dom\u00a0 Messias dos Reis Silveira<br \/>\nBispo de Te\u00f3filo Otoni (TO)<\/strong><\/p>\n<p style=\"text-align: justify;\"><b><span data-contrast=\"auto\"><\/p>\n<p><\/span><\/b><\/p>\n<p style=\"text-align: justify;\"><span data-ccp-props=\"{&quot;335551550&quot;:6,&quot;335551620&quot;:6}\">\u00a0<\/span><\/p>\n<p style=\"text-align: justify;\"><span data-contrast=\"auto\">Casa \u00e9 sempre uma refer\u00eancia para a vida humana. Estar em casa \u00e9 assumir uma identidade, desenvolver afetos, sentir-se seguro e n\u00e3o se sentir perdido no mundo. \u00c9 muito importante que se tenha uma casa para ir, para morar, dela sair e para ela voltar. O ser humano sempre necessitou de uma casa, de um ch\u00e3o, de um abrigo. Quando Deus criou o mundo, nos relatam as Sagradas Escrituras, nossos primeiros pais Ad\u00e3o e Eva habitavam no Jardim do \u00c9den. Sim, aquele Jardim no meio do Para\u00edso era a casa deles.<\/span><span data-ccp-props=\"{&quot;335551550&quot;:6,&quot;335551620&quot;:6,&quot;335559731&quot;:709}\">\u00a0<\/span><\/p>\n<p style=\"text-align: justify;\"><span data-contrast=\"auto\">Ao constituir o grupo dos seus disc\u00edpulos, Jesus informou-lhes que o Filho do Homem n\u00e3o tinha um lugar para morar, nem mesmo uma pedra para reclinar a cabe\u00e7a (cf. Lc 9,58). Mas Ele j\u00e1 havia feito, muitas vezes, a experi\u00eancia de uma casa. Por trinta anos viveu em casa com seus pais em Nazar\u00e9. Quando ia a Cafarnaum, hospedava-se na casa de Pedro. J\u00e1 em Beth\u00e2nia, tinha como refer\u00eancia uma fam\u00edlia amiga, L\u00e1zaro, Maria e Marta, e muitas vezes frequentava esse lar amigo. Quando, no exerc\u00edcio do seu minist\u00e9rio, afirma aos seus seguidores que n\u00e3o tinha nem sequer um lugar para reclinar a cabe\u00e7a, est\u00e1 querendo dizer que a sua nova refer\u00eancia de casa \u00e9 o grupo dos Doze Ap\u00f3stolos. Neste grupo Jesus sentia-se acolhido e nele vivia a sua profunda realidade de Filho de Deus e irm\u00e3o de todos os outros filhos e filhas de Deus.\u00a0<\/span><span data-ccp-props=\"{&quot;335551550&quot;:6,&quot;335551620&quot;:6,&quot;335559731&quot;:709}\">\u00a0<\/span><\/p>\n<p style=\"text-align: justify;\"><span data-contrast=\"auto\">No Antigo Testamento podemos encontrar v\u00e1rias alus\u00f5es a pessoas que habitavam em suas casas e tamb\u00e9m a pessoas que habitavam em tendas.\u00a0 No Novo Testamento, Sime\u00e3o e Ana de Fanuel tinham por refer\u00eancia em suas vidas o Templo de Jerusal\u00e9m e foi naquela Casa Sagrada que encontraram o Menino Deus. A casa \u00e9, assim, o lugar do encontro. Jesus disse que \u201conde est\u00e1 o teu Tesouro a\u00ed estar\u00e1 tamb\u00e9m o teu cora\u00e7\u00e3o\u201d (Mt 6,21). Por tudo isso, \u00e9 importante descobrir que a Igreja \u00e9 a nossa casa e nela est\u00e1 o tesouro de uma comunidade reunida em torno de Jesus. Ele mesmo \u00e9 o tesouro.<\/span><span data-ccp-props=\"{&quot;335551550&quot;:6,&quot;335551620&quot;:6,&quot;335559731&quot;:709}\">\u00a0<\/span><\/p>\n<p style=\"text-align: justify;\"><span data-contrast=\"auto\">Se a casa \u00e9 a refer\u00eancia saud\u00e1vel para todas as pessoas, podemos perguntar: como entram nesta realidade as pessoas que n\u00e3o tem casa, n\u00e3o tem onde morar e vivem na rua? Aqui entra um di\u00e1logo muito bonito e profundo que algu\u00e9m teve com um morador de rua. Um grupo de pessoas solid\u00e1rias resolveu dar-lhe um teto, mas ele n\u00e3o quis morar ali. Num dia chuvoso, uma mulher daquele grupo conversou com o homem dizendo que queriam dar-lhe prote\u00e7\u00e3o, pois naquele tempo inst\u00e1vel ele precisava de uma casa. O homem pediu que ela olhasse para o c\u00e9u e lhe disse em seguida: \u201cA senhora est\u00e1 vendo tudo isso? Foi Deus quem criou e foi Ele quem nos deu essa casa\u201d. Ele quis dizer que todos moram em uma casa, mesmo que ela seja t\u00e3o ampla do tamanho do universo, nossa casa comum, mesmo que esteja dentro uma cidade com muitas casas. Por\u00e9m, no meio de tantas casas, \u00e9 preciso se identificar com uma casa e essa n\u00e3o inclui apenas o ambiente familiar, ou uma edifica\u00e7\u00e3o, mas estende-se tamb\u00e9m \u00e0 comunidade de f\u00e9, pois a Igreja, uma das casas da cidade, \u00e9 a casa da fam\u00edlia dos filhos de Deus e o lugar especial do relacionamento com o Divino, Nela precisamos nos sentir realmente e intimamente em casa.<\/span><span data-ccp-props=\"{&quot;335551550&quot;:6,&quot;335551620&quot;:6,&quot;335559731&quot;:709}\">\u00a0<\/span><\/p>\n<p style=\"text-align: justify;\"><span data-contrast=\"auto\">Sabemos que toda casa necessita, muitas vezes, passar por ajustes, reformas, pinturas e manuten\u00e7\u00f5es. A Igreja, como comunidade que acolhe os seus filhos, vive num constante processo de crescimento. Esta foi a preocupa\u00e7\u00e3o do Papa ao convocar o S\u00ednodo, recentemente conclu\u00eddo. Espera-se que as conclus\u00f5es deste tempo de estudo, ora\u00e7\u00e3o e conversa no Esp\u00edrito ajude todos os habitantes desta casa a melhorar a qualidade da vida na Igreja que, conforme disse o Papa Francisco, \u00e9 para todos, todos, todos. A Igreja \u00e9 a minha casa. Nela me sinto acolhido, vivo a experi\u00eancia dignificante de ser filho de Deus e me preparo para a moradia eterna no Reino dos C\u00e9us. A Igreja, como comunidade de f\u00e9, tem como fundamento e fonte o mist\u00e9rio Divino da Sant\u00edssima Trindade e da revela\u00e7\u00e3o m\u00e1xima do Amor na pessoa de Jesus atrav\u00e9s dos mist\u00e9rios da Encarna\u00e7\u00e3o e Reden\u00e7\u00e3o. Vivamos felizes em nossa casa.<\/span><span data-ccp-props=\"{&quot;335551550&quot;:6,&quot;335551620&quot;:6,&quot;335559731&quot;:709}\">\u00a0<\/span><\/p>\n<p style=\"text-align: justify;\"><span data-ccp-props=\"{&quot;335551550&quot;:6,&quot;335551620&quot;:6}\">\u00a0<\/span><\/p>\n<p>&nbsp;<\/p>\n<p><span data-ccp-props=\"{}\">\u00a0<\/span><\/p>\n","protected":false},"excerpt":{"rendered":"<p>Dom\u00a0 Messias dos Reis Silveira Bispo de Te\u00f3filo Otoni (TO) \u00a0 Casa \u00e9 sempre uma refer\u00eancia para a vida humana. Estar em casa \u00e9 assumir uma identidade, desenvolver afetos, sentir-se seguro e n\u00e3o se sentir perdido no mundo. \u00c9 muito importante que se tenha uma casa para ir, para morar, dela sair e para ela &hellip;<\/p>\n<p class=\"read-more\"> <a class=\"\" href=\"https:\/\/www.cnbb.org.br\/a-igreja-e-minha-casa\/\"> <span class=\"screen-reader-text\">A Igreja \u00e9 minha casa\u00a0<\/span> Leia mais &raquo;<\/a><\/p>\n","protected":false},"author":45,"featured_media":0,"comment_status":"closed","ping_status":"closed","sticky":false,"template":"","format":"standard","meta":{"site-sidebar-layout":"default","site-content-layout":"default","ast-global-header-display":"","ast-banner-title-visibility":"","ast-main-header-display":"","ast-hfb-above-header-display":"","ast-hfb-below-header-display":"","ast-hfb-mobile-header-display":"","site-post-title":"","ast-breadcrumbs-content":"","ast-featured-img":"","footer-sml-layout":"","theme-transparent-header-meta":"default","adv-header-id-meta":"","stick-header-meta":"","header-above-stick-meta":"","header-main-stick-meta":"","header-below-stick-meta":""},"categories":[758],"tags":[],"acf":[],"_links":{"self":[{"href":"https:\/\/www.cnbb.org.br\/cnbb-app\/wp\/v2\/posts\/973798"}],"collection":[{"href":"https:\/\/www.cnbb.org.br\/cnbb-app\/wp\/v2\/posts"}],"about":[{"href":"https:\/\/www.cnbb.org.br\/cnbb-app\/wp\/v2\/types\/post"}],"author":[{"embeddable":true,"href":"https:\/\/www.cnbb.org.br\/cnbb-app\/wp\/v2\/users\/45"}],"replies":[{"embeddable":true,"href":"https:\/\/www.cnbb.org.br\/cnbb-app\/wp\/v2\/comments?post=973798"}],"version-history":[{"count":1,"href":"https:\/\/www.cnbb.org.br\/cnbb-app\/wp\/v2\/posts\/973798\/revisions"}],"predecessor-version":[{"id":973799,"href":"https:\/\/www.cnbb.org.br\/cnbb-app\/wp\/v2\/posts\/973798\/revisions\/973799"}],"wp:attachment":[{"href":"https:\/\/www.cnbb.org.br\/cnbb-app\/wp\/v2\/media?parent=973798"}],"wp:term":[{"taxonomy":"category","embeddable":true,"href":"https:\/\/www.cnbb.org.br\/cnbb-app\/wp\/v2\/categories?post=973798"},{"taxonomy":"post_tag","embeddable":true,"href":"https:\/\/www.cnbb.org.br\/cnbb-app\/wp\/v2\/tags?post=973798"}],"curies":[{"name":"wp","href":"https:\/\/api.w.org\/{rel}","templated":true}]}}