{"id":974134,"date":"2024-11-25T13:11:55","date_gmt":"2024-11-25T16:11:55","guid":{"rendered":"https:\/\/www.cnbb.org.br\/?p=974134"},"modified":"2024-11-25T13:13:04","modified_gmt":"2024-11-25T16:13:04","slug":"solenidade-de-jesus-cristo-rei-do-universo-2","status":"publish","type":"post","link":"https:\/\/www.cnbb.org.br\/solenidade-de-jesus-cristo-rei-do-universo-2\/","title":{"rendered":"Solenidade de Jesus Cristo, Rei do Universo\u00a0"},"content":{"rendered":"<p style=\"text-align: right;\"><b><span data-contrast=\"auto\">Dom Anuar Battisti<\/span><\/b><br \/>\n<b><span data-contrast=\"auto\">Arcebispo Em\u00e9rito de Maring\u00e1 (PR)<\/span><\/b><span data-ccp-props=\"{&quot;201341983&quot;:0,&quot;335551550&quot;:2,&quot;335551620&quot;:2,&quot;335559739&quot;:160,&quot;335559740&quot;:278}\">\u00a0<\/span><\/p>\n<p style=\"text-align: justify;\">\n<p style=\"text-align: justify;\"><span data-ccp-props=\"{&quot;201341983&quot;:0,&quot;335551550&quot;:6,&quot;335551620&quot;:6,&quot;335559739&quot;:160,&quot;335559740&quot;:278}\">\u00a0<\/span><\/p>\n<p style=\"text-align: justify;\"><span data-contrast=\"auto\">Queridos irm\u00e3os e irm\u00e3s,<\/span><span data-ccp-props=\"{&quot;201341983&quot;:0,&quot;335551550&quot;:6,&quot;335551620&quot;:6,&quot;335559739&quot;:160,&quot;335559740&quot;:278}\">\u00a0<\/span><\/p>\n<p style=\"text-align: justify;\"><span data-contrast=\"auto\">Hoje celebramos a Solenidade de Jesus Cristo, Rei do Universo, o \u00faltimo domingo do Ano Lit\u00fargico. Nesta festa, somos convidados a contemplar a realeza de Cristo e a reconhecer que Ele \u00e9 o Senhor de nossas vidas, o Rei cujos dom\u00ednios ultrapassam os limites terrenos e abra\u00e7am a eternidade.<\/span><span data-ccp-props=\"{&quot;201341983&quot;:0,&quot;335551550&quot;:6,&quot;335551620&quot;:6,&quot;335559731&quot;:708,&quot;335559739&quot;:160,&quot;335559740&quot;:278}\">\u00a0<\/span><\/p>\n<p style=\"text-align: justify;\"><span data-contrast=\"auto\">Na primeira leitura, do livro de Daniel \u2013 Dn 7,13-14 \u2013, somos apresentados \u00e0 vis\u00e3o do profeta: <\/span><i><span data-contrast=\"auto\">\u201cVi algu\u00e9m, como um Filho do Homem, vindo entre as nuvens do c\u00e9u; ele recebeu poder, gl\u00f3ria e realeza. Todos os povos, na\u00e7\u00f5es e l\u00ednguas o serviam. Seu poder \u00e9 um poder eterno, que n\u00e3o lhe ser\u00e1 tirado, e seu reino, um reino que n\u00e3o se dissolver\u00e1\u201d<\/span><\/i><span data-contrast=\"auto\"> (Dn 7,13-14). Essa profecia nos revela o car\u00e1ter eterno e universal do reinado de Cristo. Ele n\u00e3o \u00e9 um rei passageiro ou restrito a uma \u00e9poca ou lugar, mas aquele cujo dom\u00ednio abrange todos os tempos e povos.<\/span><span data-ccp-props=\"{&quot;201341983&quot;:0,&quot;335551550&quot;:6,&quot;335551620&quot;:6,&quot;335559731&quot;:708,&quot;335559739&quot;:160,&quot;335559740&quot;:278}\">\u00a0<\/span><\/p>\n<p style=\"text-align: justify;\"><span data-contrast=\"auto\">Na segunda leitura, do livro do Apocalipse \u2013 Ap 1,5-8 \u2013, S\u00e3o Jo\u00e3o nos lembra que Jesus \u00e9 <\/span><i><span data-contrast=\"auto\">\u201co Pr\u00edncipe dos reis da terra\u201d<\/span><\/i><span data-contrast=\"auto\"> e <\/span><i><span data-contrast=\"auto\">\u201cAquele que nos ama, que nos libertou de nossos pecados pelo seu sangue\u201d<\/span><\/i><span data-contrast=\"auto\"> (Ap 1,5). Este \u00e9 o Rei que reina pelo amor, que se fez servo e entregou a pr\u00f3pria vida para nos salvar. Ele \u00e9 aquele que declara: <\/span><i><span data-contrast=\"auto\">\u201cEu sou o Alfa e o \u00d4mega, aquele que \u00e9, que era e que vem, o Todo-Poderoso\u201d<\/span><\/i><span data-contrast=\"auto\"> (Ap 1,8). Essa realeza \u00e9 fonte de esperan\u00e7a e nos convida a confiar na promessa de que, com Cristo, participaremos de Seu Reino como sacerdotes e servos de Deus.<\/span><span data-ccp-props=\"{&quot;201341983&quot;:0,&quot;335551550&quot;:6,&quot;335551620&quot;:6,&quot;335559731&quot;:708,&quot;335559739&quot;:160,&quot;335559740&quot;:278}\">\u00a0<\/span><\/p>\n<p style=\"text-align: justify;\"><span data-contrast=\"auto\">O Evangelho de Jo\u00e3o \u2013 Jo 18,33b-37 \u2013 nos apresenta o di\u00e1logo entre Jesus e Pilatos, um momento de grande profundidade. Pilatos, representante do poder terreno, questiona Jesus: <\/span><i><span data-contrast=\"auto\">\u201cTu \u00e9s o rei dos judeus?\u201d<\/span><\/i><span data-contrast=\"auto\"> (Jo 18,33). Jesus, em resposta, revela a ess\u00eancia de Sua realeza: <\/span><i><span data-contrast=\"auto\">\u201cMeu Reino n\u00e3o \u00e9 deste mundo. Se o meu Reino fosse deste mundo, os meus guardas teriam lutado para que eu n\u00e3o fosse entregue aos judeus. Mas o meu Reino n\u00e3o \u00e9 daqui\u201d<\/span><\/i><span data-contrast=\"auto\"> (Jo 18,36).<\/span><span data-ccp-props=\"{&quot;201341983&quot;:0,&quot;335551550&quot;:6,&quot;335551620&quot;:6,&quot;335559731&quot;:708,&quot;335559739&quot;:160,&quot;335559740&quot;:278}\">\u00a0<\/span><\/p>\n<p style=\"text-align: justify;\"><span data-contrast=\"auto\">Essa declara\u00e7\u00e3o de Jesus nos mostra que Sua realeza n\u00e3o \u00e9 baseada no poder ou na for\u00e7a humana, mas na verdade e no amor. Ele mesmo afirma: <\/span><i><span data-contrast=\"auto\">\u201cEu nasci e vim ao mundo para dar testemunho da verdade. Todo aquele que \u00e9 da verdade escuta a minha voz\u201d<\/span><\/i><span data-contrast=\"auto\"> (Jo 18,37). Aqui est\u00e1 o chamado para cada um de n\u00f3s: escutar a voz do Rei que nos conduz ao caminho da vida eterna.<\/span><span data-ccp-props=\"{&quot;201341983&quot;:0,&quot;335551550&quot;:6,&quot;335551620&quot;:6,&quot;335559731&quot;:708,&quot;335559739&quot;:160,&quot;335559740&quot;:278}\">\u00a0<\/span><\/p>\n<p style=\"text-align: justify;\"><span data-contrast=\"auto\">Irm\u00e3os e irm\u00e3s, a realeza de Jesus nos desafia a viver de maneira diferente. Ele \u00e9 o Rei que governa com miseric\u00f3rdia, que n\u00e3o busca dominar, mas servir. Seu Reino \u00e9 de justi\u00e7a, paz e amor, e n\u00f3s somos chamados a constru\u00ed-lo aqui na Terra. Como diz S\u00e3o Paulo em sua carta aos Filipenses, <\/span><i><span data-contrast=\"auto\">\u201cpara que ao nome de Jesus se dobre todo joelho, no c\u00e9u, na terra e abaixo da terra, e toda l\u00edngua confesse que Jesus Cristo \u00e9 o Senhor\u201d<\/span><\/i><span data-contrast=\"auto\"> (Fl 2,10-11).<\/span><span data-ccp-props=\"{&quot;201341983&quot;:0,&quot;335551550&quot;:6,&quot;335551620&quot;:6,&quot;335559731&quot;:708,&quot;335559739&quot;:160,&quot;335559740&quot;:278}\">\u00a0<\/span><\/p>\n<p style=\"text-align: justify;\"><span data-contrast=\"auto\">O mundo oferece outros \u201creis\u201d: o poder, o dinheiro, a vaidade. Mas s\u00f3 em Jesus encontramos o Rei verdadeiro, aquele que reina n\u00e3o com cetros de ouro, mas com a cruz, onde demonstrou o maior ato de amor e obedi\u00eancia ao Pai.<\/span><span data-ccp-props=\"{&quot;201341983&quot;:0,&quot;335551550&quot;:6,&quot;335551620&quot;:6,&quot;335559731&quot;:708,&quot;335559739&quot;:160,&quot;335559740&quot;:278}\">\u00a0<\/span><\/p>\n<p style=\"text-align: justify;\"><span data-contrast=\"auto\">Nesta Solenidade, somos chamados a proclamar: Cristo \u00e9 Rei do Universo, mas tamb\u00e9m do nosso cora\u00e7\u00e3o. Ele reina em nossas escolhas, em nossas fam\u00edlias, em nossa comunidade? Estamos dispostos a ouvi-lo, a seguir Sua verdade e a ser construtores do Seu Reino?<\/span><span data-ccp-props=\"{&quot;201341983&quot;:0,&quot;335551550&quot;:6,&quot;335551620&quot;:6,&quot;335559731&quot;:708,&quot;335559739&quot;:160,&quot;335559740&quot;:278}\">\u00a0<\/span><\/p>\n<p style=\"text-align: justify;\"><span data-contrast=\"auto\">Que a celebra\u00e7\u00e3o de hoje nos inspire a entregar nossa vida ao Senhorio de Cristo. Que Ele reine em n\u00f3s e atrav\u00e9s de n\u00f3s, para que o amor, a miseric\u00f3rdia e a paz sejam sinais do Seu Reino no mundo.<\/span><span data-ccp-props=\"{&quot;201341983&quot;:0,&quot;335551550&quot;:6,&quot;335551620&quot;:6,&quot;335559731&quot;:708,&quot;335559739&quot;:160,&quot;335559740&quot;:278}\">\u00a0<\/span><\/p>\n<p style=\"text-align: justify;\"><span data-contrast=\"auto\">Pe\u00e7amos \u00e0 Virgem Maria, Rainha do C\u00e9u, que nos ajude a viver como verdadeiros s\u00faditos de Jesus Cristo, Rei do Universo. E que o Esp\u00edrito Santo nos ilumine para sermos fi\u00e9is em nossa miss\u00e3o de testemunhar esse Reino que nunca ter\u00e1 fim.<\/span><span data-ccp-props=\"{&quot;201341983&quot;:0,&quot;335551550&quot;:6,&quot;335551620&quot;:6,&quot;335559731&quot;:708,&quot;335559739&quot;:160,&quot;335559740&quot;:278}\">\u00a0<\/span><\/p>\n<p style=\"text-align: justify;\"><span data-contrast=\"auto\">Louvado seja Nosso Senhor Jesus Cristo, Rei do Universo, para sempre. Am\u00e9m!<\/span><span data-ccp-props=\"{&quot;201341983&quot;:0,&quot;335551550&quot;:6,&quot;335551620&quot;:6,&quot;335559731&quot;:708,&quot;335559739&quot;:160,&quot;335559740&quot;:278}\">\u00a0<\/span><\/p>\n<p style=\"text-align: justify;\"><span data-ccp-props=\"{&quot;201341983&quot;:0,&quot;335551550&quot;:6,&quot;335551620&quot;:6,&quot;335559739&quot;:160,&quot;335559740&quot;:278}\">\u00a0<\/span><\/p>\n<p>&nbsp;<\/p>\n<p><span data-ccp-props=\"{&quot;201341983&quot;:0,&quot;335559739&quot;:160,&quot;335559740&quot;:278}\">\u00a0<\/span><\/p>\n","protected":false},"excerpt":{"rendered":"<p>Dom Anuar Battisti Arcebispo Em\u00e9rito de Maring\u00e1 (PR)\u00a0 \u00a0 Queridos irm\u00e3os e irm\u00e3s,\u00a0 Hoje celebramos a Solenidade de Jesus Cristo, Rei do Universo, o \u00faltimo domingo do Ano Lit\u00fargico. Nesta festa, somos convidados a contemplar a realeza de Cristo e a reconhecer que Ele \u00e9 o Senhor de nossas vidas, o Rei cujos dom\u00ednios ultrapassam &hellip;<\/p>\n<p class=\"read-more\"> <a class=\"\" href=\"https:\/\/www.cnbb.org.br\/solenidade-de-jesus-cristo-rei-do-universo-2\/\"> <span class=\"screen-reader-text\">Solenidade de Jesus Cristo, Rei do Universo\u00a0<\/span> Leia mais &raquo;<\/a><\/p>\n","protected":false},"author":41,"featured_media":0,"comment_status":"closed","ping_status":"closed","sticky":false,"template":"","format":"standard","meta":{"site-sidebar-layout":"default","site-content-layout":"default","ast-global-header-display":"","ast-banner-title-visibility":"","ast-main-header-display":"","ast-hfb-above-header-display":"","ast-hfb-below-header-display":"","ast-hfb-mobile-header-display":"","site-post-title":"","ast-breadcrumbs-content":"","ast-featured-img":"","footer-sml-layout":"","theme-transparent-header-meta":"default","adv-header-id-meta":"","stick-header-meta":"","header-above-stick-meta":"","header-main-stick-meta":"","header-below-stick-meta":""},"categories":[758],"tags":[],"acf":[],"_links":{"self":[{"href":"https:\/\/www.cnbb.org.br\/cnbb-app\/wp\/v2\/posts\/974134"}],"collection":[{"href":"https:\/\/www.cnbb.org.br\/cnbb-app\/wp\/v2\/posts"}],"about":[{"href":"https:\/\/www.cnbb.org.br\/cnbb-app\/wp\/v2\/types\/post"}],"author":[{"embeddable":true,"href":"https:\/\/www.cnbb.org.br\/cnbb-app\/wp\/v2\/users\/41"}],"replies":[{"embeddable":true,"href":"https:\/\/www.cnbb.org.br\/cnbb-app\/wp\/v2\/comments?post=974134"}],"version-history":[{"count":1,"href":"https:\/\/www.cnbb.org.br\/cnbb-app\/wp\/v2\/posts\/974134\/revisions"}],"predecessor-version":[{"id":974136,"href":"https:\/\/www.cnbb.org.br\/cnbb-app\/wp\/v2\/posts\/974134\/revisions\/974136"}],"wp:attachment":[{"href":"https:\/\/www.cnbb.org.br\/cnbb-app\/wp\/v2\/media?parent=974134"}],"wp:term":[{"taxonomy":"category","embeddable":true,"href":"https:\/\/www.cnbb.org.br\/cnbb-app\/wp\/v2\/categories?post=974134"},{"taxonomy":"post_tag","embeddable":true,"href":"https:\/\/www.cnbb.org.br\/cnbb-app\/wp\/v2\/tags?post=974134"}],"curies":[{"name":"wp","href":"https:\/\/api.w.org\/{rel}","templated":true}]}}