{"id":974412,"date":"2024-12-02T08:56:29","date_gmt":"2024-12-02T11:56:29","guid":{"rendered":"https:\/\/www.cnbb.org.br\/?p=974412"},"modified":"2024-12-02T08:57:37","modified_gmt":"2024-12-02T11:57:37","slug":"maranata-vem-senhor-jesus","status":"publish","type":"post","link":"https:\/\/www.cnbb.org.br\/maranata-vem-senhor-jesus\/","title":{"rendered":"Maranat\u00e1: vem, Senhor Jesus!\u00a0"},"content":{"rendered":"<p style=\"text-align: right;\"><b><span data-contrast=\"auto\">Dom Anuar Battisti<\/span><\/b><span data-ccp-props=\"{&quot;201341983&quot;:0,&quot;335551550&quot;:2,&quot;335551620&quot;:2,&quot;335559739&quot;:160,&quot;335559740&quot;:278}\"><br \/>\n<\/span><b><span data-contrast=\"auto\">Arcebispo Em\u00e9rito de Maring\u00e1 (PR)<\/span><\/b><span data-ccp-props=\"{&quot;201341983&quot;:0,&quot;335551550&quot;:2,&quot;335551620&quot;:2,&quot;335559739&quot;:160,&quot;335559740&quot;:278}\">\u00a0<\/span><\/p>\n<p style=\"text-align: justify;\">\n<p style=\"text-align: justify;\"><span data-ccp-props=\"{&quot;201341983&quot;:0,&quot;335551550&quot;:6,&quot;335551620&quot;:6,&quot;335559731&quot;:708,&quot;335559739&quot;:160,&quot;335559740&quot;:278}\">\u00a0<\/span><\/p>\n<p style=\"text-align: justify;\"><span data-contrast=\"auto\">Estamos iniciando mais um ano lit\u00fargico, iniciando a nossa caminhada para o Natal. Advento \u00e9 tempo de prepara\u00e7\u00e3o para o Natal, de vigil\u00e2ncia, tempo para despertar a expectativa da vinda gloriosa de Cristo no fim dos tempos. Na perspectiva do Advento, dentro deste percurso, somos convidados \u00e0 ora\u00e7\u00e3o e \u00e0 vigil\u00e2ncia, para n\u00e3o esmorecermos diante dos obst\u00e1culos na nossa viv\u00eancia crist\u00e3.\u00a0<\/span><span data-ccp-props=\"{&quot;201341983&quot;:0,&quot;335551550&quot;:6,&quot;335551620&quot;:6,&quot;335559731&quot;:708,&quot;335559739&quot;:160,&quot;335559740&quot;:278}\">\u00a0<\/span><\/p>\n<p style=\"text-align: justify;\"><span data-contrast=\"auto\">Maranat\u00e1: \u201cVem, Senhor Jesus!\u201d. Esse \u00e9 o refr\u00e3o de todo o Tempo do Advento, que nos coloca vigilantes e atentos ao Senhor que vem ao nosso encontro! O texto do Evangelho sintetiza a mensagem tanto deste primeiro domingo do Advento quanto de todo este tempo lit\u00fargico: \u201cficai atentos e orai a todo momento!\u201d (Lc 21, 36a).<\/span><span data-ccp-props=\"{&quot;201341983&quot;:0,&quot;335551550&quot;:6,&quot;335551620&quot;:6,&quot;335559731&quot;:708,&quot;335559739&quot;:160,&quot;335559740&quot;:278}\">\u00a0<\/span><\/p>\n<p style=\"text-align: justify;\"><span data-contrast=\"auto\">A liturgia do primeiro Domingo do Advento convida-nos a encarar a nossa caminhada pela hist\u00f3ria com a certeza de que \u201co Senhor vem\u201d. Apresenta tamb\u00e9m indica\u00e7\u00f5es concretas acerca da forma como devemos viver enquanto esperamos o Senhor.<\/span><span data-ccp-props=\"{&quot;201341983&quot;:0,&quot;335551550&quot;:6,&quot;335551620&quot;:6,&quot;335559731&quot;:708,&quot;335559739&quot;:160,&quot;335559740&quot;:278}\">\u00a0<\/span><\/p>\n<p style=\"text-align: justify;\"><span data-contrast=\"auto\">A\u202fprimeira leitura\u202f\u2013 Jr 33,14-16 \u2013 \u00e9 um apelo dram\u00e1tico a Deus que \u00e9 \u201cpai\u201d e \u201credentor\u201d, no sentido de vir mais uma vez ao encontro de Israel para o libertar do pecado e para recriar um Povo de cora\u00e7\u00e3o novo. Com Jerusal\u00e9m em ru\u00ednas ap\u00f3s o ex\u00edlio, o profeta anima o povo a manter a esperan\u00e7a. Seu desejo \u00e9 o nosso: um governo justo que defenda os pobres. O profeta est\u00e1 absolutamente convicto de que a ess\u00eancia de Deus \u00e9 amor e miseric\u00f3rdia; e esses atributos de Deus s\u00e3o a garantia da sua interven\u00e7\u00e3o salvadora em cada passo da caminhada hist\u00f3rica do Povo de Deus.<\/span><span data-ccp-props=\"{&quot;201341983&quot;:0,&quot;335551550&quot;:6,&quot;335551620&quot;:6,&quot;335559731&quot;:708,&quot;335559739&quot;:160,&quot;335559740&quot;:278}\">\u00a0<\/span><\/p>\n<p style=\"text-align: justify;\"><span data-contrast=\"auto\">O\u202fEvangelho \u2013 Lc 21,25-28.34-36 \u2013\u202fconvida os disc\u00edpulos a enfrentar a hist\u00f3ria com coragem, determina\u00e7\u00e3o e esperan\u00e7a, animados pela certeza de que \u201co Senhor vem\u201d. Prop\u00f5e que esse tempo de espera seja um tempo de \u201cvigil\u00e2ncia\u201d, isto \u00e9, um tempo de compromisso ativo e efetivo com a constru\u00e7\u00e3o do Reino.\u00a0<\/span><span data-ccp-props=\"{&quot;201341983&quot;:0,&quot;335551550&quot;:6,&quot;335551620&quot;:6,&quot;335559731&quot;:708,&quot;335559739&quot;:160,&quot;335559740&quot;:278}\">\u00a0<\/span><\/p>\n<p style=\"text-align: justify;\"><span data-contrast=\"auto\">A primeira parte do Evangelho de Lucas aborda a segunda vinda de Jesus: o fim dos tempos ser\u00e1 precedido de sinais da natureza e do cosmo (Lc 21, 25-28). A segunda parte do texto \u2013 Lc 21, 34-36 \u2013 orienta os disc\u00edpulos \u00e0 ora\u00e7\u00e3o e \u00e0 vigil\u00e2ncia, de modo a levar a vida de acordo com os ensinamentos do Mestre Jesus, uma vez que o dia a dia da vinda do Senhor \u00e9 como uma armadilha (Lc 21,35b), ou seja, apresenta um \u201cperigo ou risco\u201d inesperado, pois n\u00e3o se sabe quando ser\u00e1.<\/span><span data-ccp-props=\"{&quot;201341983&quot;:0,&quot;335551550&quot;:6,&quot;335551620&quot;:6,&quot;335559731&quot;:708,&quot;335559739&quot;:160,&quot;335559740&quot;:278}\">\u00a0<\/span><\/p>\n<p style=\"text-align: justify;\"><span data-contrast=\"auto\">Diante da destrui\u00e7\u00e3o de Jerusal\u00e9m pelos romanos, a comunidade de Lucas \u00e9 exortada a ser vigilante. Cumpre ao crist\u00e3o confiar no Senhor e saber resistir a temores e projetos enganadores. As trag\u00e9dias n\u00e3o apontam para o \u201cfim do mundo\u201d, mas nos convidam a ficar alertas e n\u00e3o perder a esperan\u00e7a.<\/span><span data-ccp-props=\"{&quot;201341983&quot;:0,&quot;335551550&quot;:6,&quot;335551620&quot;:6,&quot;335559731&quot;:708,&quot;335559739&quot;:160,&quot;335559740&quot;:278}\">\u00a0<\/span><\/p>\n<p style=\"text-align: justify;\"><span data-contrast=\"auto\">A\u202fsegunda leitura \u2013 1 Ts 3,12-4,2 \u2013\u202fmostra como Deus Se faz presente na hist\u00f3ria e na vida de uma comunidade crente, atrav\u00e9s dos dons e carismas que gratuitamente derrama sobre o seu Povo. Sugere tamb\u00e9m aos crentes que se mantenham atentos e vigilantes, a fim de acolherem os dons de Deus. S\u00e3o Paulo ensina como agradar a Deus. O amor \u00e9 a base da vida crist\u00e3 e a melhor maneira de aguardar a vinda do Senhor. Cabe-nos progredir sempre mais no amor m\u00fatuo, sinal de santidade.<\/span><span data-ccp-props=\"{&quot;201341983&quot;:0,&quot;335551550&quot;:6,&quot;335551620&quot;:6,&quot;335559731&quot;:708,&quot;335559739&quot;:160,&quot;335559740&quot;:278}\">\u00a0<\/span><\/p>\n<p style=\"text-align: justify;\"><span data-contrast=\"auto\">\u202f<\/span> <span data-contrast=\"auto\">O Tempo do Advento \u00e9 um tempo de vigil\u00e2ncia e de ora\u00e7\u00e3o! Para n\u00e3o sermos pegos distra\u00eddos ou dormindo, somos convidados a estar vigilantes. N\u00e3o nos \u00e9 facultado ser crist\u00e3os adormecidos e sem entusiasmo no an\u00fancio e testemunho do Evangelho. A autoreferencialidade impede que vislumbremos horizontes mais amplos e nos deixa estacionados entre duas concorridas esta\u00e7\u00f5es denunciadas pelo amado Papa Francisco: a comodidade mundana e a mediocridade espiritual. Por isso \u00e9 preciso vigiar!<\/span><span data-ccp-props=\"{&quot;201341983&quot;:0,&quot;335551550&quot;:6,&quot;335551620&quot;:6,&quot;335559739&quot;:160,&quot;335559740&quot;:278}\">\u00a0<\/span><\/p>\n<p style=\"text-align: justify;\"><span data-contrast=\"auto\">O Advento \u00e9 feliz tempo de espera e vigil\u00e2ncia. Preparamos o nosso Natal condignamente, de maneira pessoal e comunit\u00e1ria, para que os males que asfixiam o bem comum sejam afastados do meio de n\u00f3s. Por isso devemos cantar todos os 24 dias do Advento: \u201cVem, Senhor Jesus\u201d. Vigilantes e confiantes vamos ao encontro do Menino Deus, no pres\u00e9pio, cantando com f\u00e9: \u201cVem, Senhor Jesus!\u201d<\/span><span data-ccp-props=\"{&quot;201341983&quot;:0,&quot;335551550&quot;:6,&quot;335551620&quot;:6,&quot;335559739&quot;:160,&quot;335559740&quot;:278}\">\u00a0<\/span><\/p>\n<p>&nbsp;<\/p>\n","protected":false},"excerpt":{"rendered":"<p>Dom Anuar Battisti Arcebispo Em\u00e9rito de Maring\u00e1 (PR)\u00a0 \u00a0 Estamos iniciando mais um ano lit\u00fargico, iniciando a nossa caminhada para o Natal. Advento \u00e9 tempo de prepara\u00e7\u00e3o para o Natal, de vigil\u00e2ncia, tempo para despertar a expectativa da vinda gloriosa de Cristo no fim dos tempos. Na perspectiva do Advento, dentro deste percurso, somos convidados &hellip;<\/p>\n<p class=\"read-more\"> <a class=\"\" href=\"https:\/\/www.cnbb.org.br\/maranata-vem-senhor-jesus\/\"> <span class=\"screen-reader-text\">Maranat\u00e1: vem, Senhor Jesus!\u00a0<\/span> Leia mais &raquo;<\/a><\/p>\n","protected":false},"author":41,"featured_media":0,"comment_status":"closed","ping_status":"closed","sticky":false,"template":"","format":"standard","meta":{"site-sidebar-layout":"default","site-content-layout":"default","ast-global-header-display":"","ast-banner-title-visibility":"","ast-main-header-display":"","ast-hfb-above-header-display":"","ast-hfb-below-header-display":"","ast-hfb-mobile-header-display":"","site-post-title":"","ast-breadcrumbs-content":"","ast-featured-img":"","footer-sml-layout":"","theme-transparent-header-meta":"default","adv-header-id-meta":"","stick-header-meta":"","header-above-stick-meta":"","header-main-stick-meta":"","header-below-stick-meta":""},"categories":[758],"tags":[],"acf":[],"_links":{"self":[{"href":"https:\/\/www.cnbb.org.br\/cnbb-app\/wp\/v2\/posts\/974412"}],"collection":[{"href":"https:\/\/www.cnbb.org.br\/cnbb-app\/wp\/v2\/posts"}],"about":[{"href":"https:\/\/www.cnbb.org.br\/cnbb-app\/wp\/v2\/types\/post"}],"author":[{"embeddable":true,"href":"https:\/\/www.cnbb.org.br\/cnbb-app\/wp\/v2\/users\/41"}],"replies":[{"embeddable":true,"href":"https:\/\/www.cnbb.org.br\/cnbb-app\/wp\/v2\/comments?post=974412"}],"version-history":[{"count":2,"href":"https:\/\/www.cnbb.org.br\/cnbb-app\/wp\/v2\/posts\/974412\/revisions"}],"predecessor-version":[{"id":974414,"href":"https:\/\/www.cnbb.org.br\/cnbb-app\/wp\/v2\/posts\/974412\/revisions\/974414"}],"wp:attachment":[{"href":"https:\/\/www.cnbb.org.br\/cnbb-app\/wp\/v2\/media?parent=974412"}],"wp:term":[{"taxonomy":"category","embeddable":true,"href":"https:\/\/www.cnbb.org.br\/cnbb-app\/wp\/v2\/categories?post=974412"},{"taxonomy":"post_tag","embeddable":true,"href":"https:\/\/www.cnbb.org.br\/cnbb-app\/wp\/v2\/tags?post=974412"}],"curies":[{"name":"wp","href":"https:\/\/api.w.org\/{rel}","templated":true}]}}