{"id":974419,"date":"2024-12-02T09:02:50","date_gmt":"2024-12-02T12:02:50","guid":{"rendered":"https:\/\/www.cnbb.org.br\/?p=974419"},"modified":"2024-12-02T09:03:27","modified_gmt":"2024-12-02T12:03:27","slug":"o-mal-no-mundo","status":"publish","type":"post","link":"https:\/\/www.cnbb.org.br\/o-mal-no-mundo\/","title":{"rendered":"O mal no mundo\u00a0"},"content":{"rendered":"<p style=\"text-align: right;\"><strong>Dom Paulo Mendes Peixoto<br \/>\nArcebispo de Uberaba (MG)<\/strong><\/p>\n<p style=\"text-align: justify;\"><span data-ccp-props=\"{&quot;134233279&quot;:true,&quot;201341983&quot;:0,&quot;335551550&quot;:6,&quot;335551620&quot;:6,&quot;335559739&quot;:160,&quot;335559740&quot;:259}\">\u00a0<\/span><\/p>\n<p style=\"text-align: justify;\"><span data-contrast=\"auto\">A hist\u00f3ria foi sempre marcada por situa\u00e7\u00f5es deprimentes, por atitudes de maldade, ao lado tamb\u00e9m de muitas e de reconhecidas pr\u00e1ticas do bem. Mas, na atualidade do mundo e do Brasil, o clima \u00e9 de perplexidade diante de tantas desumanas a\u00e7\u00f5es e maquina\u00e7\u00f5es engenhadas por pessoas totalmente desconectadas dos verdadeiros valores, daqueles que protegem e elevam o ser humano.<\/span><span data-ccp-props=\"{&quot;134233279&quot;:true,&quot;201341983&quot;:0,&quot;335551550&quot;:6,&quot;335551620&quot;:6,&quot;335559731&quot;:1134,&quot;335559739&quot;:160,&quot;335559740&quot;:259}\">\u00a0<\/span><\/p>\n<p style=\"text-align: justify;\"><span data-contrast=\"auto\">Deus n\u00e3o criou o mal, porque ele n\u00e3o faz parte da natureza, mas entrou no mundo e chega a dimens\u00f5es preocupantes. Na vis\u00e3o b\u00edblica, Ad\u00e3o e Eva se envergonharam diante da trama que tiveram. Creio que as pessoas de bom senso e honestas ficam envergonhadas diante de tanto mal visualizados hoje. No Brasil, causa indigna\u00e7\u00e3o o que vemos pelos notici\u00e1rios quanto a pol\u00edticos com curr\u00edculo escuso.<\/span><span data-ccp-props=\"{&quot;134233279&quot;:true,&quot;201341983&quot;:0,&quot;335551550&quot;:6,&quot;335551620&quot;:6,&quot;335559731&quot;:1134,&quot;335559739&quot;:160,&quot;335559740&quot;:259}\">\u00a0<\/span><\/p>\n<p style=\"text-align: justify;\"><span data-contrast=\"auto\">O nascimento de Jesus Cristo no seio de uma fam\u00edlia, do casal Jos\u00e9 e Maria, realiza o desejo de Deus para toda a humanidade, que \u00e9 construir o Reino da vida e do bem. O mal \u00e9 afronta ao projeto desse Reino, porque suas consequ\u00eancias s\u00e3o desastrosas. Assim acontece numa guerra, num projeto de organiza\u00e7\u00e3o maquinado para matar. S\u00e3o situa\u00e7\u00f5es que degradam a dignidade da pessoa humana.<\/span><span data-ccp-props=\"{&quot;134233279&quot;:true,&quot;201341983&quot;:0,&quot;335551550&quot;:6,&quot;335551620&quot;:6,&quot;335559731&quot;:1134,&quot;335559739&quot;:160,&quot;335559740&quot;:259}\">\u00a0<\/span><\/p>\n<p style=\"text-align: justify;\"><span data-contrast=\"auto\">\u00a0 Ao dizer para Ad\u00e3o a express\u00e3o, \u201conde est\u00e1s?\u201d (Gn 3,9), significa que Deus vai \u00e0 procura de quem se isola e passa por um caminho de escurid\u00e3o, de ci\u00fame, de mentiras, de \u00f3dio e de vingan\u00e7a. Entendemos que \u00e9 hora de surgir uma nova hist\u00f3ria para o mundo, de eleva\u00e7\u00e3o da dignidade humana, de um novo Natal, onde a vida tenha sentido, seja valorizada e respeitada em seus direitos.<\/span><span data-ccp-props=\"{&quot;134233279&quot;:true,&quot;201341983&quot;:0,&quot;335551550&quot;:6,&quot;335551620&quot;:6,&quot;335559731&quot;:1134,&quot;335559739&quot;:160,&quot;335559740&quot;:259}\">\u00a0<\/span><\/p>\n<p style=\"text-align: justify;\"><span data-contrast=\"auto\">Somos todos, como Maria, a M\u00e3e de Jesus Cristo, tamb\u00e9m portadores da gra\u00e7a de Deus, predestinados \u00e0 dignidade de filhos adotivos, no amor. Portanto, habilitados para superar as provoca\u00e7\u00f5es da \u201cserpente\u201d, uma figura b\u00edblica do mal, projetar e realizar o bem em nossos ambientes de rela\u00e7\u00f5es. Esse \u00e9 um dever que atinge quem \u00e9 reconhecido e investido de autoridade numa comunidade.<\/span><span data-ccp-props=\"{&quot;134233279&quot;:true,&quot;201341983&quot;:0,&quot;335551550&quot;:6,&quot;335551620&quot;:6,&quot;335559731&quot;:1134,&quot;335559739&quot;:160,&quot;335559740&quot;:259}\">\u00a0<\/span><\/p>\n<p style=\"text-align: justify;\"><span data-contrast=\"auto\">Sabemos que o mundo \u00e9 lugar de ben\u00e7\u00e3o, de rela\u00e7\u00f5es, mas tamb\u00e9m de muitas fragilidades. Espa\u00e7o de possibilidades para o bem ou para o mal. Ent\u00e3o, \u00e9 lugar de escolhas, de colar-se fraternalmente diante do outro com o prop\u00f3sito de servi-lo, principalmente naqueles momentos de maior necessidade. A vida depende do \u201csim\u201d consciente e aberto e colaborar com a sociedade para que seja saud\u00e1vel.<\/span><span data-ccp-props=\"{&quot;134233279&quot;:true,&quot;201341983&quot;:0,&quot;335551550&quot;:6,&quot;335551620&quot;:6,&quot;335559731&quot;:1134,&quot;335559739&quot;:160,&quot;335559740&quot;:259}\">\u00a0<\/span><\/p>\n<p><span data-ccp-props=\"{&quot;134233279&quot;:true,&quot;201341983&quot;:0,&quot;335551550&quot;:6,&quot;335551620&quot;:6,&quot;335559731&quot;:1134,&quot;335559739&quot;:160,&quot;335559740&quot;:259}\">\u00a0<\/span><\/p>\n","protected":false},"excerpt":{"rendered":"<p>Dom Paulo Mendes Peixoto Arcebispo de Uberaba (MG) \u00a0 A hist\u00f3ria foi sempre marcada por situa\u00e7\u00f5es deprimentes, por atitudes de maldade, ao lado tamb\u00e9m de muitas e de reconhecidas pr\u00e1ticas do bem. Mas, na atualidade do mundo e do Brasil, o clima \u00e9 de perplexidade diante de tantas desumanas a\u00e7\u00f5es e maquina\u00e7\u00f5es engenhadas por pessoas &hellip;<\/p>\n<p class=\"read-more\"> <a class=\"\" href=\"https:\/\/www.cnbb.org.br\/o-mal-no-mundo\/\"> <span class=\"screen-reader-text\">O mal no mundo\u00a0<\/span> Leia mais &raquo;<\/a><\/p>\n","protected":false},"author":25,"featured_media":0,"comment_status":"closed","ping_status":"closed","sticky":false,"template":"","format":"standard","meta":{"site-sidebar-layout":"default","site-content-layout":"default","ast-global-header-display":"","ast-banner-title-visibility":"","ast-main-header-display":"","ast-hfb-above-header-display":"","ast-hfb-below-header-display":"","ast-hfb-mobile-header-display":"","site-post-title":"","ast-breadcrumbs-content":"","ast-featured-img":"","footer-sml-layout":"","theme-transparent-header-meta":"default","adv-header-id-meta":"","stick-header-meta":"","header-above-stick-meta":"","header-main-stick-meta":"","header-below-stick-meta":""},"categories":[758],"tags":[],"acf":[],"_links":{"self":[{"href":"https:\/\/www.cnbb.org.br\/cnbb-app\/wp\/v2\/posts\/974419"}],"collection":[{"href":"https:\/\/www.cnbb.org.br\/cnbb-app\/wp\/v2\/posts"}],"about":[{"href":"https:\/\/www.cnbb.org.br\/cnbb-app\/wp\/v2\/types\/post"}],"author":[{"embeddable":true,"href":"https:\/\/www.cnbb.org.br\/cnbb-app\/wp\/v2\/users\/25"}],"replies":[{"embeddable":true,"href":"https:\/\/www.cnbb.org.br\/cnbb-app\/wp\/v2\/comments?post=974419"}],"version-history":[{"count":1,"href":"https:\/\/www.cnbb.org.br\/cnbb-app\/wp\/v2\/posts\/974419\/revisions"}],"predecessor-version":[{"id":974420,"href":"https:\/\/www.cnbb.org.br\/cnbb-app\/wp\/v2\/posts\/974419\/revisions\/974420"}],"wp:attachment":[{"href":"https:\/\/www.cnbb.org.br\/cnbb-app\/wp\/v2\/media?parent=974419"}],"wp:term":[{"taxonomy":"category","embeddable":true,"href":"https:\/\/www.cnbb.org.br\/cnbb-app\/wp\/v2\/categories?post=974419"},{"taxonomy":"post_tag","embeddable":true,"href":"https:\/\/www.cnbb.org.br\/cnbb-app\/wp\/v2\/tags?post=974419"}],"curies":[{"name":"wp","href":"https:\/\/api.w.org\/{rel}","templated":true}]}}