{"id":974421,"date":"2024-12-02T09:06:39","date_gmt":"2024-12-02T12:06:39","guid":{"rendered":"https:\/\/www.cnbb.org.br\/?p=974421"},"modified":"2024-12-02T09:09:36","modified_gmt":"2024-12-02T12:09:36","slug":"1-domingo-do-advento-2","status":"publish","type":"post","link":"https:\/\/www.cnbb.org.br\/1-domingo-do-advento-2\/","title":{"rendered":"1\u00b0 Domingo do Advento\u00a0"},"content":{"rendered":"<p style=\"text-align: right;\"><b><span data-contrast=\"auto\">Cardeal Orani Jo\u00e3o Tempesta<\/span><\/b><span data-ccp-props=\"{&quot;201341983&quot;:0,&quot;335551550&quot;:3,&quot;335551620&quot;:3,&quot;335559731&quot;:708,&quot;335559739&quot;:160,&quot;335559740&quot;:259}\"><br \/>\n<\/span><b><span data-contrast=\"auto\">Arcebispo do Rio de Janeiro (RJ)<\/span><\/b><span data-ccp-props=\"{&quot;201341983&quot;:0,&quot;335551550&quot;:3,&quot;335551620&quot;:3,&quot;335559731&quot;:708,&quot;335559739&quot;:160,&quot;335559740&quot;:259}\">\u00a0<\/span><\/p>\n<p style=\"text-align: justify;\">\n<p>&nbsp;<\/p>\n<p style=\"text-align: justify;\"><i><span data-contrast=\"auto\">\u201cFicai atentos e orai a todo momento\u201d (Lc 21,36)<\/span><\/i><span data-ccp-props=\"{&quot;201341983&quot;:0,&quot;335551550&quot;:2,&quot;335551620&quot;:2,&quot;335559739&quot;:160,&quot;335559740&quot;:259}\">\u00a0<\/span><\/p>\n<p style=\"text-align: justify;\"><span data-contrast=\"auto\">Celebramos neste domingo o primeiro do Advento e, com essa celebra\u00e7\u00e3o, iniciamos um novo ano lit\u00fargico, chamado de Ano C. Para a Igreja, diferentemente do mundo civil, o novo ano inicia-se entre o \u00faltimo domingo de novembro e o primeiro de dezembro. Portanto, o tempo do Advento marca um novo ciclo, um novo ano para a Igreja, e todos os fi\u00e9is s\u00e3o chamados a experienciar esse novo tempo.\u00a0<\/span><span data-ccp-props=\"{&quot;201341983&quot;:0,&quot;335551550&quot;:6,&quot;335551620&quot;:6,&quot;335559731&quot;:708,&quot;335559739&quot;:160,&quot;335559740&quot;:259}\">\u00a0<\/span><\/p>\n<p style=\"text-align: justify;\"><span data-contrast=\"auto\">O per\u00edodo do Advento \u00e9 um tempo de espera, em que nos preparamos a cada domingo para a chegada do Messias. A cada semana acenderemos uma vela da coroa do Advento significando que a luz, que \u00e9 Cristo, se aproxima de n\u00f3s. Jesus \u00e9 aquele que vem iluminar as trevas, o mundo vivia em meio a uma grande escurid\u00e3o, por isso, Jo\u00e3o Batista, o precursor anunciava a chegada do messias no deserto, e pedia que todos se convertessem e se preparassem para a luz que estava para chegar.\u00a0<\/span><span data-ccp-props=\"{&quot;201341983&quot;:0,&quot;335551550&quot;:6,&quot;335551620&quot;:6,&quot;335559731&quot;:708,&quot;335559739&quot;:160,&quot;335559740&quot;:259}\">\u00a0<\/span><\/p>\n<p style=\"text-align: justify;\"><span data-contrast=\"auto\">Nestas duas primeiras semanas do Advento, os textos lit\u00fargicos seguir\u00e3o a mesma linha que est\u00e1vamos acompanhando no final do ano lit\u00fargico, os textos ter\u00e3o um cunho escatol\u00f3gico, de final dos tempos. Nada que deva nos amedrontar, mas nos convidam a ficarmos em vigil\u00e2ncia e preparados para o dia do encontro com o Senhor. Nas \u00faltimas duas semanas, os textos abordar\u00e3o mais o nascimento de Jesus, em que devemos nos preparar para que Ele nas\u00e7a em nossos cora\u00e7\u00f5es.\u00a0<\/span><span data-ccp-props=\"{&quot;201341983&quot;:0,&quot;335551550&quot;:6,&quot;335551620&quot;:6,&quot;335559731&quot;:708,&quot;335559739&quot;:160,&quot;335559740&quot;:259}\">\u00a0<\/span><\/p>\n<p style=\"text-align: justify;\"><span data-contrast=\"auto\">O verdadeiro sentido do Natal \u00e9 esse, nos prepararmos para o nascimento de Jesus. Podemos at\u00e9 montar nossa \u00e1rvore de Natal em casa, mas junto dela montar o pres\u00e9pio e realizar a novena de Natal, preparando a nossa casa para a chegada de Jesus. Temos que ensinar aos filhos e netos a import\u00e2ncia dessa data, e o nosso maior presente \u00e9 Jesus, o Deus Menino, que se encarnou para nos salvar!<\/span><span data-ccp-props=\"{&quot;201341983&quot;:0,&quot;335551550&quot;:6,&quot;335551620&quot;:6,&quot;335559731&quot;:708,&quot;335559739&quot;:160,&quot;335559740&quot;:259}\">\u00a0<\/span><\/p>\n<p style=\"text-align: justify;\"><span data-contrast=\"auto\">A cor lit\u00fargica predominante nesse tempo do advento \u00e9 o roxo, essa cor simboliza vigil\u00e2ncia e espera. No terceiro domingo do Advento a cor lit\u00fargica \u00e9 o roseo que \u00e9 um roxo mais suave, pois \u00e9 o domingo da alegria, pois o Senhor est\u00e1 mais perto de n\u00f3s. Podemos aproveitar esse tempo do Advento para realizarmos a nossa confiss\u00e3o sacramental.<\/span><span data-ccp-props=\"{&quot;201341983&quot;:0,&quot;335551550&quot;:6,&quot;335551620&quot;:6,&quot;335559731&quot;:708,&quot;335559739&quot;:160,&quot;335559740&quot;:259}\">\u00a0<\/span><\/p>\n<p style=\"text-align: justify;\"><span data-contrast=\"auto\">A primeira leitura da missa deste domingo \u00e9 do livro do profeta Jeremias <\/span><i><span data-contrast=\"auto\">(Jr 33,14-16). <\/span><\/i><span data-contrast=\"auto\">Jeremias, \u00e0 semelhan\u00e7a de alguns outros profetas \u00e9 um que anuncia tempos de paz para Israel. \u00c9 Deus que falava com eles atrav\u00e9s da ora\u00e7\u00e3o, e eles transmitiam a mensagem ao povo. Deus cumpriria a sua promessa e enviaria o Messias esperado, esse Messias anunciaria a justi\u00e7a e a paz e inauguraria um tempo novo para a humanidade.\u00a0<\/span><span data-ccp-props=\"{&quot;201341983&quot;:0,&quot;335551550&quot;:6,&quot;335551620&quot;:6,&quot;335559731&quot;:708,&quot;335559739&quot;:160,&quot;335559740&quot;:259}\">\u00a0<\/span><\/p>\n<p style=\"text-align: justify;\"><span data-contrast=\"auto\">Deus sempre cumpre as suas promessas, muitas vezes n\u00e3o entendemos o porqu\u00ea de algumas coisas que acontecem conosco, mas um tempo depois entenderemos. Algumas vezes questionamos a Deus a demora de acontecer a gra\u00e7a que pedimos, mas Deus usa de paci\u00eancia para conosco e no tempo oportuno nos conceder\u00e1 aquilo que pedimos. Tenhamos f\u00e9 e persistamos em nossos pedidos de ora\u00e7\u00e3o, do mesmo modo que Jeremias dizia ao povo de Israel para que se preparassem para a justi\u00e7a que Deus faria enviando o Messias esperado.\u00a0<\/span><span data-ccp-props=\"{&quot;201341983&quot;:0,&quot;335551550&quot;:6,&quot;335551620&quot;:6,&quot;335559731&quot;:708,&quot;335559739&quot;:160,&quot;335559740&quot;:259}\">\u00a0<\/span><\/p>\n<p style=\"text-align: justify;\"><span data-contrast=\"auto\">O salmo responsorial \u00e9 o <\/span><i><span data-contrast=\"auto\">24 (25)<\/span><\/i><span data-contrast=\"auto\">, que diz em seu refr\u00e3o: <\/span><i><span data-contrast=\"auto\">Senhor, meu Deus, a v\u00f3s elevo a minha alma! <\/span><\/i><span data-contrast=\"auto\">Ao Senhor elevamos a nossa alma, s\u00f3 N\u2019Ele devemos confiar com toda a confian\u00e7a e aguardar que a justi\u00e7a D\u2019Ele seja feita em nossa vida. Nunca devemos desacreditar das promessas de Deus em nossa vida, confiemos sempre, pe\u00e7amos o perd\u00e3o de nossos pecados e trilhemos os caminhos da justi\u00e7a.\u00a0<\/span><span data-ccp-props=\"{&quot;201341983&quot;:0,&quot;335551550&quot;:6,&quot;335551620&quot;:6,&quot;335559731&quot;:708,&quot;335559739&quot;:160,&quot;335559740&quot;:259}\">\u00a0<\/span><\/p>\n<p style=\"text-align: justify;\"><span data-contrast=\"auto\">A segunda leitura \u00e9 da primeira carta de S\u00e3o Paulo aos Tessalonicenses <\/span><i><span data-contrast=\"auto\">(1Ts 3,12-4,2), <\/span><\/i><span data-contrast=\"auto\">Paulo nesse trecho dirigido a comunidade de Tessal\u00f4nica exorta para que o amor entre eles cres\u00e7a sempre mais, pois o amor vem de Deus, e esse amor deve ser espalhado entre todos. Crescendo no amor a Deus e ao pr\u00f3ximo ficara mais f\u00e1cil alcan\u00e7ar a santidade, pois atrav\u00e9s do nosso batismo somos chamados a viver a santidade no dia a dia. Paulo tinha um carinho especial pela comunidade de Tessal\u00f4nica, pois seguia em tudo aquilo que ele exortava e ensinava, o ap\u00f3stolo diz para que eles continuem progredindo at\u00e9 o dia da vinda de Nosso Senhor.\u00a0<\/span><span data-ccp-props=\"{&quot;201341983&quot;:0,&quot;335551550&quot;:6,&quot;335551620&quot;:6,&quot;335559731&quot;:708,&quot;335559739&quot;:160,&quot;335559740&quot;:259}\">\u00a0<\/span><\/p>\n<p style=\"text-align: justify;\"><span data-contrast=\"auto\">Que cada um de n\u00f3s possa continuar progredindo no amor a Deus e ao pr\u00f3ximo e sobretudo na santidade. \u00c9 dif\u00edcil ser uma comunidade perfeita nos dias de hoje, mas busquemos com afinco ser uma, a come\u00e7ar em amar e servir o pr\u00f3ximo.\u00a0<\/span><span data-ccp-props=\"{&quot;201341983&quot;:0,&quot;335551550&quot;:6,&quot;335551620&quot;:6,&quot;335559731&quot;:708,&quot;335559739&quot;:160,&quot;335559740&quot;:259}\">\u00a0<\/span><\/p>\n<p style=\"text-align: justify;\"><span data-contrast=\"auto\">O Evangelho da missa deste primeiro domingo do advento \u00e9 de Lucas <\/span><i><span data-contrast=\"auto\">(Lc 21,25-28.34-36), <\/span><\/i><span data-contrast=\"auto\">o evangelista Lucas \u00e9 o que acompanharemos ao longo desse ano lit\u00fargico at\u00e9 a festa de Cristo Rei de 2025. Conforme dissemos a liturgia nessas duas primeiras semanas do Advento retratam aquilo que acontecer\u00e1 no final dos tempos, na segunda vinda de Nosso Senhor.\u00a0<\/span><span data-ccp-props=\"{&quot;201341983&quot;:0,&quot;335551550&quot;:6,&quot;335551620&quot;:6,&quot;335559731&quot;:708,&quot;335559739&quot;:160,&quot;335559740&quot;:259}\">\u00a0<\/span><\/p>\n<p style=\"text-align: justify;\"><span data-contrast=\"auto\">Os textos t\u00eam um cunho escatol\u00f3gico, mas nada que deve nos preocupar, mas devemos estar em constante vigil\u00e2ncia e em ora\u00e7\u00e3o para esse momento. Ao celebrarmos o tempo do Advento em prepara\u00e7\u00e3o ao Natal nos preparamos para a vinda do Senhor, Ele j\u00e1 nasceu uma vez em Bel\u00e9m, agora Ele dever\u00e1 nascer em nossos cora\u00e7\u00f5es. De igual modo nos preparamos para o nosso encontro com Ele, seja pela sua segunda vinda ou no momento de nossa morte. Ningu\u00e9m sabe quando ser\u00e1, nem o Filho e nem os anjos, somente o Pai. Por isso, temos que estar preparados atrav\u00e9s da ora\u00e7\u00e3o, por isso, esse tempo do Advento \u00e9 um per\u00edodo de vigil\u00e2ncia. At\u00e9 por isso que a liturgia nas duas primeiras semanas nos prepara para esse segundo encontro com o Senhor, e as duas \u00faltimas semanas focam na primeira vinda do Senhor.\u00a0<\/span><span data-ccp-props=\"{&quot;201341983&quot;:0,&quot;335551550&quot;:6,&quot;335551620&quot;:6,&quot;335559731&quot;:708,&quot;335559739&quot;:160,&quot;335559740&quot;:259}\">\u00a0<\/span><\/p>\n<p style=\"text-align: justify;\"><span data-contrast=\"auto\">Jesus diz ao final do Evangelho, <\/span><i><span data-contrast=\"auto\">\u201cficai atentos e orai a todo momento\u201d <\/span><\/i><span data-contrast=\"auto\">(Lc 21,36), para estarmos preparados para esse encontro com o Filho do Homem. Jesus j\u00e1 nasceu uma vez, agora o que n\u00f3s aguardamos \u00e9 a sua segunda vinda, no qual Ele nos julgar\u00e1 por nossas a\u00e7\u00f5es, sobretudo se soubemos amar o nosso semelhante. A melhor maneira de nos prepararmos para essa segunda vinda de Jesus \u00e9 atrav\u00e9s da ora\u00e7\u00e3o e amando aos nossos semelhantes.\u00a0<\/span><span data-ccp-props=\"{&quot;201341983&quot;:0,&quot;335551550&quot;:6,&quot;335551620&quot;:6,&quot;335559731&quot;:708,&quot;335559739&quot;:160,&quot;335559740&quot;:259}\">\u00a0<\/span><\/p>\n<p style=\"text-align: justify;\"><span data-contrast=\"auto\">Em cada eucaristia pedimos \u201cVem, Senhor Jesus\u201d, que Ele possa vir em nosso cora\u00e7\u00e3o, na nossa vida e na vida de nossa fam\u00edlia nesse Natal. O tempo do Advento \u00e9 um per\u00edodo de muitas gra\u00e7as em que somos convidados a nos confiarmos na miseric\u00f3rdia do Senhor e preparar o nosso cora\u00e7\u00e3o e o da nossa fam\u00edlia para o Messias que chegar\u00e1 no Natal. Temos que recuperar o verdadeiro sentido do Natal, que vai muito al\u00e9m de Papai Noel, mas significado esperar o nosso mais valioso presente que \u00e9 Jesus.\u00a0<\/span><span data-ccp-props=\"{&quot;201341983&quot;:0,&quot;335551550&quot;:6,&quot;335551620&quot;:6,&quot;335559731&quot;:708,&quot;335559739&quot;:160,&quot;335559740&quot;:259}\">\u00a0<\/span><\/p>\n<p style=\"text-align: justify;\"><span data-contrast=\"auto\">Celebremos com alegria, f\u00e9 e muita esperan\u00e7a esse primeiro Domingo do Advento, que a cada Domingo possa acender em nosso cora\u00e7\u00e3o a luz do amor, e que irradiemos essa luz a quem n\u00f3s encontrarmos.\u00a0<\/span><span data-ccp-props=\"{&quot;201341983&quot;:0,&quot;335551550&quot;:6,&quot;335551620&quot;:6,&quot;335559731&quot;:708,&quot;335559739&quot;:160,&quot;335559740&quot;:259}\">\u00a0<\/span><\/p>\n<p><span data-ccp-props=\"{&quot;201341983&quot;:0,&quot;335551550&quot;:6,&quot;335551620&quot;:6,&quot;335559731&quot;:708,&quot;335559739&quot;:160,&quot;335559740&quot;:259}\">\u00a0<\/span><\/p>\n<p>&nbsp;<\/p>\n","protected":false},"excerpt":{"rendered":"<p>Cardeal Orani Jo\u00e3o Tempesta Arcebispo do Rio de Janeiro (RJ)\u00a0 &nbsp; \u201cFicai atentos e orai a todo momento\u201d (Lc 21,36)\u00a0 Celebramos neste domingo o primeiro do Advento e, com essa celebra\u00e7\u00e3o, iniciamos um novo ano lit\u00fargico, chamado de Ano C. Para a Igreja, diferentemente do mundo civil, o novo ano inicia-se entre o \u00faltimo domingo &hellip;<\/p>\n<p class=\"read-more\"> <a class=\"\" href=\"https:\/\/www.cnbb.org.br\/1-domingo-do-advento-2\/\"> <span class=\"screen-reader-text\">1\u00b0 Domingo do Advento\u00a0<\/span> Leia mais &raquo;<\/a><\/p>\n","protected":false},"author":31,"featured_media":0,"comment_status":"closed","ping_status":"closed","sticky":false,"template":"","format":"standard","meta":{"site-sidebar-layout":"default","site-content-layout":"default","ast-global-header-display":"","ast-banner-title-visibility":"","ast-main-header-display":"","ast-hfb-above-header-display":"","ast-hfb-below-header-display":"","ast-hfb-mobile-header-display":"","site-post-title":"","ast-breadcrumbs-content":"","ast-featured-img":"","footer-sml-layout":"","theme-transparent-header-meta":"default","adv-header-id-meta":"","stick-header-meta":"","header-above-stick-meta":"","header-main-stick-meta":"","header-below-stick-meta":""},"categories":[758,1837],"tags":[],"acf":[],"_links":{"self":[{"href":"https:\/\/www.cnbb.org.br\/cnbb-app\/wp\/v2\/posts\/974421"}],"collection":[{"href":"https:\/\/www.cnbb.org.br\/cnbb-app\/wp\/v2\/posts"}],"about":[{"href":"https:\/\/www.cnbb.org.br\/cnbb-app\/wp\/v2\/types\/post"}],"author":[{"embeddable":true,"href":"https:\/\/www.cnbb.org.br\/cnbb-app\/wp\/v2\/users\/31"}],"replies":[{"embeddable":true,"href":"https:\/\/www.cnbb.org.br\/cnbb-app\/wp\/v2\/comments?post=974421"}],"version-history":[{"count":1,"href":"https:\/\/www.cnbb.org.br\/cnbb-app\/wp\/v2\/posts\/974421\/revisions"}],"predecessor-version":[{"id":974422,"href":"https:\/\/www.cnbb.org.br\/cnbb-app\/wp\/v2\/posts\/974421\/revisions\/974422"}],"wp:attachment":[{"href":"https:\/\/www.cnbb.org.br\/cnbb-app\/wp\/v2\/media?parent=974421"}],"wp:term":[{"taxonomy":"category","embeddable":true,"href":"https:\/\/www.cnbb.org.br\/cnbb-app\/wp\/v2\/categories?post=974421"},{"taxonomy":"post_tag","embeddable":true,"href":"https:\/\/www.cnbb.org.br\/cnbb-app\/wp\/v2\/tags?post=974421"}],"curies":[{"name":"wp","href":"https:\/\/api.w.org\/{rel}","templated":true}]}}