{"id":974490,"date":"2024-12-03T11:44:54","date_gmt":"2024-12-03T14:44:54","guid":{"rendered":"https:\/\/www.cnbb.org.br\/?p=974490"},"modified":"2024-12-03T13:43:31","modified_gmt":"2024-12-03T16:43:31","slug":"comissao-para-a-juventude-anuncia-atualizacao-do-documento-85-base-para-o-trabalho-pastoral-junto-aos-jovens","status":"publish","type":"post","link":"https:\/\/www.cnbb.org.br\/comissao-para-a-juventude-anuncia-atualizacao-do-documento-85-base-para-o-trabalho-pastoral-junto-aos-jovens\/","title":{"rendered":"Comiss\u00e3o para a Juventude anuncia atualiza\u00e7\u00e3o do Documento 85, base para o trabalho pastoral junto aos jovens\u00a0"},"content":{"rendered":"<p style=\"text-align: justify;\"><span style=\"font-weight: 400;\">A Igreja no Brasil deu um passo significativo para fortalecer sua atua\u00e7\u00e3o junto \u00e0s juventudes. A Comiss\u00e3o Episcopal para a Juventude oficializou, ap\u00f3s aprova\u00e7\u00e3o do Conselho Permanente da CNBB, a atualiza\u00e7\u00e3o do <a href=\"https:\/\/www.edicoescnbb.com.br\/livros-digitais\/documentos-da-cnbb\/evangelizacao-da-juventude-documentos-da-cnbb-85-digital\" target=\"_blank\" rel=\"noopener\">\u201cDocumento 85 \u2013 Evangeliza\u00e7\u00e3o da Juventude: Desafios e Perspectivas Pastorais\u201d<\/a>.\u00a0<\/span><\/p>\n<p style=\"text-align: justify;\"><span style=\"font-weight: 400;\"><img decoding=\"async\" loading=\"lazy\" class=\"size-medium wp-image-974494 alignleft\" src=\"https:\/\/www.cnbb.org.br\/wp-content\/uploads\/2024\/12\/MG_1966-198x300.jpg\" alt=\"\" width=\"198\" height=\"300\" srcset=\"https:\/\/www.cnbb.org.br\/wp-content\/uploads\/2024\/12\/MG_1966-198x300.jpg 198w, https:\/\/www.cnbb.org.br\/wp-content\/uploads\/2024\/12\/MG_1966-677x1024.jpg 677w, https:\/\/www.cnbb.org.br\/wp-content\/uploads\/2024\/12\/MG_1966-768x1162.jpg 768w, https:\/\/www.cnbb.org.br\/wp-content\/uploads\/2024\/12\/MG_1966-1015x1536.jpg 1015w, https:\/\/www.cnbb.org.br\/wp-content\/uploads\/2024\/12\/MG_1966-1353x2048.jpg 1353w, https:\/\/www.cnbb.org.br\/wp-content\/uploads\/2024\/12\/MG_1966-500x757.jpg 500w, https:\/\/www.cnbb.org.br\/wp-content\/uploads\/2024\/12\/MG_1966-scaled.jpg 1692w\" sizes=\"(max-width: 198px) 100vw, 198px\" \/>A proposta de atualiza\u00e7\u00e3o apresentada pela Comiss\u00e3o Episcopal ao Conselho Permanente foi realizada ap\u00f3s um per\u00edodo de reflex\u00e3o. A atualiza\u00e7\u00e3o foi apontada como uma prioridade no \u00faltimo Encontro de Revitaliza\u00e7\u00e3o da Pastoral Juvenil, realizado em setembro, em Bras\u00edlia. <\/span><\/p>\n<p style=\"text-align: justify;\"><span style=\"font-weight: 400;\">O encontro reuniu padres, assessores e respons\u00e1veis pelos setores de juventude das dioceses de todo o pa\u00eds, que destacaram a urg\u00eancia de revisar o documento para que ele continue sendo uma refer\u00eancia s\u00f3lida para pastorais, movimentos e iniciativas voltadas aos jovens. Foram ouvidos ainda os bispos e padres referenciais da juventude de todos os regionais do pa\u00eds, al\u00e9m dos jovens que comp\u00f5em a comiss\u00e3o e a equipe de comunica\u00e7\u00e3o \u201cJovens Conectados\u201d.\u00a0<\/span><\/p>\n<blockquote>\n<p style=\"text-align: justify;\"><span style=\"font-weight: 400;\">\u201cO processo de atualiza\u00e7\u00e3o ser\u00e1 um momento muito importante porque ser\u00e1 colocado o tema Juventudes sobre a mesa, sobre a aten\u00e7\u00e3o de toda a Igreja Cat\u00f3lica em nosso pa\u00eds, envolvendo coordenadores juvenis, assessores, envolvendo as dioceses, fazendo chegar \u00e0s par\u00f3quias e aos grupos, e, principalmente, ouvindo as juventudes. N\u00f3s olhamos esse momento de atualiza\u00e7\u00e3o do Documento 85 como um kair\u00f3s, um tempo de gra\u00e7a na evangeliza\u00e7\u00e3o das juventudes em nosso pa\u00eds\u201d, alegra-se o bispo de Imperatriz (MA) e presidente da Comiss\u00e3o Episcopal para a Juventude, dom Vilsom Basso.<\/span><\/p>\n<\/blockquote>\n<p style=\"text-align: justify;\"><span style=\"font-weight: 400;\">Publicado originalmente em 2007, o texto ser\u00e1 atualizado para responder aos novos desafios e realidades vividas pelos jovens, com um olhar atento \u00e0s mudan\u00e7as culturais, sociais e espirituais dos \u00faltimos anos. A atualiza\u00e7\u00e3o \u00e9 apresentada n\u00e3o apenas como uma revis\u00e3o t\u00e9cnica, mas um chamado \u00e0 renova\u00e7\u00e3o pastoral para estar cada vez mais pr\u00f3xima das juventudes.<\/span><\/p>\n<h3 style=\"text-align: justify;\">Encaminhamentos da atualiza\u00e7\u00e3o<\/h3>\n<p style=\"text-align: justify;\"><span style=\"font-weight: 400;\">A Comiss\u00e3o Episcopal deu in\u00edcio \u00e0 forma\u00e7\u00e3o de um grupo de trabalho que conduzir\u00e1 o processo de atualiza\u00e7\u00e3o. A equipe ser\u00e1 composta por especialistas em juventude, l\u00edderes pastorais e representantes das diversas express\u00f5es juvenis da Igreja no Brasil. O objetivo \u00e9 garantir que o novo documento dialogue com a realidade dos jovens, mantendo-se um instrumento eficaz para a evangeliza\u00e7\u00e3o e o acompanhamento integral dessa importante parcela da sociedade.<\/span><\/p>\n<h3 style=\"text-align: justify;\">Sintonia com o magist\u00e9rio do Papa Francisco<\/h3>\n<p style=\"text-align: justify;\"><span style=\"font-weight: 400;\">O momento vivido pela juventude na Igreja \u00e9, sem d\u00favida, um tempo de gra\u00e7a e renova\u00e7\u00e3o, especialmente ap\u00f3s o S\u00ednodo dos Jovens e a publica\u00e7\u00e3o da Exorta\u00e7\u00e3o Apost\u00f3lica Christus Vivit, do Papa Francisco.<\/span><\/p>\n<p style=\"text-align: justify;\"><span style=\"font-weight: 400;\">O S\u00ednodo, realizado em 2018, e a exorta\u00e7\u00e3o do Papa aprofundaram o compromisso da Igreja com a juventude, destacando a import\u00e2ncia de ouvi-los e acolh\u00ea-los em suas diversas realidades. O Papa Francisco chamou a Igreja a estar ao lado deles, ajudando-os a discernir seus caminhos e a viver a f\u00e9 com autenticidade.<\/span><\/p>\n<p style=\"text-align: justify;\"><span style=\"font-weight: 400;\">Esse impulso renovador do Papa Francisco tem sido fundamental para a Pastoral Juvenil, que se v\u00ea chamada a promover uma evangeliza\u00e7\u00e3o mais pr\u00f3xima, acolhedora e din\u00e2mica, em sintonia com os anseios e desafios das novas gera\u00e7\u00f5es.<\/span><\/p>\n<p>&nbsp;<\/p>\n<pre>Por\u00a0<span style=\"font-weight: 400;\">Comiss\u00e3o Episcopal para a Juventude da CNBB<\/span><\/pre>\n<p style=\"text-align: justify;\">\n","protected":false},"excerpt":{"rendered":"<p>A Igreja no Brasil deu um passo significativo para fortalecer sua atua\u00e7\u00e3o junto \u00e0s juventudes. A Comiss\u00e3o Episcopal para a Juventude oficializou, ap\u00f3s aprova\u00e7\u00e3o do Conselho Permanente da CNBB, a atualiza\u00e7\u00e3o do \u201cDocumento 85 \u2013 Evangeliza\u00e7\u00e3o da Juventude: Desafios e Perspectivas Pastorais\u201d<\/p>\n","protected":false},"author":141,"featured_media":974515,"comment_status":"closed","ping_status":"closed","sticky":false,"template":"","format":"standard","meta":{"site-sidebar-layout":"default","site-content-layout":"default","ast-global-header-display":"","ast-banner-title-visibility":"","ast-main-header-display":"","ast-hfb-above-header-display":"","ast-hfb-below-header-display":"","ast-hfb-mobile-header-display":"","site-post-title":"","ast-breadcrumbs-content":"","ast-featured-img":"","footer-sml-layout":"","theme-transparent-header-meta":"default","adv-header-id-meta":"","stick-header-meta":"","header-above-stick-meta":"","header-main-stick-meta":"","header-below-stick-meta":""},"categories":[50,775],"tags":[5133,5822],"acf":[],"_links":{"self":[{"href":"https:\/\/www.cnbb.org.br\/cnbb-app\/wp\/v2\/posts\/974490"}],"collection":[{"href":"https:\/\/www.cnbb.org.br\/cnbb-app\/wp\/v2\/posts"}],"about":[{"href":"https:\/\/www.cnbb.org.br\/cnbb-app\/wp\/v2\/types\/post"}],"author":[{"embeddable":true,"href":"https:\/\/www.cnbb.org.br\/cnbb-app\/wp\/v2\/users\/141"}],"replies":[{"embeddable":true,"href":"https:\/\/www.cnbb.org.br\/cnbb-app\/wp\/v2\/comments?post=974490"}],"version-history":[{"count":9,"href":"https:\/\/www.cnbb.org.br\/cnbb-app\/wp\/v2\/posts\/974490\/revisions"}],"predecessor-version":[{"id":974517,"href":"https:\/\/www.cnbb.org.br\/cnbb-app\/wp\/v2\/posts\/974490\/revisions\/974517"}],"wp:featuredmedia":[{"embeddable":true,"href":"https:\/\/www.cnbb.org.br\/cnbb-app\/wp\/v2\/media\/974515"}],"wp:attachment":[{"href":"https:\/\/www.cnbb.org.br\/cnbb-app\/wp\/v2\/media?parent=974490"}],"wp:term":[{"taxonomy":"category","embeddable":true,"href":"https:\/\/www.cnbb.org.br\/cnbb-app\/wp\/v2\/categories?post=974490"},{"taxonomy":"post_tag","embeddable":true,"href":"https:\/\/www.cnbb.org.br\/cnbb-app\/wp\/v2\/tags?post=974490"}],"curies":[{"name":"wp","href":"https:\/\/api.w.org\/{rel}","templated":true}]}}