{"id":974529,"date":"2024-12-03T14:57:59","date_gmt":"2024-12-03T17:57:59","guid":{"rendered":"https:\/\/www.cnbb.org.br\/?p=974529"},"modified":"2024-12-03T16:13:41","modified_gmt":"2024-12-03T19:13:41","slug":"caritas-brasileira-lanca-curta-metragem-amazonia-nosso-bem-viver","status":"publish","type":"post","link":"https:\/\/www.cnbb.org.br\/caritas-brasileira-lanca-curta-metragem-amazonia-nosso-bem-viver\/","title":{"rendered":"C\u00e1ritas Brasileira lan\u00e7a curta-metragem \u201cAmaz\u00f4nia, nosso bem viver\u201d sobre ribeirinhos do rio Purus e Tapu\u00e1"},"content":{"rendered":"<p style=\"text-align: justify;\">&#8220;Eu n\u00e3o tenho vontade de morar em outro lugar&#8221;, a fala do ribeirinho Jos\u00e9 da Silva Oliveira \u00e9 a mesma de Raimunda, Manoel, Maria e de diversas pessoas que vivem \u00e0 margem do rio Purus e Tapau\u00e1, na regi\u00e3o sul do estado do Amazonas.<\/p>\n<p style=\"text-align: justify;\">O territ\u00f3rio \u00e9 acompanhado pela C\u00e1ritas Brasileira, que tem buscado contribuir para que as comunidades tradicionais protejam efetivamente seus territ\u00f3rios, combatendo as mudan\u00e7as clim\u00e1ticas e a perda de biodiversidade, por meio do programa Amaz\u00f4nia Bem Viver: Comunidades Resilientes.<\/p>\n<p style=\"text-align: justify;\">De um lado, viol\u00eancia contra as popula\u00e7\u00f5es e a natureza, do outro, a resili\u00eancia de uma popula\u00e7\u00e3o que entende a import\u00e2ncia de conservar a Amaz\u00f4nia para garantir a sobreviv\u00eancia da humanidade. &#8220;Lutando, plantando e preservando tamb\u00e9m a natureza&#8221;, diz Raimunda de Souza Lima.<\/p>\n<h3 style=\"text-align: justify;\">Acordo de pesca<\/h3>\n<p style=\"text-align: justify;\">Com o objetivo de anunciar boas pr\u00e1ticas, o curta produzido pela C\u00e1ritas Brasileira vem de encontro com a for\u00e7a comunit\u00e1ria, que \u00e9 reflexo de organiza\u00e7\u00e3o popular e uni\u00e3o. \u201cA nossa inten\u00e7\u00e3o foi reverberar esse contexto das comunidades a partir das falas e do olhar das pessoas que conservam a Amaz\u00f4nia, garantindo o protagonismo e que a narrativa fosse contada a partir de quem a vive\u201d, diz Indi Gouveia, da coordena\u00e7\u00e3o colegiada nacional.<\/p>\n<p style=\"text-align: justify;\">A partir do ponto de vista da comunidade, o curta celebra o \u201cAcordo de Pesca\u201d, Instru\u00e7\u00e3o Normativa SEMA\/AM n\u00ba 4, de 19 de agosto de 2020, que representa a conquista das comunidades de Foz de Tapau\u00e1, Camaru\u00e3, Tapauazinho, S\u00e3o Francisco, Caissi\u00e3 e Catol\u00e9 pela garantia do enfrentamento \u00e0 pesca predat\u00f3ria e devasta\u00e7\u00e3o ambiental por parte de peixeiros que v\u00eam de outras regi\u00f5es e vulnerabilizam as comunidades do munic\u00edpio de Tapau\u00e1 (AM).<\/p>\n<p>Jos\u00e9 Roberto Souza da Silva, l\u00edder da associa\u00e7\u00e3o do Acordo de Pesca, conta que a mobiliza\u00e7\u00e3o come\u00e7ou a surgir em 2018. \u201cA comunidade come\u00e7ou a se preocupar e atrav\u00e9s do Padre \u00c9der ele apresentou o projeto do Acordo de Pesca, que era um meio legal da gente trabalhar e tamb\u00e9m ter a nossa \u00e1rea para manter a comunidade, os pescadores sobrevivendo desse pescado\u201d, explica.<\/p>\n<p style=\"text-align: justify;\">Padre \u00c9der Carvalho Assun\u00e7\u00e3o, p\u00e1roco e membro da C\u00e1ritas Cuxiuara, destacou a import\u00e2ncia da iniciativa para a sustentabilidade ecol\u00f3gica e cultural da regi\u00e3o. &#8220;O acordo de pesca n\u00e3o traz somente seguran\u00e7a alimentar, mas tamb\u00e9m consci\u00eancia ecol\u00f3gica e dos direitos da natureza. Estamos todos numa mesma casa comum e precisamos cuidar da vida neste bioma&#8221;, afirmou Padre Eder, lembrando a interliga\u00e7\u00e3o entre a conserva\u00e7\u00e3o ambiental e o bem-estar das comunidades locais.<\/p>\n<h3>Lan\u00e7amento<\/h3>\n<p style=\"text-align: justify;\"><img decoding=\"async\" loading=\"lazy\" class=\"size-medium wp-image-974531 alignleft\" src=\"https:\/\/www.cnbb.org.br\/wp-content\/uploads\/2024\/12\/Curta-editado--300x300.png\" alt=\"\" width=\"300\" height=\"300\" srcset=\"https:\/\/www.cnbb.org.br\/wp-content\/uploads\/2024\/12\/Curta-editado--300x300.png 300w, https:\/\/www.cnbb.org.br\/wp-content\/uploads\/2024\/12\/Curta-editado--1024x1024.png 1024w, https:\/\/www.cnbb.org.br\/wp-content\/uploads\/2024\/12\/Curta-editado--150x150.png 150w, https:\/\/www.cnbb.org.br\/wp-content\/uploads\/2024\/12\/Curta-editado--768x768.png 768w, https:\/\/www.cnbb.org.br\/wp-content\/uploads\/2024\/12\/Curta-editado--800x800.png 800w, https:\/\/www.cnbb.org.br\/wp-content\/uploads\/2024\/12\/Curta-editado--500x500.png 500w, https:\/\/www.cnbb.org.br\/wp-content\/uploads\/2024\/12\/Curta-editado-.png 1080w\" sizes=\"(max-width: 300px) 100vw, 300px\" \/>A produ\u00e7\u00e3o \u201cAmaz\u00f4nia, nosso Bem Viver\u201d ser\u00e1 lan\u00e7ada nesta sexta-feira (06), \u00e0s 16h30 &#8211; hor\u00e1rio do Amazonas | 17h30 &#8211; hor\u00e1rio de Bras\u00edlia, nas plataformas virtuais da C\u00e1ritas Brasileira.<\/p>\n<p style=\"text-align: justify;\">O curta faz parte das a\u00e7\u00f5es do programa Amaz\u00f4nia Bem Viver: Comunidades Resilientes, que \u00e9 desenvolvido em parceria com a C\u00e1ritas Alemanha e conta com o financiamento do Minist\u00e9rio Federal de Coopera\u00e7\u00e3o e Desenvolvimento Econ\u00f4mico do Governo Alem\u00e3o (BMZ).<\/p>\n<p><strong>Mais informa\u00e7\u00f5es:<\/strong> comunicacao@caritas.org.br<\/p>\n","protected":false},"excerpt":{"rendered":"<p>A produ\u00e7\u00e3o &#8220;Amaz\u00f4nia, nosso bem viver&#8221; ser\u00e1 lan\u00e7ada nesta sexta-feira (06), \u00e0s 16h30 &#8211; hor\u00e1rio do Amazonas | 17h30 &#8211; hor\u00e1rio de Bras\u00edlia, nas plataformas virtuais da C\u00e1ritas Brasileira. O curta faz parte das a\u00e7\u00f5es do programa Amaz\u00f4nia Bem Viver: Comunidades Resilientes em parceria com a C\u00e1ritas e governo federal da Alemanh\u00e3<\/p>\n","protected":false},"author":142,"featured_media":974532,"comment_status":"closed","ping_status":"closed","sticky":false,"template":"","format":"standard","meta":{"site-sidebar-layout":"default","site-content-layout":"default","ast-global-header-display":"","ast-banner-title-visibility":"","ast-main-header-display":"","ast-hfb-above-header-display":"","ast-hfb-below-header-display":"","ast-hfb-mobile-header-display":"","site-post-title":"","ast-breadcrumbs-content":"","ast-featured-img":"","footer-sml-layout":"","theme-transparent-header-meta":"default","adv-header-id-meta":"","stick-header-meta":"","header-above-stick-meta":"","header-main-stick-meta":"","header-below-stick-meta":""},"categories":[816,50],"tags":[1900,1781],"acf":[],"_links":{"self":[{"href":"https:\/\/www.cnbb.org.br\/cnbb-app\/wp\/v2\/posts\/974529"}],"collection":[{"href":"https:\/\/www.cnbb.org.br\/cnbb-app\/wp\/v2\/posts"}],"about":[{"href":"https:\/\/www.cnbb.org.br\/cnbb-app\/wp\/v2\/types\/post"}],"author":[{"embeddable":true,"href":"https:\/\/www.cnbb.org.br\/cnbb-app\/wp\/v2\/users\/142"}],"replies":[{"embeddable":true,"href":"https:\/\/www.cnbb.org.br\/cnbb-app\/wp\/v2\/comments?post=974529"}],"version-history":[{"count":8,"href":"https:\/\/www.cnbb.org.br\/cnbb-app\/wp\/v2\/posts\/974529\/revisions"}],"predecessor-version":[{"id":974545,"href":"https:\/\/www.cnbb.org.br\/cnbb-app\/wp\/v2\/posts\/974529\/revisions\/974545"}],"wp:featuredmedia":[{"embeddable":true,"href":"https:\/\/www.cnbb.org.br\/cnbb-app\/wp\/v2\/media\/974532"}],"wp:attachment":[{"href":"https:\/\/www.cnbb.org.br\/cnbb-app\/wp\/v2\/media?parent=974529"}],"wp:term":[{"taxonomy":"category","embeddable":true,"href":"https:\/\/www.cnbb.org.br\/cnbb-app\/wp\/v2\/categories?post=974529"},{"taxonomy":"post_tag","embeddable":true,"href":"https:\/\/www.cnbb.org.br\/cnbb-app\/wp\/v2\/tags?post=974529"}],"curies":[{"name":"wp","href":"https:\/\/api.w.org\/{rel}","templated":true}]}}