{"id":974573,"date":"2024-12-04T11:07:10","date_gmt":"2024-12-04T14:07:10","guid":{"rendered":"https:\/\/www.cnbb.org.br\/?p=974573"},"modified":"2024-12-04T11:08:24","modified_gmt":"2024-12-04T14:08:24","slug":"a-estrela-do-botafogo","status":"publish","type":"post","link":"https:\/\/www.cnbb.org.br\/a-estrela-do-botafogo\/","title":{"rendered":"A Estrela do Botafogo\u00a0"},"content":{"rendered":"<p style=\"text-align: right;\"><strong>Cardeal Orani Jo\u00e3o Tempesta<br \/>\nArcebispo do Rio de Janeiro (RJ)<\/strong><\/p>\n<p style=\"text-align: justify;\"><span data-ccp-props=\"{&quot;335551550&quot;:3,&quot;335551620&quot;:3}\">\u00a0<\/span><\/p>\n<p style=\"text-align: justify;\"><span data-contrast=\"auto\">No dia 8 de dezembro, celebramos com alegria a Solenidade da Imaculada Concei\u00e7\u00e3o de Nossa Senhora, um dos t\u00edtulos mais queridos e significativos da Virgem Maria, que recorda sua pureza singular e sua especial miss\u00e3o no plano da salva\u00e7\u00e3o. Para os torcedores do Botafogo, essa data assume um significado ainda mais profundo: al\u00e9m de ser o dia dedicado \u00e0 sua padroeira, \u00e9 tamb\u00e9m o anivers\u00e1rio da fus\u00e3o, em 1942, que deu origem ao Botafogo de Futebol e Regatas.<\/span><span data-ccp-props=\"{&quot;201341983&quot;:0,&quot;335551550&quot;:6,&quot;335551620&quot;:6,&quot;335559731&quot;:708,&quot;335559740&quot;:360}\">\u00a0<\/span><\/p>\n<p style=\"text-align: justify;\"><span data-contrast=\"auto\">A Estrela Solit\u00e1ria, s\u00edmbolo maior do escudo alvinegro, carrega em si uma profunda liga\u00e7\u00e3o com Nossa Senhora. Essa estrela, que guia o clube e seus torcedores, remete \u00e0quela \u201cEstrela Luminos\u00edssima\u201d mencionada na devo\u00e7\u00e3o \u00e0 Imaculada Concei\u00e7\u00e3o. N\u00e3o se trata apenas de um emblema esportivo, mas de um sinal de esperan\u00e7a e de luz que inspira f\u00e9 e perseveran\u00e7a em momentos de desafio.<\/span><span data-ccp-props=\"{&quot;201341983&quot;:0,&quot;335551550&quot;:6,&quot;335551620&quot;:6,&quot;335559731&quot;:708,&quot;335559740&quot;:360}\">\u00a0<\/span><\/p>\n<p style=\"text-align: justify;\"><span data-contrast=\"auto\">A proclama\u00e7\u00e3o do dogma da Imaculada Concei\u00e7\u00e3o, em 1854, recorda que Maria, desde o primeiro instante de sua exist\u00eancia, foi preservada do pecado original, como parte do grande plano de Deus para a reden\u00e7\u00e3o da humanidade. Esse mist\u00e9rio de f\u00e9 nos aponta para a import\u00e2ncia de sua intercess\u00e3o nos momentos de dificuldade, algo que tamb\u00e9m esteve presente na trajet\u00f3ria do Botafogo em 2024.<\/span><span data-ccp-props=\"{&quot;201341983&quot;:0,&quot;335551550&quot;:6,&quot;335551620&quot;:6,&quot;335559731&quot;:708,&quot;335559740&quot;:360}\">\u00a0<\/span><\/p>\n<p style=\"text-align: justify;\"><span data-contrast=\"auto\">Na segunda-feira, 25 de novembro, torcedores se reuniram para celebrar uma Missa no Santu\u00e1rio Arquidiocesano Cristo Redentor, aos p\u00e9s da imagem que abra\u00e7a a cidade do Rio de Janeiro. Esse santu\u00e1rio, cuja hist\u00f3ria est\u00e1 intimamente ligada \u00e0 Bas\u00edlica da Imaculada Concei\u00e7\u00e3o, na Praia de Botafogo, tornou-se um local de renova\u00e7\u00e3o da f\u00e9 e da esperan\u00e7a em um momento decisivo para o clube.<\/span><span data-ccp-props=\"{&quot;201341983&quot;:0,&quot;335551550&quot;:6,&quot;335551620&quot;:6,&quot;335559731&quot;:708,&quot;335559740&quot;:360}\">\u00a0<\/span><\/p>\n<p style=\"text-align: justify;\"><span data-contrast=\"auto\">No dia seguinte, o Botafogo retomou sua caminhada de supera\u00e7\u00e3o e gl\u00f3ria. Ap\u00f3s perder a lideran\u00e7a do Campeonato Brasileiro na rodada anterior, o time venceu o Palmeiras por 3 a 1, em S\u00e3o Paulo, reassumindo o topo da tabela. Essa vit\u00f3ria, celebrada com fervor pelos torcedores, foi vista como resposta \u00e0s ora\u00e7\u00f5es elevadas \u00e0 padroeira.<\/span><span data-ccp-props=\"{&quot;201341983&quot;:0,&quot;335551550&quot;:6,&quot;335551620&quot;:6,&quot;335559731&quot;:708,&quot;335559740&quot;:360}\">\u00a0<\/span><\/p>\n<p style=\"text-align: justify;\"><span data-contrast=\"auto\">Poucos dias depois, o Botafogo viveu um dos cap\u00edtulos mais emocionantes de sua hist\u00f3ria: a final da Copa Conmebol Libertadores. Em Buenos Aires, mesmo enfrentando adversidades e jogando com um jogador a menos, o time venceu o Atl\u00e9tico-MG e conquistou o t\u00edtulo in\u00e9dito. Esses momentos de triunfo revelam n\u00e3o apenas o esfor\u00e7o e a dedica\u00e7\u00e3o humana, mas tamb\u00e9m a for\u00e7a que nasce da f\u00e9 e da confian\u00e7a na intercess\u00e3o divina.<\/span><span data-ccp-props=\"{&quot;201341983&quot;:0,&quot;335551550&quot;:6,&quot;335551620&quot;:6,&quot;335559731&quot;:708,&quot;335559740&quot;:360}\">\u00a0<\/span><\/p>\n<p style=\"text-align: justify;\"><span data-contrast=\"auto\">De maneira providencial, a \u00faltima rodada do Campeonato Brasileiro ser\u00e1 disputada no dia 8 de dezembro, coincidindo com a solenidade da Imaculada Concei\u00e7\u00e3o. Neste mesmo dia, h\u00e1 82 anos, o Botafogo renascia como um clube unificado, sob a prote\u00e7\u00e3o da M\u00e3e de Deus. Hoje, com uma campanha que resgatou o orgulho alvinegro, os torcedores renovam sua gratid\u00e3o e f\u00e9 em Nossa Senhora da Concei\u00e7\u00e3o, certos de que sua luz continuar\u00e1 guiando o time nos desafios futuros.<\/span><span data-ccp-props=\"{&quot;201341983&quot;:0,&quot;335551550&quot;:6,&quot;335551620&quot;:6,&quot;335559731&quot;:708,&quot;335559740&quot;:360}\">\u00a0<\/span><\/p>\n<p style=\"text-align: justify;\"><span data-contrast=\"auto\">Este dia especial tamb\u00e9m nos convida a olhar para o ano de 2025, que trar\u00e1 a celebra\u00e7\u00e3o de um Jubileu\u00a0 na Igreja, um tempo de gra\u00e7a, convers\u00e3o e renova\u00e7\u00e3o espiritual para todos os fi\u00e9is. Nesse contexto, a figura de Maria, a M\u00e3e da Miseric\u00f3rdia, se torna ainda mais significativa, pois nos aponta para Cristo, fonte de toda alegria e reden\u00e7\u00e3o. Que esse jubileu inspire torcedores e devotos a refor\u00e7arem sua f\u00e9, sua solidariedade e seu compromisso com os valores crist\u00e3os que nos unem como irm\u00e3os e irm\u00e3s.<\/span><span data-ccp-props=\"{&quot;201341983&quot;:0,&quot;335551550&quot;:6,&quot;335551620&quot;:6,&quot;335559731&quot;:708,&quot;335559740&quot;:360}\">\u00a0<\/span><\/p>\n<p style=\"text-align: justify;\"><span data-contrast=\"auto\">A Imaculada Concei\u00e7\u00e3o, padroeira de tantas comunidades de f\u00e9 no Brasil, \u00e9 tamb\u00e9m uma inspira\u00e7\u00e3o de resili\u00eancia e confian\u00e7a para o Botafogo e seus torcedores. Sua presen\u00e7a materna, simbolizada pela Estrela Solit\u00e1ria, nos lembra que, com f\u00e9, podemos superar at\u00e9 mesmo os momentos mais dif\u00edceis.<\/span><span data-ccp-props=\"{&quot;201341983&quot;:0,&quot;335551550&quot;:6,&quot;335551620&quot;:6,&quot;335559731&quot;:708,&quot;335559740&quot;:360}\">\u00a0<\/span><\/p>\n<p style=\"text-align: justify;\"><span data-contrast=\"auto\">Que o dia 8 de dezembro seja marcado por celebra\u00e7\u00f5es de gratid\u00e3o e renova\u00e7\u00e3o espiritual, n\u00e3o apenas para o clube, mas para todos que veem em Nossa Senhora um modelo de esperan\u00e7a e fortaleza. Sob sua prote\u00e7\u00e3o, que possamos seguir nossas trajet\u00f3rias, iluminando cora\u00e7\u00f5es e fortalecendo a certeza de que, com f\u00e9, caminhamos sempre rumo \u00e0 vit\u00f3ria final.<\/span><span data-ccp-props=\"{&quot;201341983&quot;:0,&quot;335551550&quot;:6,&quot;335551620&quot;:6,&quot;335559731&quot;:708,&quot;335559740&quot;:360}\">\u00a0<\/span><\/p>\n<p><span data-ccp-props=\"{&quot;201341983&quot;:0,&quot;335551550&quot;:6,&quot;335551620&quot;:6,&quot;335559740&quot;:360}\">\u00a0<\/span><\/p>\n","protected":false},"excerpt":{"rendered":"<p>Cardeal Orani Jo\u00e3o Tempesta Arcebispo do Rio de Janeiro (RJ) \u00a0 No dia 8 de dezembro, celebramos com alegria a Solenidade da Imaculada Concei\u00e7\u00e3o de Nossa Senhora, um dos t\u00edtulos mais queridos e significativos da Virgem Maria, que recorda sua pureza singular e sua especial miss\u00e3o no plano da salva\u00e7\u00e3o. Para os torcedores do Botafogo, &hellip;<\/p>\n<p class=\"read-more\"> <a class=\"\" href=\"https:\/\/www.cnbb.org.br\/a-estrela-do-botafogo\/\"> <span class=\"screen-reader-text\">A Estrela do Botafogo\u00a0<\/span> Leia mais &raquo;<\/a><\/p>\n","protected":false},"author":31,"featured_media":0,"comment_status":"closed","ping_status":"closed","sticky":false,"template":"","format":"standard","meta":{"site-sidebar-layout":"default","site-content-layout":"default","ast-global-header-display":"","ast-banner-title-visibility":"","ast-main-header-display":"","ast-hfb-above-header-display":"","ast-hfb-below-header-display":"","ast-hfb-mobile-header-display":"","site-post-title":"","ast-breadcrumbs-content":"","ast-featured-img":"","footer-sml-layout":"","theme-transparent-header-meta":"default","adv-header-id-meta":"","stick-header-meta":"","header-above-stick-meta":"","header-main-stick-meta":"","header-below-stick-meta":""},"categories":[758],"tags":[],"acf":[],"_links":{"self":[{"href":"https:\/\/www.cnbb.org.br\/cnbb-app\/wp\/v2\/posts\/974573"}],"collection":[{"href":"https:\/\/www.cnbb.org.br\/cnbb-app\/wp\/v2\/posts"}],"about":[{"href":"https:\/\/www.cnbb.org.br\/cnbb-app\/wp\/v2\/types\/post"}],"author":[{"embeddable":true,"href":"https:\/\/www.cnbb.org.br\/cnbb-app\/wp\/v2\/users\/31"}],"replies":[{"embeddable":true,"href":"https:\/\/www.cnbb.org.br\/cnbb-app\/wp\/v2\/comments?post=974573"}],"version-history":[{"count":2,"href":"https:\/\/www.cnbb.org.br\/cnbb-app\/wp\/v2\/posts\/974573\/revisions"}],"predecessor-version":[{"id":974575,"href":"https:\/\/www.cnbb.org.br\/cnbb-app\/wp\/v2\/posts\/974573\/revisions\/974575"}],"wp:attachment":[{"href":"https:\/\/www.cnbb.org.br\/cnbb-app\/wp\/v2\/media?parent=974573"}],"wp:term":[{"taxonomy":"category","embeddable":true,"href":"https:\/\/www.cnbb.org.br\/cnbb-app\/wp\/v2\/categories?post=974573"},{"taxonomy":"post_tag","embeddable":true,"href":"https:\/\/www.cnbb.org.br\/cnbb-app\/wp\/v2\/tags?post=974573"}],"curies":[{"name":"wp","href":"https:\/\/api.w.org\/{rel}","templated":true}]}}