{"id":974692,"date":"2024-12-06T09:54:11","date_gmt":"2024-12-06T12:54:11","guid":{"rendered":"https:\/\/www.cnbb.org.br\/?p=974692"},"modified":"2024-12-08T18:07:50","modified_gmt":"2024-12-08T21:07:50","slug":"saude-mental-em-foco","status":"publish","type":"post","link":"https:\/\/www.cnbb.org.br\/saude-mental-em-foco\/","title":{"rendered":"Sa\u00fade mental em foco\u00a0"},"content":{"rendered":"<p style=\"text-align: right;\"><strong>Cardeal Sergio da Rocha<br \/>\nArcebispo de Salvador (BA)<\/strong><\/p>\n<p style=\"text-align: justify;\"><span data-ccp-props=\"{&quot;201341983&quot;:0,&quot;335551550&quot;:6,&quot;335551620&quot;:6,&quot;335559739&quot;:0,&quot;335559740&quot;:360}\">\u00a0<\/span><\/p>\n<p style=\"text-align: justify;\"><span data-contrast=\"auto\">Os casos de depress\u00e3o, ansiedade e estresse t\u00eam aumentado muito. O assunto deve ser enfrentado como um problema de sa\u00fade p\u00fablica, que requer os devidos investimentos de governos e \u00f3rg\u00e3os p\u00fablicos para tornar acess\u00edvel \u00e0 popula\u00e7\u00e3o o direito \u00e0 sa\u00fade integral, proporcionando e ampliando os servi\u00e7os. \u00c9 necess\u00e1rio olhar com maior aten\u00e7\u00e3o e cuidar mais da vida fragilizada pelas doen\u00e7as mentais.<\/span> <span data-contrast=\"auto\">O assunto necessita ser colocado em foco.<\/span><span data-ccp-props=\"{&quot;201341983&quot;:0,&quot;335551550&quot;:6,&quot;335551620&quot;:6,&quot;335559731&quot;:708,&quot;335559739&quot;:0,&quot;335559740&quot;:360}\">\u00a0<\/span><\/p>\n<p style=\"text-align: justify;\"><span data-contrast=\"auto\">Pessoas que sofrem com a depress\u00e3o e outras enfermidades de cunho ps\u00edquico exigem a compreens\u00e3o e a proximidade fraterna de familiares e de pessoas amigas. A experi\u00eancia de ser amado \u00e9 fundamental na supera\u00e7\u00e3o dos problemas. O amor que se expressa no cuidado de quem sofre contribui para a cura. N\u00e3o podemos cansar de amar quem passa por momentos de ang\u00fastia e depress\u00e3o e necessita de maior aten\u00e7\u00e3o e de cuidados.\u00a0<\/span><span data-ccp-props=\"{&quot;201341983&quot;:0,&quot;335551550&quot;:6,&quot;335551620&quot;:6,&quot;335559739&quot;:0,&quot;335559740&quot;:360}\">\u00a0<\/span><\/p>\n<p style=\"text-align: justify;\"><span data-contrast=\"auto\">Contudo, os problemas n\u00e3o se restringem ao interior das resid\u00eancias ou de ambientes de trabalho. Merecem especial aten\u00e7\u00e3o os que sofrem dist\u00farbios mentais abandonados nas ruas, os que est\u00e3o nas pris\u00f5es e em situa\u00e7\u00e3o de extrema pobreza, dentre outros. As doen\u00e7as mentais n\u00e3o implicam em menor dignidade humana ou menos direito \u00e0 assist\u00eancia m\u00e9dica. Por isso, o enfrentamento das enfermidades ps\u00edquicas, no \u00e2mbito da sa\u00fade p\u00fablica, exige tamb\u00e9m a devida aten\u00e7\u00e3o aos problemas sociais.<\/span><span data-ccp-props=\"{&quot;201341983&quot;:0,&quot;335551550&quot;:6,&quot;335551620&quot;:6,&quot;335559731&quot;:708,&quot;335559739&quot;:0,&quot;335559740&quot;:360}\">\u00a0<\/span><\/p>\n<p style=\"text-align: justify;\"><span data-contrast=\"auto\">Dentre os diversos fatores importantes de prote\u00e7\u00e3o da sa\u00fade mental, est\u00e3o o sentido dado \u00e0 pr\u00f3pria exist\u00eancia, a redescoberta do valor e da alegria de viver e as atividades religiosas. No campo da espiritualidade t\u00eam sido revalorizados a medita\u00e7\u00e3o, o sil\u00eancio e a ora\u00e7\u00e3o, assim como a participa\u00e7\u00e3o numa comunidade fraterna e acolhedora.<\/span> <span data-contrast=\"auto\">No \u201cDocumento Final\u201d do recente S\u00ednodo dos Bispos, ocorrido no Vaticano, aparece a proposta de um servi\u00e7o eclesial de escuta e acompanhamento, a ser concretizado nas Igrejas locais, que n\u00e3o se confunde com a assist\u00eancia psicol\u00f3gica ou psicoterapias realizadas por profissionais habilitados. Tal minist\u00e9rio pastoral pode contar com a colabora\u00e7\u00e3o de leigos e leigas, segundo crit\u00e9rios a serem estabelecidos. Trata-se de oferecer a oportunidade de escuta e de proximidade fraterna a quem passa por maiores dificuldades e busca aux\u00edlio espiritual.\u00a0 Existem j\u00e1 importantes iniciativas promovidas por Igrejas para proporcionar a escuta, a acolhida e a orienta\u00e7\u00e3o para quem procura a ajuda. Dentre elas, est\u00e3o os grupos de apoio e de partilha e o atendimento online.<\/span><span data-ccp-props=\"{&quot;201341983&quot;:0,&quot;335551550&quot;:6,&quot;335551620&quot;:6,&quot;335559731&quot;:708,&quot;335559739&quot;:0,&quot;335559740&quot;:360}\">\u00a0<\/span><\/p>\n<p style=\"text-align: justify;\"><span data-contrast=\"auto\">\u00c9 muito importante a ajuda especializada no campo da sa\u00fade mental. \u00c9 preciso superar os preconceitos e buscar o tratamento adequado, como ocorre em outras enfermidades que necessitam de aux\u00edlio m\u00e9dico. A vergonha e o medo de pedir ajuda, compreens\u00edveis, numa sociedade que tende a rotular e a discriminar quem sofre com transtornos mentais, agravam ainda mais os problemas. Admitir as dificuldades e buscar ajuda s\u00e3o passos de esperan\u00e7a e de vida nova.<\/span><span data-ccp-props=\"{&quot;201341983&quot;:0,&quot;335551550&quot;:6,&quot;335551620&quot;:6,&quot;335559731&quot;:708,&quot;335559739&quot;:0,&quot;335559740&quot;:360}\">\u00a0<\/span><\/p>\n<p style=\"text-align: justify;\"><span data-ccp-props=\"{&quot;201341983&quot;:0,&quot;335551550&quot;:6,&quot;335551620&quot;:6,&quot;335559739&quot;:0,&quot;335559740&quot;:360}\">\u00a0<\/span><\/p>\n<p style=\"text-align: justify;\"><span data-contrast=\"auto\">*Artigo publicado no jornal Correio em 25 de novembro de 2024.<\/span><span data-ccp-props=\"{&quot;201341983&quot;:0,&quot;335551550&quot;:6,&quot;335551620&quot;:6,&quot;335559739&quot;:0,&quot;335559740&quot;:360}\">\u00a0<\/span><\/p>\n","protected":false},"excerpt":{"rendered":"<p>Cardeal Sergio da Rocha Arcebispo de Salvador (BA) \u00a0 Os casos de depress\u00e3o, ansiedade e estresse t\u00eam aumentado muito. O assunto deve ser enfrentado como um problema de sa\u00fade p\u00fablica, que requer os devidos investimentos de governos e \u00f3rg\u00e3os p\u00fablicos para tornar acess\u00edvel \u00e0 popula\u00e7\u00e3o o direito \u00e0 sa\u00fade integral, proporcionando e ampliando os servi\u00e7os. &hellip;<\/p>\n<p class=\"read-more\"> <a class=\"\" href=\"https:\/\/www.cnbb.org.br\/saude-mental-em-foco\/\"> <span class=\"screen-reader-text\">Sa\u00fade mental em foco\u00a0<\/span> Leia mais &raquo;<\/a><\/p>\n","protected":false},"author":78,"featured_media":0,"comment_status":"closed","ping_status":"closed","sticky":false,"template":"","format":"standard","meta":{"site-sidebar-layout":"default","site-content-layout":"default","ast-global-header-display":"","ast-banner-title-visibility":"","ast-main-header-display":"","ast-hfb-above-header-display":"","ast-hfb-below-header-display":"","ast-hfb-mobile-header-display":"","site-post-title":"","ast-breadcrumbs-content":"","ast-featured-img":"","footer-sml-layout":"","theme-transparent-header-meta":"default","adv-header-id-meta":"","stick-header-meta":"","header-above-stick-meta":"","header-main-stick-meta":"","header-below-stick-meta":""},"categories":[758,1837],"tags":[],"acf":[],"_links":{"self":[{"href":"https:\/\/www.cnbb.org.br\/cnbb-app\/wp\/v2\/posts\/974692"}],"collection":[{"href":"https:\/\/www.cnbb.org.br\/cnbb-app\/wp\/v2\/posts"}],"about":[{"href":"https:\/\/www.cnbb.org.br\/cnbb-app\/wp\/v2\/types\/post"}],"author":[{"embeddable":true,"href":"https:\/\/www.cnbb.org.br\/cnbb-app\/wp\/v2\/users\/78"}],"replies":[{"embeddable":true,"href":"https:\/\/www.cnbb.org.br\/cnbb-app\/wp\/v2\/comments?post=974692"}],"version-history":[{"count":2,"href":"https:\/\/www.cnbb.org.br\/cnbb-app\/wp\/v2\/posts\/974692\/revisions"}],"predecessor-version":[{"id":974694,"href":"https:\/\/www.cnbb.org.br\/cnbb-app\/wp\/v2\/posts\/974692\/revisions\/974694"}],"wp:attachment":[{"href":"https:\/\/www.cnbb.org.br\/cnbb-app\/wp\/v2\/media?parent=974692"}],"wp:term":[{"taxonomy":"category","embeddable":true,"href":"https:\/\/www.cnbb.org.br\/cnbb-app\/wp\/v2\/categories?post=974692"},{"taxonomy":"post_tag","embeddable":true,"href":"https:\/\/www.cnbb.org.br\/cnbb-app\/wp\/v2\/tags?post=974692"}],"curies":[{"name":"wp","href":"https:\/\/api.w.org\/{rel}","templated":true}]}}