{"id":974903,"date":"2024-12-10T09:43:35","date_gmt":"2024-12-10T12:43:35","guid":{"rendered":"https:\/\/www.cnbb.org.br\/?p=974903"},"modified":"2024-12-11T15:37:02","modified_gmt":"2024-12-11T18:37:02","slug":"viver-o-advento-com-sao-jose","status":"publish","type":"post","link":"https:\/\/www.cnbb.org.br\/viver-o-advento-com-sao-jose\/","title":{"rendered":"Viver o Advento com S\u00e3o Jos\u00e9"},"content":{"rendered":"<div data-olk-copy-source=\"MessageBody\">\n<div style=\"text-align: right;\"><strong>Dom Carlos Jos\u00e9<\/strong><\/div>\n<div style=\"text-align: right;\"><strong>Bispo de Apucarana (PR)<\/strong><\/div>\n<div><\/div>\n<\/div>\n<div class=\"x_elementToProof\" data-olk-copy-source=\"MessageBody\"><\/div>\n<div class=\"x_elementToProof\"><\/div>\n<div class=\"x_elementToProof\" style=\"text-align: justify;\">\u201cJos\u00e9, filho de Davi, n\u00e3o temas receber Maria por esposa, pois o que Nela foi concebido vem do Esp\u00edrito Santo.\u201d (Mt 1,20).<\/div>\n<div class=\"x_elementToProof\"><\/div>\n<div class=\"x_elementToProof\" style=\"text-align: justify;\">S\u00e3o Jos\u00e9, pai terreno de Jesus, poucas vezes citado nas Sagradas Escrituras, n\u00e3o pode ser por n\u00f3s esquecido neste tempo em que nos preparamos para o Santo Natal. Assim como a Virgem Maria, Jos\u00e9, \u00e0 sua maneira, disse sim aos planos de Deus para sua vida, assumindo M\u00e3e e Filho, conforme a vontade de Deus. Suas a\u00e7\u00f5es, atitudes e gestos falam por si. Seu Sim foi expressado com sua vida dedicada a cuidar de Jesus e da Virgem Maria, a partir do momento em que o Anjo do Senhor lhe anuncia em sonho: \u201cEla dar\u00e1 \u00e0 Luz um filho, a quem por\u00e1s o nome de Jesus, porque Ele salvar\u00e1 o seu povo dos seus pecados.\u201d (Mt 1,21). Ao despertar, sem questionamentos ou d\u00favidas, Jos\u00e9, com a mesma disponibilidade da Virgem Maria, diz o seu Sim e a recebe como sua Esposa assumindo, com Ela, \u00a0o grande mist\u00e9rio de serem pais do Filho de Deus. Muito temos a aprender com S\u00e3o Jos\u00e9: f\u00e9, coragem, humildade, ora\u00e7\u00e3o, sil\u00eancio, justi\u00e7a, fidelidade a Deus e doa\u00e7\u00e3o de si mesmo. Vejamos que Jos\u00e9 tinha tudo para abandonar Maria, mas escolhe ficar. E n\u00f3s, diante das adversidades, fugimos ou ficamos? Jos\u00e9 acreditou no an\u00fancio do Anjo, pois era um homem de f\u00e9 e de ora\u00e7\u00e3o. Sua f\u00e9 o levou a permanecer onde Deus o havia colocado: ao lado de Jesus e de Maria, enfrentando as lutas de cada dia, provendo o sustento de sua fam\u00edlia com o trabalho de suas m\u00e3os. Jos\u00e9, \u00a0foi sustentado pela f\u00e9 e, com coragem, tudo fez para proteger aqueles que lhe foram confiados. Jos\u00e9 silenciou diante das m\u00e1s l\u00ednguas que os julgavam pela gravidez antes do casamento, pois sabia que o Mist\u00e9rio fora lhe confiado por Deus e s\u00f3 eles pertenciam. Humilde e fiel aos princ\u00edpios divinos, Jos\u00e9 ainda hoje nos ensina que quanto mais nos doamos a Deus mais agraciados somos. Que, muitas vezes, \u00a0o sil\u00eancio diz mais que muitas palavras; que a ora\u00e7\u00e3o cont\u00ednua nos fortalece e nos aproxima do Pai; que o servir a Deus \u00e9 o melhor caminho para a santidade. Enfim, S\u00e3o Jos\u00e9, homem Justo e Santo, nos ensina a fazermos deste Advento um caminho centrado em Deus, obedientes \u00e0 sua Vontade, mesmo quando n\u00e3o entendemos o Seu querer; \u00a0a amarmos devotamente a Virgem Maria para acolhermos novamente o Verbo Divino e com Ele, os irm\u00e3os e irm\u00e3s que necessitam de n\u00f3s para conhecer e sentir o Amor de Jesus e a presen\u00e7a da Senhora M\u00e3e de Deus e nossa. S\u00e3o Jos\u00e9, vinde em nosso aux\u00edlio!<\/div>\n<div class=\"x_elementToProof\"><\/div>\n<div><\/div>\n<div class=\"x_elementToProof\"><\/div>\n<div id=\"x_Signature\" class=\"x_elementToProof\">\n<div id=\"x_divtagdefaultwrapper\" dir=\"ltr\"><\/div>\n<div id=\"x_divtagdefaultwrapper\" dir=\"ltr\">\n<div><\/div>\n<\/div>\n<\/div>\n","protected":false},"excerpt":{"rendered":"<p>Dom Carlos Jos\u00e9 Bispo de Apucarana (PR) \u201cJos\u00e9, filho de Davi, n\u00e3o temas receber Maria por esposa, pois o que Nela foi concebido vem do Esp\u00edrito Santo.\u201d (Mt 1,20). S\u00e3o Jos\u00e9, pai terreno de Jesus, poucas vezes citado nas Sagradas Escrituras, n\u00e3o pode ser por n\u00f3s esquecido neste tempo em que nos preparamos para o &hellip;<\/p>\n<p class=\"read-more\"> <a class=\"\" href=\"https:\/\/www.cnbb.org.br\/viver-o-advento-com-sao-jose\/\"> <span class=\"screen-reader-text\">Viver o Advento com S\u00e3o Jos\u00e9<\/span> Leia mais &raquo;<\/a><\/p>\n","protected":false},"author":101,"featured_media":0,"comment_status":"closed","ping_status":"closed","sticky":false,"template":"","format":"standard","meta":{"site-sidebar-layout":"default","site-content-layout":"default","ast-global-header-display":"","ast-banner-title-visibility":"","ast-main-header-display":"","ast-hfb-above-header-display":"","ast-hfb-below-header-display":"","ast-hfb-mobile-header-display":"","site-post-title":"","ast-breadcrumbs-content":"","ast-featured-img":"","footer-sml-layout":"","theme-transparent-header-meta":"default","adv-header-id-meta":"","stick-header-meta":"","header-above-stick-meta":"","header-main-stick-meta":"","header-below-stick-meta":""},"categories":[758,1837],"tags":[],"acf":[],"_links":{"self":[{"href":"https:\/\/www.cnbb.org.br\/cnbb-app\/wp\/v2\/posts\/974903"}],"collection":[{"href":"https:\/\/www.cnbb.org.br\/cnbb-app\/wp\/v2\/posts"}],"about":[{"href":"https:\/\/www.cnbb.org.br\/cnbb-app\/wp\/v2\/types\/post"}],"author":[{"embeddable":true,"href":"https:\/\/www.cnbb.org.br\/cnbb-app\/wp\/v2\/users\/101"}],"replies":[{"embeddable":true,"href":"https:\/\/www.cnbb.org.br\/cnbb-app\/wp\/v2\/comments?post=974903"}],"version-history":[{"count":3,"href":"https:\/\/www.cnbb.org.br\/cnbb-app\/wp\/v2\/posts\/974903\/revisions"}],"predecessor-version":[{"id":974906,"href":"https:\/\/www.cnbb.org.br\/cnbb-app\/wp\/v2\/posts\/974903\/revisions\/974906"}],"wp:attachment":[{"href":"https:\/\/www.cnbb.org.br\/cnbb-app\/wp\/v2\/media?parent=974903"}],"wp:term":[{"taxonomy":"category","embeddable":true,"href":"https:\/\/www.cnbb.org.br\/cnbb-app\/wp\/v2\/categories?post=974903"},{"taxonomy":"post_tag","embeddable":true,"href":"https:\/\/www.cnbb.org.br\/cnbb-app\/wp\/v2\/tags?post=974903"}],"curies":[{"name":"wp","href":"https:\/\/api.w.org\/{rel}","templated":true}]}}