{"id":975040,"date":"2024-12-12T12:22:32","date_gmt":"2024-12-12T15:22:32","guid":{"rendered":"https:\/\/www.cnbb.org.br\/?p=975040"},"modified":"2024-12-12T13:01:14","modified_gmt":"2024-12-12T16:01:14","slug":"3o-domingo-do-advento-5","status":"publish","type":"post","link":"https:\/\/www.cnbb.org.br\/3o-domingo-do-advento-5\/","title":{"rendered":"3\u00ba Domingo do Advento"},"content":{"rendered":"<p style=\"text-align: right;\"><b><span data-contrast=\"auto\">Dom Carmo Jo\u00e3o Rhoden<\/span><\/b><span data-ccp-props=\"{&quot;201341983&quot;:0,&quot;335551550&quot;:2,&quot;335551620&quot;:2,&quot;335559739&quot;:160,&quot;335559740&quot;:259}\"><br \/>\n<\/span><b><span data-contrast=\"auto\">Bispo Em\u00e9rito de Taubat\u00e9 (SP)<\/span><\/b><span data-ccp-props=\"{&quot;201341983&quot;:0,&quot;335551550&quot;:2,&quot;335551620&quot;:2,&quot;335559739&quot;:160,&quot;335559740&quot;:259}\">\u00a0<\/span><\/p>\n<p>&nbsp;<\/p>\n<p style=\"text-align: justify;\">\n<p style=\"text-align: justify;\"><span data-contrast=\"auto\">3\u00ba Domingo do Advento. 15\/12\/24. (Lc 3, 10-18)<\/span><span data-ccp-props=\"{&quot;201341983&quot;:0,&quot;335551550&quot;:2,&quot;335551620&quot;:2,&quot;335559739&quot;:160,&quot;335559740&quot;:259}\">\u00a0<\/span><\/p>\n<p style=\"text-align: justify;\"><i><span data-contrast=\"auto\">Texto iluminador: \u201cEle traz a p\u00e1 em sua m\u00e3o para limpar a eira, afim de guardar o trigo no celeiro, mas a palha ele queimar\u00e1 num fogo que n\u00e3o se apaga\u201d. (Lc 3, 17).<\/span><\/i><span data-ccp-props=\"{&quot;201341983&quot;:0,&quot;335551550&quot;:6,&quot;335551620&quot;:6,&quot;335559739&quot;:160,&quot;335559740&quot;:259}\">\u00a0<\/span><\/p>\n<p style=\"text-align: justify;\"><span data-contrast=\"auto\">1 \u2013 O terceiro domingo do Advento anuncia a alegria e requer convers\u00e3o. De fato, n\u00e3o haver\u00e1 alegria, onde n\u00e3o houver melhoria de vida: \u00e9 preciso, melhorar, buscar a santifica\u00e7\u00e3o. Jo\u00e3o Batista, frisa a import\u00e2ncia da vida moral. Jesus n\u00e3o trouxe apenas um novo estilo de vida, uma nova religi\u00e3o, mas um novo modo de ser pensar e agir. Por isso, se exige sempre vida de convers\u00e3o dos disc\u00edpulos de Cristo.<\/span><span data-ccp-props=\"{&quot;201341983&quot;:0,&quot;335551550&quot;:6,&quot;335551620&quot;:6,&quot;335559739&quot;:160,&quot;335559740&quot;:259}\">\u00a0<\/span><\/p>\n<p style=\"text-align: justify;\"><span data-contrast=\"auto\">2 \u2013 Repito: cristianismo n\u00e3o visa apenas levar as pessoas para a Igreja, mas a Deus pelo culto e aos irm\u00e3os pela solidariedade. Isto \u00e9 essencial. Sempre. Mas, de modo especial, no mundo atual: ganancioso, materialista e voltada aos prazeres. Est\u00e1 esquecendo a dimens\u00e3o transcendente da exist\u00eancia.<\/span><span data-ccp-props=\"{&quot;201341983&quot;:0,&quot;335551550&quot;:6,&quot;335551620&quot;:6,&quot;335559739&quot;:160,&quot;335559740&quot;:259}\">\u00a0<\/span><\/p>\n<p style=\"text-align: justify;\"><span data-contrast=\"auto\">3 \u2013 Tamb\u00e9m, hoje, Batistas ainda existem e sinalizam pra Jesus Cristo e o indicam presente em nossa sociedade, mesmo que n\u00e3o tenha tanto trabalho\u2026, pois, os homens modernos n\u00e3o gostam de frequentar Sua evangeliza\u00e7\u00e3o. O que responderia o Mestre aos interpelantes hodiornos? talvez fosse o quanto segue: \u201cn\u00e3o sejas injusto\u201d. \u201cn\u00e3o vos queirais, valer dos vossos empregos fun\u00e7\u00f5es, para extorquir.\u201d \u201cn\u00e3o useis da pol\u00edtica para enriquecerdes, nem do vosso poder, para dele vos aproveitardes\u201d. \u201clembrai-vos, de que alguns, s\u00f3 recebem o sal\u00e1rio-m\u00ednimo, porque v\u00f3s recebeis demais.\u201d Somente isso? N\u00e3o. Perguntar-nos-ia: \u201cvossa consci\u00eancia n\u00e3o vos acusa\u201d? ent\u00e3o, o Reino dos c\u00e9us vos pertence.\u00a0<\/span><span data-ccp-props=\"{&quot;201341983&quot;:0,&quot;335551550&quot;:6,&quot;335551620&quot;:6,&quot;335559739&quot;:160,&quot;335559740&quot;:259}\">\u00a0<\/span><\/p>\n<p style=\"text-align: justify;\"><span data-contrast=\"auto\">Boa prepara\u00e7\u00e3o para o santo Natal!<\/span><span data-ccp-props=\"{&quot;201341983&quot;:0,&quot;335551550&quot;:6,&quot;335551620&quot;:6,&quot;335559739&quot;:160,&quot;335559740&quot;:259}\">\u00a0<\/span><\/p>\n<p style=\"text-align: justify;\"><span data-ccp-props=\"{&quot;201341983&quot;:0,&quot;335551550&quot;:6,&quot;335551620&quot;:6,&quot;335559739&quot;:160,&quot;335559740&quot;:259}\">\u00a0<\/span><\/p>\n<p style=\"text-align: justify;\"><span data-ccp-props=\"{&quot;201341983&quot;:0,&quot;335551550&quot;:6,&quot;335551620&quot;:6,&quot;335559739&quot;:160,&quot;335559740&quot;:259}\">\u00a0<\/span><\/p>\n<p style=\"text-align: justify;\">\n","protected":false},"excerpt":{"rendered":"<p>Dom Carmo Jo\u00e3o Rhoden Bispo Em\u00e9rito de Taubat\u00e9 (SP)\u00a0 &nbsp; 3\u00ba Domingo do Advento. 15\/12\/24. (Lc 3, 10-18)\u00a0 Texto iluminador: \u201cEle traz a p\u00e1 em sua m\u00e3o para limpar a eira, afim de guardar o trigo no celeiro, mas a palha ele queimar\u00e1 num fogo que n\u00e3o se apaga\u201d. (Lc 3, 17).\u00a0 1 \u2013 O &hellip;<\/p>\n<p class=\"read-more\"> <a class=\"\" href=\"https:\/\/www.cnbb.org.br\/3o-domingo-do-advento-5\/\"> <span class=\"screen-reader-text\">3\u00ba Domingo do Advento<\/span> Leia mais &raquo;<\/a><\/p>\n","protected":false},"author":132,"featured_media":0,"comment_status":"closed","ping_status":"closed","sticky":false,"template":"","format":"standard","meta":{"site-sidebar-layout":"default","site-content-layout":"default","ast-global-header-display":"","ast-banner-title-visibility":"","ast-main-header-display":"","ast-hfb-above-header-display":"","ast-hfb-below-header-display":"","ast-hfb-mobile-header-display":"","site-post-title":"","ast-breadcrumbs-content":"","ast-featured-img":"","footer-sml-layout":"","theme-transparent-header-meta":"default","adv-header-id-meta":"","stick-header-meta":"","header-above-stick-meta":"","header-main-stick-meta":"","header-below-stick-meta":""},"categories":[758],"tags":[],"acf":[],"_links":{"self":[{"href":"https:\/\/www.cnbb.org.br\/cnbb-app\/wp\/v2\/posts\/975040"}],"collection":[{"href":"https:\/\/www.cnbb.org.br\/cnbb-app\/wp\/v2\/posts"}],"about":[{"href":"https:\/\/www.cnbb.org.br\/cnbb-app\/wp\/v2\/types\/post"}],"author":[{"embeddable":true,"href":"https:\/\/www.cnbb.org.br\/cnbb-app\/wp\/v2\/users\/132"}],"replies":[{"embeddable":true,"href":"https:\/\/www.cnbb.org.br\/cnbb-app\/wp\/v2\/comments?post=975040"}],"version-history":[{"count":2,"href":"https:\/\/www.cnbb.org.br\/cnbb-app\/wp\/v2\/posts\/975040\/revisions"}],"predecessor-version":[{"id":975042,"href":"https:\/\/www.cnbb.org.br\/cnbb-app\/wp\/v2\/posts\/975040\/revisions\/975042"}],"wp:attachment":[{"href":"https:\/\/www.cnbb.org.br\/cnbb-app\/wp\/v2\/media?parent=975040"}],"wp:term":[{"taxonomy":"category","embeddable":true,"href":"https:\/\/www.cnbb.org.br\/cnbb-app\/wp\/v2\/categories?post=975040"},{"taxonomy":"post_tag","embeddable":true,"href":"https:\/\/www.cnbb.org.br\/cnbb-app\/wp\/v2\/tags?post=975040"}],"curies":[{"name":"wp","href":"https:\/\/api.w.org\/{rel}","templated":true}]}}