{"id":975155,"date":"2024-12-22T09:04:56","date_gmt":"2024-12-22T12:04:56","guid":{"rendered":"https:\/\/www.cnbb.org.br\/?p=975155"},"modified":"2024-12-16T09:12:03","modified_gmt":"2024-12-16T12:12:03","slug":"4-domingo-do-advento-2","status":"publish","type":"post","link":"https:\/\/www.cnbb.org.br\/4-domingo-do-advento-2\/","title":{"rendered":"4\u00b0 Domingo do Advento\u00a0"},"content":{"rendered":"<p style=\"text-align: right;\"><b><span data-contrast=\"auto\">Cardeal Orani Jo\u00e3o Tempesta<br \/>\n<\/span><\/b><b><span data-contrast=\"auto\">Arcebispo do Rio de Janeiro (RJ)<\/span><\/b><\/p>\n<p style=\"text-align: right;\"><span data-ccp-props=\"{&quot;201341983&quot;:0,&quot;335551550&quot;:3,&quot;335551620&quot;:3,&quot;335559731&quot;:708,&quot;335559739&quot;:160,&quot;335559740&quot;:259}\">\u00a0<\/span><\/p>\n<p style=\"text-align: justify;\">\n<p style=\"text-align: justify;\"><i><span data-contrast=\"auto\">\u201cIluminai a vossa face sobre n\u00f3s, convertei-nos para que sejamos salvos\u201d! (Sl 79\/80)<\/span><\/i><span data-ccp-props=\"{&quot;201341983&quot;:0,&quot;335551550&quot;:2,&quot;335551620&quot;:2,&quot;335559739&quot;:160,&quot;335559740&quot;:259}\">\u00a0<\/span><\/p>\n<p style=\"text-align: justify;\"><span data-contrast=\"auto\">Celebramos neste domingo, o quarto do tempo do Advento. Hoje acenderemos a quarta vela da coroa do Advento, significando que a luz se aproxima de n\u00f3s, daqui a dois dias celebraremos o Natal do Senhor. As leituras que est\u00e3o sendo proclamadas nas missas nesses dias nos aproximam mais ainda daquilo que estamos para celebrar.\u00a0<\/span><span data-ccp-props=\"{&quot;201341983&quot;:0,&quot;335551550&quot;:6,&quot;335551620&quot;:6,&quot;335559731&quot;:708,&quot;335559739&quot;:160,&quot;335559740&quot;:259}\">\u00a0<\/span><\/p>\n<p style=\"text-align: justify;\"><span data-contrast=\"auto\">O tempo do Advento \u00e9 curto, quando damos conta j\u00e1 passou, at\u00e9 devido \u00e0 correria do fim de ano, com confraterniza\u00e7\u00f5es no trabalho, fim das aulas das crian\u00e7as e compras para a ceia de Natal e ano novo. Muitas vezes n\u00f3s nos preocupamos em preparar as festas familiares e das firmas e empresas e nos esquecemos de preparar a festa espiritual. Para a festa espiritual a nossa prepara\u00e7\u00e3o \u00e9 atrav\u00e9s da ora\u00e7\u00e3o e vigil\u00e2ncia, e por meio da confiss\u00e3o sacramental para celebrarmos o Natal de maneira limpa e pura.\u00a0<\/span><span data-ccp-props=\"{&quot;201341983&quot;:0,&quot;335551550&quot;:6,&quot;335551620&quot;:6,&quot;335559731&quot;:708,&quot;335559739&quot;:160,&quot;335559740&quot;:259}\">\u00a0<\/span><\/p>\n<p style=\"text-align: justify;\"><span data-contrast=\"auto\">Do mesmo modo que arrumamos e limpamos a nossa casa para que ela fique bonita, sobretudo para receber familiares e amigos para uma grande festa, temos que limpar o nosso cora\u00e7\u00e3o e a nossa vida para acolher o menino Jesus que chegar\u00e1 no Natal. O verdadeiro sentido do Natal \u00e9 acolher a luz que se aproxima que \u00e9 Jesus, por isso acendemos as velas da coroa do Advento. Ao acolher essa luz no Natal que \u00e9 Jesus somos convidados a ser luz na vida dos outros, e s\u00f3 seremos luz na vida dos outros se estivermos com a nossa vida sacramental em dia e ter acolhido Jesus.\u00a0<\/span><span data-ccp-props=\"{&quot;201341983&quot;:0,&quot;335551550&quot;:6,&quot;335551620&quot;:6,&quot;335559731&quot;:708,&quot;335559739&quot;:160,&quot;335559740&quot;:259}\">\u00a0<\/span><\/p>\n<p style=\"text-align: justify;\"><span data-contrast=\"auto\">Celebramos h\u00e1 poucos dias a festa de Nossa Senhora da Expecta\u00e7\u00e3o , N. Sra. do Parto, ou simplesmente Nossa Senhora do \u00d3: somos convidados a nutrir no cora\u00e7\u00e3o a mesma expectativa que Nossa Senhora sentia nesses dias antes de conceber Jesus. Uma alegria tomava conta de Nossa Senhora, mesmo diante das dificuldades que a rodeava, e temos que ter a mesma alegria que envolvia Nossa Senhora, pois o crist\u00e3o n\u00e3o \u00e9 triste ou melanc\u00f3lico, mas feliz. Nutrir uma vida espiritual e de ora\u00e7\u00e3o nos torna mais felizes.\u00a0<\/span><span data-ccp-props=\"{&quot;201341983&quot;:0,&quot;335551550&quot;:6,&quot;335551620&quot;:6,&quot;335559731&quot;:708,&quot;335559739&quot;:160,&quot;335559740&quot;:259}\">\u00a0<\/span><\/p>\n<p style=\"text-align: justify;\"><span data-contrast=\"auto\">A primeira leitura da missa desse domingo \u00e9 da profecia de Miqueias <\/span><i><span data-contrast=\"auto\">(Mq 5,1-4a), <\/span><\/i><span data-contrast=\"auto\">nesse trecho da leitura o profeta a exemplo dos outros profetas anuncia tempos de paz para Israel, e que em pouco tempo Deus enviaria o Messias, o desejado por todas as na\u00e7\u00f5es, e sua origem vem desde os tempos remotos, ou seja, ao criar o mundo Deus Pai o criou em comunh\u00e3o com o Filho e o Esp\u00edrito Santo. Deus Pai usou de sabedoria e em momentos certos da hist\u00f3ria revelou o Filho e depois o Esp\u00edrito Santo.\u00a0<\/span><span data-ccp-props=\"{&quot;201341983&quot;:0,&quot;335551550&quot;:6,&quot;335551620&quot;:6,&quot;335559731&quot;:708,&quot;335559739&quot;:160,&quot;335559740&quot;:259}\">\u00a0<\/span><\/p>\n<p style=\"text-align: justify;\"><span data-contrast=\"auto\">O profeta refere-se a Nossa Senhora quando diz que uma mulher dar\u00e1 \u00e0 luz, o filho que nascer ser\u00e1 a Paz, o Emanuel, o Deus conosco, e todos os povos da terra se voltar\u00e3o para Ele. Por isso, Jesus \u00e9 predito pelos profetas e esperado por todas as na\u00e7\u00f5es, e desde a cria\u00e7\u00e3o do mundo Deus Pai sabia o momento certo de revel\u00e1-lo a todos n\u00f3s.\u00a0<\/span><span data-ccp-props=\"{&quot;201341983&quot;:0,&quot;335551550&quot;:6,&quot;335551620&quot;:6,&quot;335559731&quot;:708,&quot;335559739&quot;:160,&quot;335559740&quot;:259}\">\u00a0<\/span><\/p>\n<p style=\"text-align: justify;\"><span data-contrast=\"auto\">O salmo responsorial \u00e9 o <\/span><i><span data-contrast=\"auto\">79(80), <\/span><\/i><span data-contrast=\"auto\">que diz em seu refr\u00e3o: \u201c<\/span><i><span data-contrast=\"auto\">Iluminai a vossa face sobre n\u00f3s, convertei-nos para que sejamos salvos\u201d! <\/span><\/i><span data-contrast=\"auto\">Meus irm\u00e3os, hoje que se completa a coroa do Advento e sentimos o Senhor mais perto de n\u00f3s, pe\u00e7amos que Ele ilumine a sua face sobre n\u00f3s, e nos indique o caminho certo a seguir. Ao ser iluminados pela luz de Cristo pe\u00e7amos que Ele converta o nosso cora\u00e7\u00e3o e o de nossos parentes e amigos para que celebremos o verdadeiro Natal.\u00a0<\/span><span data-ccp-props=\"{&quot;201341983&quot;:0,&quot;335551550&quot;:6,&quot;335551620&quot;:6,&quot;335559731&quot;:708,&quot;335559739&quot;:160,&quot;335559740&quot;:259}\">\u00a0<\/span><\/p>\n<p style=\"text-align: justify;\"><span data-contrast=\"auto\">A segunda leitura \u00e9 da carta aos Hebreus (<\/span><i><span data-contrast=\"auto\">Hb 10,5-10), <\/span><\/i><span data-contrast=\"auto\">o autor sagrado disse que Jesus ao ser concebido e habitar entre n\u00f3s fez em tudo a vontade de Deus, inclusive morrer na Cruz como v\u00edtima de holocausto para salvar a todos n\u00f3s. Jesus, o verbo encarnado, veio ao mundo para fazer em tudo a vontade do Pai, Ele sabia que sua miss\u00e3o era resgatar a humanidade do pecado. Nos dias de hoje n\u00e3o \u00e9 mais necess\u00e1rio oferecer sacrif\u00edcios e holocaustos pelo pecado, pois Cristo j\u00e1 se ofereceu de uma vez por todas na cruz.\u00a0<\/span><span data-ccp-props=\"{&quot;201341983&quot;:0,&quot;335551550&quot;:6,&quot;335551620&quot;:6,&quot;335559731&quot;:708,&quot;335559739&quot;:160,&quot;335559740&quot;:259}\">\u00a0<\/span><\/p>\n<p style=\"text-align: justify;\"><span data-contrast=\"auto\">O Evangelho da missa desse Domingo \u00e9 de Lucas (<\/span><i><span data-contrast=\"auto\">Lc 1,39-45), <\/span><\/i><span data-contrast=\"auto\">nesse trecho do Evangelho<\/span> <span data-contrast=\"auto\">Lucas narra a passagem em que ap\u00f3s o an\u00fancio do Anjo Gabriel feito a Virgem Maria, ela vai apressadamente a uma regi\u00e3o montanhosa da Jud\u00e9ia para colocar-se a servi\u00e7o de sua prima Izabel. Santa Izabel, tamb\u00e9m ficou gravida por interm\u00e9dio divino, ou seja, Izabel era est\u00e9ril e de idade avan\u00e7ada, mas por obra divina ficou gravida de Jo\u00e3o Batista.\u00a0<\/span><span data-ccp-props=\"{&quot;201341983&quot;:0,&quot;335551550&quot;:6,&quot;335551620&quot;:6,&quot;335559731&quot;:708,&quot;335559739&quot;:160,&quot;335559740&quot;:259}\">\u00a0<\/span><\/p>\n<p style=\"text-align: justify;\"><span data-contrast=\"auto\">Izabel ao receber Maria fica \u201ccheia\u201d do Esp\u00edrito Santo, pois Maria ao receber o an\u00fancio de que seria M\u00e3e do Salvador, fica \u201ccheia\u201d do Esp\u00edrito Santo. O Anjo Gabriel lhe disse quando a visitou: <\/span><i><span data-contrast=\"auto\">\u201cAve, Cheia de Gra\u00e7a\u201d<\/span><\/i><span data-contrast=\"auto\">, e por obra do Esp\u00edrito Santo Nossa Senhora gera Jesus. Maria, n\u00e3o guarda para si o Esp\u00edrito Santo que estava n\u2019Ela, mas transmite a sua prima Izabel, e Izabel e Jo\u00e3o Batista que estava em seu ventre ficam cheios do Esp\u00edrito Santo.\u00a0\u00a0<\/span><span data-ccp-props=\"{&quot;201341983&quot;:0,&quot;335551550&quot;:6,&quot;335551620&quot;:6,&quot;335559731&quot;:708,&quot;335559739&quot;:160,&quot;335559740&quot;:259}\">\u00a0<\/span><\/p>\n<p style=\"text-align: justify;\"><span data-contrast=\"auto\">Somos convidados a fazer como Maria, n\u00e3o guardar para n\u00f3s a alegria que recebemos com o an\u00fancio da mensagem da Palavra de Deus, mas sair ao encontro do outro e transmitir essa alegria que vem da Palavra de Deus. Temos que nos colocar a servi\u00e7o do outro, e nos encher do esp\u00edrito de comunh\u00e3o, para melhor servir aos irm\u00e3os. Transmitir aos outros a luz que Cristo acender\u00e1 em nossos cora\u00e7\u00f5es nesse Natal.\u00a0<\/span><span data-ccp-props=\"{&quot;201341983&quot;:0,&quot;335551550&quot;:6,&quot;335551620&quot;:6,&quot;335559731&quot;:708,&quot;335559739&quot;:160,&quot;335559740&quot;:259}\">\u00a0<\/span><\/p>\n<p style=\"text-align: justify;\"><span data-contrast=\"auto\">Pe\u00e7amos ao Senhor que nos encha da for\u00e7a do Esp\u00edrito Santo, da mesma forma que Izabel e Jo\u00e3o Batista ficaram ao receber Maria e transmitamos esse Esp\u00edrito Santo para aqueles que se aproximam de n\u00f3s. Contagiemos o mundo da alegria que adv\u00e9m do Esp\u00edrito Santo. Que por meio da a\u00e7\u00e3o do Esp\u00edrito Santo sejamos profetas nos dias de hoje.<\/span><span data-ccp-props=\"{&quot;201341983&quot;:0,&quot;335551550&quot;:6,&quot;335551620&quot;:6,&quot;335559731&quot;:708,&quot;335559739&quot;:160,&quot;335559740&quot;:259}\">\u00a0<\/span><\/p>\n<p style=\"text-align: justify;\"><span data-contrast=\"auto\">Celebremos com alegria esse quarto Domingo do Advento, na certeza de que o Senhor h\u00e1 de chegar na noite de Natal e que ao chegar, nos encontre vigilantes e orantes, com o cora\u00e7\u00e3o cheio de alegria e gratid\u00e3o por recebemos t\u00e3o grande presente. Que o Esp\u00edrito Santo nos conduza ao encontro daqueles que mais precisam.<\/span><span data-ccp-props=\"{&quot;201341983&quot;:0,&quot;335551550&quot;:6,&quot;335551620&quot;:6,&quot;335559731&quot;:708,&quot;335559739&quot;:160,&quot;335559740&quot;:259}\">\u00a0<\/span><\/p>\n<p>&nbsp;<\/p>\n<p><span data-ccp-props=\"{&quot;201341983&quot;:0,&quot;335551550&quot;:6,&quot;335551620&quot;:6,&quot;335559731&quot;:708,&quot;335559739&quot;:160,&quot;335559740&quot;:259}\">\u00a0<\/span><\/p>\n<p><span data-ccp-props=\"{&quot;201341983&quot;:0,&quot;335551550&quot;:6,&quot;335551620&quot;:6,&quot;335559731&quot;:708,&quot;335559739&quot;:160,&quot;335559740&quot;:259}\">\u00a0<\/span><\/p>\n<p><span data-ccp-props=\"{&quot;201341983&quot;:0,&quot;335551550&quot;:6,&quot;335551620&quot;:6,&quot;335559731&quot;:708,&quot;335559739&quot;:160,&quot;335559740&quot;:259}\">\u00a0<\/span><\/p>\n","protected":false},"excerpt":{"rendered":"<p>Cardeal Orani Jo\u00e3o Tempesta Arcebispo do Rio de Janeiro (RJ) \u00a0 \u201cIluminai a vossa face sobre n\u00f3s, convertei-nos para que sejamos salvos\u201d! (Sl 79\/80)\u00a0 Celebramos neste domingo, o quarto do tempo do Advento. Hoje acenderemos a quarta vela da coroa do Advento, significando que a luz se aproxima de n\u00f3s, daqui a dois dias celebraremos &hellip;<\/p>\n<p class=\"read-more\"> <a class=\"\" href=\"https:\/\/www.cnbb.org.br\/4-domingo-do-advento-2\/\"> <span class=\"screen-reader-text\">4\u00b0 Domingo do Advento\u00a0<\/span> Leia mais &raquo;<\/a><\/p>\n","protected":false},"author":31,"featured_media":0,"comment_status":"closed","ping_status":"closed","sticky":false,"template":"","format":"standard","meta":{"site-sidebar-layout":"default","site-content-layout":"default","ast-global-header-display":"","ast-banner-title-visibility":"","ast-main-header-display":"","ast-hfb-above-header-display":"","ast-hfb-below-header-display":"","ast-hfb-mobile-header-display":"","site-post-title":"","ast-breadcrumbs-content":"","ast-featured-img":"","footer-sml-layout":"","theme-transparent-header-meta":"default","adv-header-id-meta":"","stick-header-meta":"","header-above-stick-meta":"","header-main-stick-meta":"","header-below-stick-meta":""},"categories":[758],"tags":[],"acf":[],"_links":{"self":[{"href":"https:\/\/www.cnbb.org.br\/cnbb-app\/wp\/v2\/posts\/975155"}],"collection":[{"href":"https:\/\/www.cnbb.org.br\/cnbb-app\/wp\/v2\/posts"}],"about":[{"href":"https:\/\/www.cnbb.org.br\/cnbb-app\/wp\/v2\/types\/post"}],"author":[{"embeddable":true,"href":"https:\/\/www.cnbb.org.br\/cnbb-app\/wp\/v2\/users\/31"}],"replies":[{"embeddable":true,"href":"https:\/\/www.cnbb.org.br\/cnbb-app\/wp\/v2\/comments?post=975155"}],"version-history":[{"count":2,"href":"https:\/\/www.cnbb.org.br\/cnbb-app\/wp\/v2\/posts\/975155\/revisions"}],"predecessor-version":[{"id":975157,"href":"https:\/\/www.cnbb.org.br\/cnbb-app\/wp\/v2\/posts\/975155\/revisions\/975157"}],"wp:attachment":[{"href":"https:\/\/www.cnbb.org.br\/cnbb-app\/wp\/v2\/media?parent=975155"}],"wp:term":[{"taxonomy":"category","embeddable":true,"href":"https:\/\/www.cnbb.org.br\/cnbb-app\/wp\/v2\/categories?post=975155"},{"taxonomy":"post_tag","embeddable":true,"href":"https:\/\/www.cnbb.org.br\/cnbb-app\/wp\/v2\/tags?post=975155"}],"curies":[{"name":"wp","href":"https:\/\/api.w.org\/{rel}","templated":true}]}}