{"id":975173,"date":"2024-12-16T12:52:33","date_gmt":"2024-12-16T15:52:33","guid":{"rendered":"https:\/\/www.cnbb.org.br\/?p=975173"},"modified":"2024-12-16T12:53:19","modified_gmt":"2024-12-16T15:53:19","slug":"o-natal-esta-proximo-2","status":"publish","type":"post","link":"https:\/\/www.cnbb.org.br\/o-natal-esta-proximo-2\/","title":{"rendered":"O Natal est\u00e1 pr\u00f3ximo\u00a0"},"content":{"rendered":"<div class=\"x_elementToProof\" style=\"text-align: right;\" align=\"justify\" data-olk-copy-source=\"MessageBody\"><strong>Dom Antonio Carlos Rossi Keller<\/strong><\/div>\n<div class=\"x_elementToProof\" style=\"text-align: right;\" align=\"justify\"><strong>Bispo de Frederico Westphalen (RS)<\/strong><\/div>\n<div class=\"x_elementToProof\"><\/div>\n<p style=\"text-align: justify;\"><span data-ccp-props=\"{&quot;201341983&quot;:0,&quot;335551550&quot;:2,&quot;335551620&quot;:2,&quot;335559739&quot;:140,&quot;335559740&quot;:360}\"><\/p>\n<p><\/span><\/p>\n<p style=\"text-align: justify;\"><span data-contrast=\"auto\">O 4\u00ba Domingo do Advento marca a proximidade do Natal, um tempo de espera e prepara\u00e7\u00e3o imediatas para a vinda do Senhor. A liturgia deste domingo convida os fi\u00e9is a refletirem sobre a import\u00e2ncia da encarna\u00e7\u00e3o de Cristo e a figura de Maria, que desempenha um papel central na hist\u00f3ria da salva\u00e7\u00e3o. Neste contexto, a Igreja nos chama a contemplar a humildade e a grandeza do plano divino, que se concretiza na vinda do Salvador, e a nos prepararmos para acolher esse mist\u00e9rio em nossas vidas.<\/span><span data-ccp-props=\"{&quot;201341983&quot;:0,&quot;335551550&quot;:6,&quot;335551620&quot;:6,&quot;335559739&quot;:140,&quot;335559740&quot;:360}\">\u00a0<\/span><\/p>\n<p style=\"text-align: justify;\"><span data-contrast=\"auto\">A 1\u00aa <\/span><span data-contrast=\"auto\">Leitura (Miqueias 5:1- 4a) do profeta\u202f Miqueias<\/span><span data-contrast=\"auto\">\u202f<\/span><span data-contrast=\"auto\">profetiza o nascimento do Messias em Bel\u00e9m, uma cidade pequena, mas escolhida por Deus para trazer a salva\u00e7\u00e3o. O vers\u00edculo 2 destaca que de Bel\u00e9m sair\u00e1 aquele que ser\u00e1 o governante de Israel, enfatizando a humildade e a grandeza do plano divino. Este texto nos lembra que Deus escolhe frequentemente o que \u00e9 pequeno e desprezado para realizar Seus grandes prop\u00f3sitos. Miqueias nos apresenta a imagem de um governante que n\u00e3o apenas reinar\u00e1, mas que tamb\u00e9m ser\u00e1 um pastor que alimentar\u00e1 e cuidar\u00e1 do seu povo.<\/span><span data-ccp-props=\"{&quot;201341983&quot;:0,&quot;335551550&quot;:6,&quot;335551620&quot;:6,&quot;335559739&quot;:140,&quot;335559740&quot;:360}\">\u00a0<\/span><\/p>\n<p style=\"text-align: justify;\"><span data-contrast=\"auto\">O Salmo 80 \u00e9 uma s\u00faplica a Deus para que Ele se manifeste e salve o Seu povo. A repeti\u00e7\u00e3o do pedido para que Deus fa\u00e7a brilhar Seu rosto sobre n\u00f3s reflete a necessidade de Sua presen\u00e7a e ajuda. Este salmo \u00e9 um chamado \u00e0 confian\u00e7a em Deus, especialmente em tempos de dificuldade, e nos lembra que a salva\u00e7\u00e3o vem do Senhor. A invoca\u00e7\u00e3o de Deus como Pastor do Seu povo ressoa com a expectativa de que Ele venha em aux\u00edlio, trazendo restaura\u00e7\u00e3o e salva\u00e7\u00e3o.<\/span><span data-ccp-props=\"{&quot;201341983&quot;:0,&quot;335551550&quot;:6,&quot;335551620&quot;:6,&quot;335559739&quot;:140,&quot;335559740&quot;:360}\">\u00a0<\/span><\/p>\n<p style=\"text-align: justify;\"><span data-contrast=\"auto\">Na 2<\/span><span data-contrast=\"auto\">a<\/span> <span data-contrast=\"auto\">leitura (Hebreus 10:5-10), o autor sagrado reflete sobre a obedi\u00eancia de Cristo \u00e0 vontade do Pai, que se concretiza na sua encarna\u00e7\u00e3o. O vers\u00edculo 7 destaca a disposi\u00e7\u00e3o de Jesus em fazer a vontade de Deus, substituindo os sacrif\u00edcios do Antigo Testamento pela oferta de Si mesmo. Essa leitura nos convida a considerar a import\u00e2ncia da obedi\u00eancia e do sacrif\u00edcio na nossa pr\u00f3pria vida de f\u00e9. O autor enfatiza que, atrav\u00e9s da obla\u00e7\u00e3o do corpo de Jesus, somos santificados e chamados a viver segundo a vontade divina.<\/span><span data-ccp-props=\"{&quot;201341983&quot;:0,&quot;335551550&quot;:6,&quot;335551620&quot;:6,&quot;335559739&quot;:140,&quot;335559740&quot;:360}\">\u00a0<\/span><\/p>\n<p style=\"text-align: justify;\"><span data-contrast=\"auto\">O Evangelho de Lucas (Lucas<\/span><span data-contrast=\"auto\">\u202f<\/span><span data-contrast=\"auto\">1:39-45) narra a visita de Maria \u00e0 sua prima Isabel, que est\u00e1 gr\u00e1vida de Jo\u00e3o Batista. A alegria de Isabel ao ouvir a sauda\u00e7\u00e3o de Maria e a rea\u00e7\u00e3o do beb\u00ea em seu ventre ressaltam a import\u00e2ncia da presen\u00e7a de Cristo, mesmo antes de Seu nascimento. Este encontro \u00e9 um exemplo de como a f\u00e9 e a alegria se manifestam na vida dos que acolhem a presen\u00e7a de Deus. A sauda\u00e7\u00e3o de Maria n\u00e3o apenas traz alegria, mas tamb\u00e9m confirma a f\u00e9 de Isabel, que reconhece a maternidade divina de Maria.<\/span><span data-ccp-props=\"{&quot;201341983&quot;:0,&quot;335551550&quot;:6,&quot;335551620&quot;:6,&quot;335559739&quot;:140,&quot;335559740&quot;:360}\">\u00a0<\/span><\/p>\n<p style=\"text-align: justify;\"><span data-contrast=\"auto\">Queridos irm\u00e3os, durante esta semana, somos convidados a refletir sobre como podemos acolher a presen\u00e7a de Cristo em nossas vidas. Algumas sugest\u00f5es podem nos inspirar:<\/span><span data-ccp-props=\"{&quot;201341983&quot;:0,&quot;335551550&quot;:6,&quot;335551620&quot;:6,&quot;335559739&quot;:140,&quot;335559740&quot;:360}\">\u00a0<\/span><\/p>\n<p style=\"text-align: justify;\"><span data-contrast=\"auto\">Reservar um tempo di\u00e1rio para a ora\u00e7\u00e3o<\/span><span data-contrast=\"auto\">, especialmente com a leitura dos Evangelhos que falam do nascimento de Jesus, pedindo a Deus que se manifeste em nossas vidas e que ajude a reconhecer Sua presen\u00e7a.<\/span><span data-ccp-props=\"{&quot;201341983&quot;:0,&quot;335551550&quot;:6,&quot;335551620&quot;:6,&quot;335559739&quot;:140,&quot;335559740&quot;:360,&quot;469777462&quot;:[709],&quot;469777927&quot;:[0],&quot;469777928&quot;:[1]}\">\u00a0<\/span><\/p>\n<p style=\"text-align: justify;\"><span data-contrast=\"auto\">Praticar atos de caridade e solidariedade<\/span><span data-contrast=\"auto\">, assim como Maria, que foi ao encontro de Isabel, demonstrando amor e apoio.<\/span><span data-ccp-props=\"{&quot;201341983&quot;:0,&quot;335551550&quot;:6,&quot;335551620&quot;:6,&quot;335559739&quot;:140,&quot;335559740&quot;:360,&quot;469777462&quot;:[709],&quot;469777927&quot;:[0],&quot;469777928&quot;:[1]}\">\u00a0<\/span><\/p>\n<p style=\"text-align: justify;\"><span data-contrast=\"auto\">Meditar sobre a import\u00e2ncia da obedi\u00eancia \u00e0 vontade de Deus<\/span><span data-contrast=\"auto\">, buscando discernir o que Ele deseja para cada um, especialmente neste tempo de Advento.<\/span><span data-ccp-props=\"{&quot;201341983&quot;:0,&quot;335551550&quot;:6,&quot;335551620&quot;:6,&quot;335559739&quot;:140,&quot;335559740&quot;:360,&quot;469777462&quot;:[709],&quot;469777927&quot;:[0],&quot;469777928&quot;:[1]}\">\u00a0<\/span><\/p>\n<p style=\"text-align: justify;\"><span data-contrast=\"auto\">Confessar-se, para estar bem preparados e assim acolher a Jesus que vem ao nosso Encontro, neste Natal.<\/span><span data-ccp-props=\"{&quot;201341983&quot;:0,&quot;335551550&quot;:6,&quot;335551620&quot;:6,&quot;335559739&quot;:140,&quot;335559740&quot;:360,&quot;469777462&quot;:[709],&quot;469777927&quot;:[0],&quot;469777928&quot;:[1]}\">\u00a0<\/span><\/p>\n<p style=\"text-align: justify;\"><span data-contrast=\"auto\">O 4\u00ba Domingo do Advento nos prepara para a celebra\u00e7\u00e3o do Natal, lembrando-nos da import\u00e2ncia da encarna\u00e7\u00e3o de Cristo e do papel de Maria. Que possamos viver esta semana com um cora\u00e7\u00e3o aberto, prontos para acolher o Senhor que vem ao nosso encontro. Que Nossa Senhora nos ajude a viver com f\u00e9 e esperan\u00e7a, sempre atentos \u00e0 Sua presen\u00e7a em nossas vidas.<\/span><span data-ccp-props=\"{&quot;201341983&quot;:0,&quot;335551550&quot;:6,&quot;335551620&quot;:6,&quot;335559739&quot;:140,&quot;335559740&quot;:360}\">\u00a0<\/span><\/p>\n","protected":false},"excerpt":{"rendered":"<p>Dom Antonio Carlos Rossi Keller Bispo de Frederico Westphalen (RS) O 4\u00ba Domingo do Advento marca a proximidade do Natal, um tempo de espera e prepara\u00e7\u00e3o imediatas para a vinda do Senhor. A liturgia deste domingo convida os fi\u00e9is a refletirem sobre a import\u00e2ncia da encarna\u00e7\u00e3o de Cristo e a figura de Maria, que desempenha &hellip;<\/p>\n<p class=\"read-more\"> <a class=\"\" href=\"https:\/\/www.cnbb.org.br\/o-natal-esta-proximo-2\/\"> <span class=\"screen-reader-text\">O Natal est\u00e1 pr\u00f3ximo\u00a0<\/span> Leia mais &raquo;<\/a><\/p>\n","protected":false},"author":1821,"featured_media":0,"comment_status":"closed","ping_status":"closed","sticky":false,"template":"","format":"standard","meta":{"site-sidebar-layout":"default","site-content-layout":"default","ast-global-header-display":"","ast-banner-title-visibility":"","ast-main-header-display":"","ast-hfb-above-header-display":"","ast-hfb-below-header-display":"","ast-hfb-mobile-header-display":"","site-post-title":"","ast-breadcrumbs-content":"","ast-featured-img":"","footer-sml-layout":"","theme-transparent-header-meta":"default","adv-header-id-meta":"","stick-header-meta":"","header-above-stick-meta":"","header-main-stick-meta":"","header-below-stick-meta":""},"categories":[758,1837],"tags":[],"acf":[],"_links":{"self":[{"href":"https:\/\/www.cnbb.org.br\/cnbb-app\/wp\/v2\/posts\/975173"}],"collection":[{"href":"https:\/\/www.cnbb.org.br\/cnbb-app\/wp\/v2\/posts"}],"about":[{"href":"https:\/\/www.cnbb.org.br\/cnbb-app\/wp\/v2\/types\/post"}],"author":[{"embeddable":true,"href":"https:\/\/www.cnbb.org.br\/cnbb-app\/wp\/v2\/users\/1821"}],"replies":[{"embeddable":true,"href":"https:\/\/www.cnbb.org.br\/cnbb-app\/wp\/v2\/comments?post=975173"}],"version-history":[{"count":2,"href":"https:\/\/www.cnbb.org.br\/cnbb-app\/wp\/v2\/posts\/975173\/revisions"}],"predecessor-version":[{"id":975175,"href":"https:\/\/www.cnbb.org.br\/cnbb-app\/wp\/v2\/posts\/975173\/revisions\/975175"}],"wp:attachment":[{"href":"https:\/\/www.cnbb.org.br\/cnbb-app\/wp\/v2\/media?parent=975173"}],"wp:term":[{"taxonomy":"category","embeddable":true,"href":"https:\/\/www.cnbb.org.br\/cnbb-app\/wp\/v2\/categories?post=975173"},{"taxonomy":"post_tag","embeddable":true,"href":"https:\/\/www.cnbb.org.br\/cnbb-app\/wp\/v2\/tags?post=975173"}],"curies":[{"name":"wp","href":"https:\/\/api.w.org\/{rel}","templated":true}]}}