{"id":975474,"date":"2024-12-26T11:06:38","date_gmt":"2024-12-26T14:06:38","guid":{"rendered":"https:\/\/www.cnbb.org.br\/?p=975474"},"modified":"2024-12-26T11:07:15","modified_gmt":"2024-12-26T14:07:15","slug":"sao-joao-evangelista","status":"publish","type":"post","link":"https:\/\/www.cnbb.org.br\/sao-joao-evangelista\/","title":{"rendered":"S\u00e3o Jo\u00e3o Evangelista\u00a0"},"content":{"rendered":"<p style=\"text-align: right;\"><b><span data-contrast=\"auto\">Cardeal Orani Jo\u00e3o Tempesta<br \/>\n<\/span><\/b><b><span data-contrast=\"auto\">Arcebispo do Rio de Janeiro (RJ)<\/span><\/b><span data-ccp-props=\"{&quot;201341983&quot;:0,&quot;335551550&quot;:3,&quot;335551620&quot;:3,&quot;335559731&quot;:708,&quot;335559739&quot;:160,&quot;335559740&quot;:259}\">\u00a0<\/span><\/p>\n<p style=\"text-align: justify;\"><span data-ccp-props=\"{&quot;201341983&quot;:0,&quot;335559739&quot;:160,&quot;335559740&quot;:259}\">\u00a0<\/span><\/p>\n<p style=\"text-align: justify;\"><span data-contrast=\"auto\">A partir do dia 25 de dezembro entramos no per\u00edodo lit\u00fargico denominado como Oitava do Natal, que s\u00e3o oito dias como se fosse um s\u00f3. Ou seja, o Natal \u00e9 t\u00e3o importante que n\u00e3o pode ser celebrado em um dia s\u00f3, mas se estende por oito dias. \u00c9 como se a cada dia desses oito dias fosse Natal, e podemos desejar uns aos outros um Santo e Aben\u00e7oado Natal. \u00c9 um per\u00edodo de grande alegria, pois o Emanuel, o Deus conosco, o Pr\u00edncipe da Paz, est\u00e1 no meio de n\u00f3s. Ap\u00f3s a Oitava do Natal, que se encerra no dia 1\u00ba de janeiro, continua o tempo do Natal, que segue at\u00e9 a festa do Batismo do Senhor.<\/span><span data-ccp-props=\"{&quot;201341983&quot;:0,&quot;335551550&quot;:6,&quot;335551620&quot;:6,&quot;335559731&quot;:708,&quot;335559739&quot;:160,&quot;335559740&quot;:278}\">\u00a0<\/span><\/p>\n<p style=\"text-align: justify;\"><span data-contrast=\"auto\">O per\u00edodo da Oitava do Natal \u00e9 especial, pois, conforme dissemos, celebramos em primeiro lugar o nascimento de Jesus, o grande mist\u00e9rio da Encarna\u00e7\u00e3o, mas praticamente em todos os dias da Oitava celebramos a festa de um santo. No dia 26 de dezembro celebramos a festa lit\u00fargica de Santo Estev\u00e3o; no dia 27, celebramos S\u00e3o Jo\u00e3o Evangelista; no dia 28, os Santos Inocentes; neste ano, no domingo dia 29, a Festa da Sagrada Fam\u00edlia; e, por fim, no dia 1\u00ba de janeiro, a Solenidade de Santa Maria, M\u00e3e de Deus.<\/span><span data-ccp-props=\"{&quot;201341983&quot;:0,&quot;335551550&quot;:6,&quot;335551620&quot;:6,&quot;335559731&quot;:708,&quot;335559739&quot;:160,&quot;335559740&quot;:278}\">\u00a0<\/span><\/p>\n<p style=\"text-align: justify;\"><span data-contrast=\"auto\">Seria enriquecedor se pud\u00e9ssemos participar da Santa Missa todos os dias do per\u00edodo da Oitava do Natal, pois, afinal de contas, conforme dissemos, cada dia \u00e9 Natal. E, em cada dia, a celebra\u00e7\u00e3o de um santo em especial. Cada um desses santos tem uma particularidade com a vida de Jesus. Santo Estev\u00e3o foi o primeiro m\u00e1rtir; S\u00e3o Jo\u00e3o foi ap\u00f3stolo e evangelista; os Santos Inocentes n\u00e3o puderam se defender e morreram ainda rec\u00e9m-nascidos, em sua maioria, por maldade de Herodes; na Sagrada Fam\u00edlia recordamos que o Messias teve uma fam\u00edlia aqui na terra e nasceu pelo seio de Maria; e, no dia 1\u00ba de janeiro, recordamos Nossa Senhora como a M\u00e3e de Jesus e M\u00e3e de Deus, quando comemoramos tamb\u00e9m o Dia Mundial da Paz, neste ano o 58\u00ba.<\/span><span data-ccp-props=\"{&quot;201341983&quot;:0,&quot;335551550&quot;:6,&quot;335551620&quot;:6,&quot;335559731&quot;:708,&quot;335559739&quot;:160,&quot;335559740&quot;:278}\">\u00a0<\/span><\/p>\n<p style=\"text-align: justify;\"><span data-contrast=\"auto\">S\u00e3o Jo\u00e3o Evangelista foi um dos doze ap\u00f3stolos de Jesus, considerado o disc\u00edpulo amado, um dos mais jovens entre os doze. Foi a Jo\u00e3o Evangelista que Jesus, na agonia da Cruz, entregou a sua M\u00e3e para que Jo\u00e3o cuidasse. Jo\u00e3o e Maria estavam aos p\u00e9s da cruz, e Jesus, ao entregar sua M\u00e3e a Jo\u00e3o, entrega-a a todos n\u00f3s. Jo\u00e3o acolhe Maria consigo e cuida dela at\u00e9 ela subir ao c\u00e9u.<\/span><span data-ccp-props=\"{&quot;201341983&quot;:0,&quot;335551550&quot;:6,&quot;335551620&quot;:6,&quot;335559731&quot;:708,&quot;335559739&quot;:160,&quot;335559740&quot;:278}\">\u00a0<\/span><\/p>\n<p style=\"text-align: justify;\"><span data-contrast=\"auto\">Jo\u00e3o segundo algumas tradi\u00e7\u00f5es, morreu de velhice, uma morte natural, quando tinha noventa e quatro anos. Jo\u00e3o, al\u00e9m de ser o autor do quarto Evangelho, escreveu tamb\u00e9m tr\u00eas cartas. Nesses escritos, Jo\u00e3o revela, sobretudo, o amor de Deus por n\u00f3s, manifestado em Jesus Cristo. Um dos escritos mais famosos de Jo\u00e3o, al\u00e9m de seu Evangelho, \u00e9 o livro do Apocalipse de S\u00e3o Jo\u00e3o.<\/span><span data-ccp-props=\"{&quot;201341983&quot;:0,&quot;335551550&quot;:6,&quot;335551620&quot;:6,&quot;335559731&quot;:708,&quot;335559739&quot;:160,&quot;335559740&quot;:278}\">\u00a0<\/span><\/p>\n<p style=\"text-align: justify;\"><span data-contrast=\"auto\">N\u00e3o podemos confundir Jo\u00e3o Evangelista com Jo\u00e3o Batista, pois s\u00e3o diferentes. Ambos viveram em tempos um pouco distintos. Jo\u00e3o Batista \u00e9 o primo de Jesus, o precursor, que preparou o caminho para a chegada de Jesus. J\u00e1 Jo\u00e3o Evangelista foi o disc\u00edpulo amado de Jesus e o autor do Evangelho e das cartas. A festa de S\u00e3o Jo\u00e3o Batista comemora-se duas vezes: no dia 24 de junho, o nascimento, e no dia 29 de agosto, o mart\u00edrio. J\u00e1 Jo\u00e3o Evangelista veio posteriormente, escolhido como ap\u00f3stolo de Jesus, e celebra-se a sua festa lit\u00fargica no dia 27 de dezembro. Os dois t\u00eam uma grande import\u00e2ncia na hist\u00f3ria da salva\u00e7\u00e3o, mas aparecem em momentos diferentes dessa hist\u00f3ria.<\/span><span data-ccp-props=\"{&quot;201341983&quot;:0,&quot;335551550&quot;:6,&quot;335551620&quot;:6,&quot;335559731&quot;:708,&quot;335559739&quot;:160,&quot;335559740&quot;:278}\">\u00a0<\/span><\/p>\n<p style=\"text-align: justify;\"><span data-contrast=\"auto\">Jo\u00e3o seria o mais novo dos doze ap\u00f3stolos, com provavelmente cerca de vinte e quatro anos de idade quando foi chamado por Jesus. Consta que seria solteiro e vivia com os seus pais em Betsaida. Nasceu em Betsaida e ocupou um lugar de primeiro plano entre os ap\u00f3stolos. Era pescador de profiss\u00e3o, consertava as redes de pesca. Trabalhava junto com seu irm\u00e3o Tiago Maior e em prov\u00e1vel sociedade com Andr\u00e9 e Pedro, todos ap\u00f3stolos.<\/span><span data-ccp-props=\"{&quot;201341983&quot;:0,&quot;335551550&quot;:6,&quot;335551620&quot;:6,&quot;335559731&quot;:708,&quot;335559739&quot;:160,&quot;335559740&quot;:278}\">\u00a0<\/span><\/p>\n<p style=\"text-align: justify;\"><span data-contrast=\"auto\">O nome de Jo\u00e3o significa \u201cDeus misericordioso\u201d. Trata-se de uma profecia que foi se cumprindo na vida do mais jovem dos ap\u00f3stolos. Jo\u00e3o, sobretudo, anunciava a face desse Deus misericordioso, que nos revelou o seu Filho, Jesus Cristo, a fim de nos salvar e resgatar aqueles que andavam nas trevas do pecado.<\/span><span data-ccp-props=\"{&quot;201341983&quot;:0,&quot;335551550&quot;:6,&quot;335551620&quot;:6,&quot;335559731&quot;:708,&quot;335559739&quot;:160,&quot;335559740&quot;:278}\">\u00a0<\/span><\/p>\n<p style=\"text-align: justify;\"><span data-contrast=\"auto\">Jo\u00e3o esteve presente em momentos marcantes da vida de Jesus, por isso era considerado o disc\u00edpulo amado. No epis\u00f3dio da transfigura\u00e7\u00e3o no Monte Tabor, Jesus chama Pedro, Tiago e Jo\u00e3o. Na Santa Ceia, quem reclina a cabe\u00e7a no peito de Jesus \u00e9 Jo\u00e3o. E, no momento da agonia de Jesus na Cruz, foi o ap\u00f3stolo que esteve presente at\u00e9 os \u00faltimos momentos de Jesus, ao lado da Virgem Maria, enquanto os outros fugiram. Jo\u00e3o \u00e9 sempre o homem da eleva\u00e7\u00e3o espiritual, tanto que Jesus chamou a ele e a seu irm\u00e3o Tiago de Boanerges, que significa \u201cfilhos do trov\u00e3o\u201d.<\/span><span data-ccp-props=\"{&quot;201341983&quot;:0,&quot;335551550&quot;:6,&quot;335551620&quot;:6,&quot;335559731&quot;:708,&quot;335559739&quot;:160,&quot;335559740&quot;:278}\">\u00a0<\/span><\/p>\n<p style=\"text-align: justify;\"><span data-contrast=\"auto\">O Apocalipse e as tr\u00eas cartas de Jo\u00e3o testemunham igualmente que o autor vivia na \u00c1sia e l\u00e1 gozava de extraordin\u00e1ria autoridade. E n\u00e3o era para menos: em nenhuma outra parte do mundo, nem sequer em Roma, havia ap\u00f3stolos que sobrevivessem. \u00c9 de imaginar a venera\u00e7\u00e3o que tinham os crist\u00e3os dos fins do s\u00e9culo I por aquele anci\u00e3o de mais de 90 anos, que tinha ouvido falar o Senhor Jesus, o tinha visto com os pr\u00f3prios olhos, o tinha tocado com as pr\u00f3prias m\u00e3os, o tinha contemplado na sua vida terrena e depois de ressuscitado, e presenciara a sua ascens\u00e3o aos c\u00e9us. Por isso, o valor dos seus ensinamentos e o peso das suas afirma\u00e7\u00f5es n\u00e3o podiam deixar de ser excepcionais e mesmo \u00fanicos.<\/span><span data-ccp-props=\"{&quot;201341983&quot;:0,&quot;335551550&quot;:6,&quot;335551620&quot;:6,&quot;335559731&quot;:708,&quot;335559739&quot;:160,&quot;335559740&quot;:278}\">\u00a0<\/span><\/p>\n<p style=\"text-align: justify;\"><span data-contrast=\"auto\">S\u00e3o Jo\u00e3o, j\u00e1 no auge de sua velhice, se deparou com uma persegui\u00e7\u00e3o por parte do Imp\u00e9rio Romano \u00e0 Igreja de Cristo e aos crist\u00e3os. Alguns desses fatos s\u00e3o at\u00e9 relatados no livro do Apocalipse. Al\u00e9m dessas persegui\u00e7\u00f5es, ainda havia muitas heresias que desencadearam o movimento religioso gn\u00f3stico, nascido e propagado fora e dentro da Igreja, procurando corroer a ess\u00eancia mesma do Cristianismo. S\u00e3o Jo\u00e3o s\u00f3 n\u00e3o foi assassinado ou preso pelo Imp\u00e9rio, primeiro por gra\u00e7a de Deus e, segundo, porque soube se refugiar e ficar recluso na \u00c1sia.<\/span><span data-ccp-props=\"{&quot;201341983&quot;:0,&quot;335551550&quot;:6,&quot;335551620&quot;:6,&quot;335559731&quot;:708,&quot;335559739&quot;:160,&quot;335559740&quot;:278}\">\u00a0<\/span><\/p>\n<p style=\"text-align: justify;\"><span data-contrast=\"auto\">Completada a sua jornada aqui na terra, o santo evangelista morreu quase centen\u00e1rio, sem sabermos uma data exata. Foi no fim do primeiro s\u00e9culo ou no in\u00edcio do segundo s\u00e9culo, no tempo do imperador Trajano (98\u2013117 d.C.).<\/span><span data-ccp-props=\"{&quot;201341983&quot;:0,&quot;335551550&quot;:6,&quot;335551620&quot;:6,&quot;335559731&quot;:708,&quot;335559739&quot;:160,&quot;335559740&quot;:278}\">\u00a0<\/span><\/p>\n<p style=\"text-align: justify;\"><span data-contrast=\"auto\">Portanto, celebremos com alegria a festa de S\u00e3o Jo\u00e3o Evangelista nesse dia 27 e pe\u00e7amos a Deus que, por intercess\u00e3o desse grande santo da Igreja, possamos defender at\u00e9 o fim nossa Igreja Cat\u00f3lica e, da mesma forma, defender a nossa f\u00e9. Aprendamos do ap\u00f3stolo a nutrir o amor a Jesus e \u00e0 Virgem Maria, e que eles nos guiem no caminho do bem.<\/span><span data-ccp-props=\"{&quot;201341983&quot;:0,&quot;335551550&quot;:6,&quot;335551620&quot;:6,&quot;335559731&quot;:708,&quot;335559739&quot;:160,&quot;335559740&quot;:278}\">\u00a0<\/span><\/p>\n<p style=\"text-align: justify;\"><span data-contrast=\"auto\">Que o Esp\u00edrito Santo, que sempre faz novas todas as coisas, nos fa\u00e7a seguir os passos de Jesus e ouvir a sua voz, tornando-nos fi\u00e9is \u00e0 sua miss\u00e3o. Am\u00e9m.<\/span><span data-ccp-props=\"{&quot;201341983&quot;:0,&quot;335551550&quot;:6,&quot;335551620&quot;:6,&quot;335559731&quot;:708,&quot;335559739&quot;:160,&quot;335559740&quot;:278}\">\u00a0<\/span><\/p>\n<p>&nbsp;<\/p>\n","protected":false},"excerpt":{"rendered":"<p>Cardeal Orani Jo\u00e3o Tempesta Arcebispo do Rio de Janeiro (RJ)\u00a0 \u00a0 A partir do dia 25 de dezembro entramos no per\u00edodo lit\u00fargico denominado como Oitava do Natal, que s\u00e3o oito dias como se fosse um s\u00f3. Ou seja, o Natal \u00e9 t\u00e3o importante que n\u00e3o pode ser celebrado em um dia s\u00f3, mas se estende &hellip;<\/p>\n<p class=\"read-more\"> <a class=\"\" href=\"https:\/\/www.cnbb.org.br\/sao-joao-evangelista\/\"> <span class=\"screen-reader-text\">S\u00e3o Jo\u00e3o Evangelista\u00a0<\/span> Leia mais &raquo;<\/a><\/p>\n","protected":false},"author":31,"featured_media":0,"comment_status":"closed","ping_status":"closed","sticky":false,"template":"","format":"standard","meta":{"site-sidebar-layout":"default","site-content-layout":"default","ast-global-header-display":"","ast-banner-title-visibility":"","ast-main-header-display":"","ast-hfb-above-header-display":"","ast-hfb-below-header-display":"","ast-hfb-mobile-header-display":"","site-post-title":"","ast-breadcrumbs-content":"","ast-featured-img":"","footer-sml-layout":"","theme-transparent-header-meta":"default","adv-header-id-meta":"","stick-header-meta":"","header-above-stick-meta":"","header-main-stick-meta":"","header-below-stick-meta":""},"categories":[758],"tags":[],"acf":[],"_links":{"self":[{"href":"https:\/\/www.cnbb.org.br\/cnbb-app\/wp\/v2\/posts\/975474"}],"collection":[{"href":"https:\/\/www.cnbb.org.br\/cnbb-app\/wp\/v2\/posts"}],"about":[{"href":"https:\/\/www.cnbb.org.br\/cnbb-app\/wp\/v2\/types\/post"}],"author":[{"embeddable":true,"href":"https:\/\/www.cnbb.org.br\/cnbb-app\/wp\/v2\/users\/31"}],"replies":[{"embeddable":true,"href":"https:\/\/www.cnbb.org.br\/cnbb-app\/wp\/v2\/comments?post=975474"}],"version-history":[{"count":2,"href":"https:\/\/www.cnbb.org.br\/cnbb-app\/wp\/v2\/posts\/975474\/revisions"}],"predecessor-version":[{"id":975476,"href":"https:\/\/www.cnbb.org.br\/cnbb-app\/wp\/v2\/posts\/975474\/revisions\/975476"}],"wp:attachment":[{"href":"https:\/\/www.cnbb.org.br\/cnbb-app\/wp\/v2\/media?parent=975474"}],"wp:term":[{"taxonomy":"category","embeddable":true,"href":"https:\/\/www.cnbb.org.br\/cnbb-app\/wp\/v2\/categories?post=975474"},{"taxonomy":"post_tag","embeddable":true,"href":"https:\/\/www.cnbb.org.br\/cnbb-app\/wp\/v2\/tags?post=975474"}],"curies":[{"name":"wp","href":"https:\/\/api.w.org\/{rel}","templated":true}]}}