{"id":975579,"date":"2024-04-19T11:08:57","date_gmt":"2024-04-19T14:08:57","guid":{"rendered":"https:\/\/www.cnbb.org.br\/?p=975579"},"modified":"2024-12-27T14:35:59","modified_gmt":"2024-12-27T17:35:59","slug":"61a-assembleia-geral-mensagem-ao-povo-brasileiro","status":"publish","type":"post","link":"https:\/\/www.cnbb.org.br\/61a-assembleia-geral-mensagem-ao-povo-brasileiro\/","title":{"rendered":"61\u00aa Assembleia Geral: Mensagem ao Povo Brasileiro"},"content":{"rendered":"<p style=\"text-align: right;\">Aparecida, 16 de abril de 2024.<\/p>\n<h3 style=\"text-align: center;\">Mensagem ao Povo Brasileiro<\/h3>\n<p style=\"text-align: right;\"><em>V\u00f3s sois todos irm\u00e3os e irm\u00e3s (cf. Mateus 23,8)<\/em><\/p>\n<p style=\"text-align: justify;\">N\u00f3s, bispos cat\u00f3licos do Brasil, iluminados por Jesus Ressuscitado, com f\u00e9 e esperan\u00e7a, reunidos no Santu\u00e1rio Nacional de Nossa Senhora Aparecida, de 10 a 19 de abril na cidade de Aparecida, SP, para a 61\u00aa Assembleia Geral da Confer\u00eancia Nacional dos Bispos do Brasil-CNBB, dirigimos esta mensagem a todo o povo brasileiro.<\/p>\n<p style=\"text-align: justify;\">Na Assembleia, tivemos a oportunidade de dialogar e refletir sobre a nossa participa\u00e7\u00e3o na miss\u00e3o da Igreja e na sociedade. Foi um momento de comunh\u00e3o e de valoriza\u00e7\u00e3o das nossas diversidades. Reafirmamos e renovamos nossa op\u00e7\u00e3o radical e incondicional pela defesa integral da vida que se manifesta em cada ser humano e em toda a Cria\u00e7\u00e3o.<\/p>\n<p style=\"text-align: justify;\">O tempo pascal nos impulsiona a renovar a esperan\u00e7a na certeza de que a morte foi e ser\u00e1 sempre vencida. Os tempos atribulados exigem coragem e paci\u00eancia para crescermos na Amizade Social (cf. Campanha da Fraternidade 2024). As muitas dificuldades ajudam a construir uma atitude de resist\u00eancia e resili\u00eancia na busca por uma sociedade mais justa e fraterna, valores fundamentais do Reino de Deus.<\/p>\n<p style=\"text-align: justify;\">O passado recente nos ensina que a busca de solu\u00e7\u00f5es para o Brasil passa necessariamente pelo di\u00e1logo e pelo entendimento. Muito do que superamos deveu-se \u00e0 articula\u00e7\u00e3o entre agentes l\u00facidos e cidad\u00e3os compromissados com a vida, a democracia e o pa\u00eds. As institui\u00e7\u00f5es brasileiras e a sociedade civil s\u00e3o fundamentais nesse processo. Os tr\u00eas poderes da Rep\u00fablica s\u00e3o instados a viver o que preconiza a Constitui\u00e7\u00e3o. Independ\u00eancia e harmonia n\u00e3o s\u00e3o op\u00e7\u00f5es de momento, s\u00e3o deveres permanentes e irrenunci\u00e1veis.<\/p>\n<p style=\"text-align: justify;\">Na sociedade do di\u00e1logo, a paz \u00e9 um imperativo. O primeiro dom do Ressuscitado foi de que a paz estivesse no nosso meio (cf. Jo\u00e3o 20,21). Papa Francisco recorda que a paz, por a\u00e7\u00e3o da for\u00e7a \u201cmansa e santa\u201d dos que creem, deve ser buscada como forma de \u201cse opor ao \u00f3dio da guerra\u201d (Papa Francisco, 1\u00ba. de janeiro de 2024). Desejamos paz para os in\u00fameros pa\u00edses em guerra, cujas consequ\u00eancias s\u00e3o milhares de mortes e milh\u00f5es de deslocados e refugiados. Os gastos militares em 2023 foram os mais altos desde a Segunda Guerra Mundial, enquanto a fome cresceu e alcan\u00e7a parcela significativa da popula\u00e7\u00e3o mundial.<\/p>\n<p style=\"text-align: justify;\">Acompanhamos com dor o crescimento do crime, das mil\u00edcias, do narcotr\u00e1fico, da viol\u00eancia nas cidades e no campo, do bullying, do vandalismo, do racismo, do feminic\u00eddio, do tr\u00e1fico humano e da explora\u00e7\u00e3o sexual de crian\u00e7as, adolescentes e vulner\u00e1veis; a realidade dos migrantes, do povo em situa\u00e7\u00e3o de rua, da popula\u00e7\u00e3o encarcerada nos desafia profundamente; a corrup\u00e7\u00e3o, o nepotismo e o tr\u00e1fico de influ\u00eancia violentam o pa\u00eds. Necessitamos construir a paz que nasce da justi\u00e7a (cf. Isa\u00edas 32,17).<\/p>\n<p style=\"text-align: justify;\">Esse cen\u00e1rio de viol\u00eancia se agrava pela precariza\u00e7\u00e3o do mundo do trabalho e a trag\u00e9dia do desemprego. Por ocasi\u00e3o da Festa do 1\u00ba de Maio, que se aproxima, a Igreja, inspirada em S\u00e3o Jos\u00e9 Oper\u00e1rio, se une solidariamente aos trabalhadores e trabalhadoras nas suas memor\u00e1veis lutas por condi\u00e7\u00f5es dignas de vida e trabalho, bem como com aqueles que continuam enfrentando antigos e novos problemas. Entendemos que o Brasil necessita de um novo marco legal que garanta a prioridade do trabalho, do bem-estar humano e da gera\u00e7\u00e3o de emprego e renda, principalmente para os jovens. Todos os segmentos da sociedade brasileira devem defender a vida na sua integralidade e agir solidariamente em prol de um pa\u00eds economicamente humanizado, politicamente democr\u00e1tico, socialmente justo e ecologicamente sustent\u00e1vel.<\/p>\n<p style=\"text-align: justify;\">Os extremos clim\u00e1ticos, em forma de desastres naturais provocados pela gan\u00e2ncia e pelas formas equivocadas de ocupa\u00e7\u00e3o do espa\u00e7o urbano, sem planejamento e sem respeito aos mais vulner\u00e1veis, s\u00e3o cada vez mais intensos. A necess\u00e1ria transi\u00e7\u00e3o para energias limpas deve respeitar os direitos das comunidades ao territ\u00f3rio e \u00e0 qualidade de vida.<\/p>\n<p style=\"text-align: justify;\">A Amaz\u00f4nia sofre! Os povos da floresta, das matas e das \u00e1guas que ali vivem n\u00e3o podem mais ser sacrificados num modelo de explora\u00e7\u00e3o que n\u00e3o permite o bem viver. Os outros biomas \u2013 cerrado, mata atl\u00e2ntica, caatinga, pampa, pantanal \u2013 igualmente importantes, est\u00e3o sob press\u00f5es cada vez mais dif\u00edceis de serem revertidas. Enfim, toda a Casa Comum sofre com a destrui\u00e7\u00e3o.<\/p>\n<p style=\"text-align: justify;\">O Brasil receber\u00e1 em 2025 a Confer\u00eancia das Partes da Conven\u00e7\u00e3o das Na\u00e7\u00f5es Unidas sobre Mudan\u00e7as de Clima, a COP 30, em Bel\u00e9m do Par\u00e1, que debater\u00e1 solu\u00e7\u00f5es para conter o aquecimento global e criar alternativas sustent\u00e1veis para a vida na Terra. Essa Confer\u00eancia poder\u00e1 ser uma oportunidade de mostrar o compromisso dos governos com a obra da Cria\u00e7\u00e3o e a responsabilidade das mulheres e dos homens como cuidadores de tudo o que Deus criou e lhes confiou.<\/p>\n<p style=\"text-align: justify;\">Os povos ind\u00edgenas brasileiros, prejudicados por s\u00e9culos, enfrentam um dos maiores ataques de sua hist\u00f3ria, por meio do Marco Temporal, que j\u00e1 foi declarado pelo Supremo Tribunal Federal (STF) como inconstitucional. H\u00e1 necessidade de melhores pol\u00edticas p\u00fablicas na a\u00e7\u00e3o concreta em defesa dos povos origin\u00e1rios e prote\u00e7\u00e3o \u00e0s suas terras, especialmente no territ\u00f3rio Yanomami.<\/p>\n<p style=\"text-align: justify;\">Fundamental na vida do Brasil, passados sessenta anos do in\u00edcio da ditadura, a democracia ainda precisa de cuidado. Depois do per\u00edodo de sistem\u00e1ticos e ostensivos ataques, temos a oportunidade de fortalec\u00ea-la nas elei\u00e7\u00f5es municipais de 2024, atrav\u00e9s do voto consciente e livre. A consci\u00eancia c\u00edvica dever\u00e1 estar a servi\u00e7o dos mais profundos interesses do nosso povo, pois h\u00e1 exig\u00eancias \u00e9ticas para a realiza\u00e7\u00e3o do bem comum. Por isso, os crist\u00e3os, leigos e leigas, n\u00e3o podem \u201cabdicar da participa\u00e7\u00e3o na pol\u00edtica\u201d (Christifideles Laici, 42). Preocupa-nos que extremismos, desprezando o projeto de fraternidade social, fa\u00e7am do processo eleitoral um palco de intoler\u00e2ncia e de ainda mais viol\u00eancia.<\/p>\n<p style=\"text-align: justify;\">Continuamos atentos ao lugar e ao espa\u00e7o social ocupados pelos novos meios de comunica\u00e7\u00e3o. O combate \u00e0 desinforma\u00e7\u00e3o, \u00e0s mentiras e \u00e0s <em>fake news<\/em> que, frequentemente, usam tamb\u00e9m a linguagem religiosa para justificar interesses pol\u00edticos e econ\u00f4micos escusos, nos exige maior capacidade de enfrentamento e melhores mecanismos para que n\u00e3o seja modificada a soberania do voto. Como disse o Papa Francisco, a Intelig\u00eancia Artificial corre o risco de ser rica em t\u00e9cnica e pobre em humanidade (cf. Papa Francisco, Mensagem dia mundial das Comunica\u00e7\u00f5es de 2024). A liberdade de express\u00e3o n\u00e3o pode estar a servi\u00e7o da divis\u00e3o social. A pr\u00f3pria democracia \u00e9 enfraquecida pelo \u00f3dio, o fundamentalismo e o populismo.<\/p>\n<p style=\"text-align: justify;\">Realistas diante dos desafios, acreditamos nos sinais de esperan\u00e7a. Comunidades crist\u00e3s t\u00eam sido exemplos de uma solidariedade concreta, amizade e responsabilidade social. Submetidos \u00e0s periferias sociais e existenciais, sem condi\u00e7\u00f5es de enfrentar com dignidade o cotidiano, muitos encontram na comunidade a m\u00e3o estendida que muitas vezes lhes falta do poder p\u00fablico. Somente a cultura do encontro pode promover uma sociedade mais justa e fraterna.<\/p>\n<p style=\"text-align: justify;\">Peregrinos da esperan\u00e7a, em comunh\u00e3o com a Campanha da Fraternidade 2024, que completa sessenta anos, conclamamos o povo brasileiro a somar for\u00e7as na constru\u00e7\u00e3o de uma \u00fanica fam\u00edlia humana. Rumo ao Jubileu da Esperan\u00e7a de 2025 e sob o manto protetor de Nossa Senhora da Concei\u00e7\u00e3o Aparecida, M\u00e3e e Padroeira do Brasil, invocamos a b\u00ean\u00e7\u00e3o de Deus sobre todo o povo brasileiro.<\/p>\n<p>&nbsp;<\/p>\n<p style=\"text-align: center;\"><strong>Dom Jaime Spengler<\/strong><br \/>\nArcebispo da Arquidiocese de Porto Alegre &#8211; RS<br \/>\nPresidente da CNBB<\/p>\n<p style=\"text-align: center;\"><strong>Dom Jo\u00e3o Justino de Medeiros Silva<\/strong><br \/>\nArcebispo da Arquidiocese de Goi\u00e2nia &#8211; GO<br \/>\n1\u00ba Vice-Presidente da CNBB<\/p>\n<p style=\"text-align: center;\"><strong>Dom Paulo Jackson N\u00f3brega<\/strong><br \/>\nArcebispo da Arquidiocese de Olinda e Recife &#8211; PE<br \/>\n2\u00ba Vice-Presidente da CNBB<\/p>\n<p style=\"text-align: center;\"><strong>Dom Ricardo Hoepers<\/strong><br \/>\nBispo Auxiliar da Arquidiocese de Bras\u00edlia &#8211; DF<br \/>\nSecret\u00e1rio-Geral da CNBB<\/p>\n","protected":false},"excerpt":{"rendered":"<p>Aparecida, 16 de abril de 2024. Mensagem ao Povo Brasileiro V\u00f3s sois todos irm\u00e3os e irm\u00e3s (cf. Mateus 23,8) N\u00f3s, bispos cat\u00f3licos do Brasil, iluminados por Jesus Ressuscitado, com f\u00e9 e esperan\u00e7a, reunidos no Santu\u00e1rio Nacional de Nossa Senhora Aparecida, de 10 a 19 de abril na cidade de Aparecida, SP, para a 61\u00aa Assembleia &hellip;<\/p>\n<p class=\"read-more\"> <a class=\"\" href=\"https:\/\/www.cnbb.org.br\/61a-assembleia-geral-mensagem-ao-povo-brasileiro\/\"> <span class=\"screen-reader-text\">61\u00aa Assembleia Geral: Mensagem ao Povo Brasileiro<\/span> Leia mais &raquo;<\/a><\/p>\n","protected":false},"author":38,"featured_media":961342,"comment_status":"closed","ping_status":"closed","sticky":false,"template":"","format":"standard","meta":{"site-sidebar-layout":"default","site-content-layout":"default","ast-global-header-display":"","ast-banner-title-visibility":"","ast-main-header-display":"","ast-hfb-above-header-display":"","ast-hfb-below-header-display":"","ast-hfb-mobile-header-display":"","site-post-title":"","ast-breadcrumbs-content":"","ast-featured-img":"","footer-sml-layout":"","theme-transparent-header-meta":"default","adv-header-id-meta":"","stick-header-meta":"","header-above-stick-meta":"","header-main-stick-meta":"","header-below-stick-meta":""},"categories":[989],"tags":[5486],"acf":[],"_links":{"self":[{"href":"https:\/\/www.cnbb.org.br\/cnbb-app\/wp\/v2\/posts\/975579"}],"collection":[{"href":"https:\/\/www.cnbb.org.br\/cnbb-app\/wp\/v2\/posts"}],"about":[{"href":"https:\/\/www.cnbb.org.br\/cnbb-app\/wp\/v2\/types\/post"}],"author":[{"embeddable":true,"href":"https:\/\/www.cnbb.org.br\/cnbb-app\/wp\/v2\/users\/38"}],"replies":[{"embeddable":true,"href":"https:\/\/www.cnbb.org.br\/cnbb-app\/wp\/v2\/comments?post=975579"}],"version-history":[{"count":3,"href":"https:\/\/www.cnbb.org.br\/cnbb-app\/wp\/v2\/posts\/975579\/revisions"}],"predecessor-version":[{"id":975592,"href":"https:\/\/www.cnbb.org.br\/cnbb-app\/wp\/v2\/posts\/975579\/revisions\/975592"}],"wp:featuredmedia":[{"embeddable":true,"href":"https:\/\/www.cnbb.org.br\/cnbb-app\/wp\/v2\/media\/961342"}],"wp:attachment":[{"href":"https:\/\/www.cnbb.org.br\/cnbb-app\/wp\/v2\/media?parent=975579"}],"wp:term":[{"taxonomy":"category","embeddable":true,"href":"https:\/\/www.cnbb.org.br\/cnbb-app\/wp\/v2\/categories?post=975579"},{"taxonomy":"post_tag","embeddable":true,"href":"https:\/\/www.cnbb.org.br\/cnbb-app\/wp\/v2\/tags?post=975579"}],"curies":[{"name":"wp","href":"https:\/\/api.w.org\/{rel}","templated":true}]}}