{"id":975593,"date":"2024-04-19T11:40:27","date_gmt":"2024-04-19T14:40:27","guid":{"rendered":"https:\/\/www.cnbb.org.br\/?p=975593"},"modified":"2024-12-27T14:55:19","modified_gmt":"2024-12-27T17:55:19","slug":"61a-ag-mensagem-aos-cristaos-catolicos-do-brasil","status":"publish","type":"post","link":"https:\/\/www.cnbb.org.br\/61a-ag-mensagem-aos-cristaos-catolicos-do-brasil\/","title":{"rendered":"61\u00aa Assembleia Geral: Mensagem aos Crist\u00e3os Cat\u00f3licos do Brasil"},"content":{"rendered":"<p style=\"text-align: right;\">Aparecida &#8211; SP, 18 de abril de 2024<\/p>\n<p>&nbsp;<\/p>\n<h3 style=\"text-align: center;\">MENSAGEM AOS CRIST\u00c3OS CAT\u00d3LICOS DO BRASIL<\/h3>\n<p>Car\u00edssimos padres, di\u00e1conos, consagrados e consagradas,<br \/>\nirm\u00e3os e irm\u00e3s das comunidades cat\u00f3licas,<br \/>\nunidos conosco na f\u00e9 em Cristo ressuscitado,<\/p>\n<p style=\"text-align: justify;\">\nN\u00f3s, bispos cat\u00f3licos do Brasil, reunidos em Aparecida -SP, no Santu\u00e1rio Nacional da Padroeira do Brasil, na 61\u00aa Assembleia Geral da Confer\u00eancia Nacional dos Bispos do Brasil (CNBB), lembramo-nos constantemente de voc\u00eas, membros das nossas comunidades cat\u00f3licas, presentes nas dioceses e prelazias de todo o nosso pa\u00eds. Queremos, pois, dirigir-lhes estas palavras com o cora\u00e7\u00e3o de pastores.<\/p>\n<p style=\"text-align: justify;\">Agradecemos a Deus a f\u00e9 sincera em Nosso Jesus Cristo, Redentor do mundo, que cada um de voc\u00eas preserva e pratica com fervor, em comunh\u00e3o com seus bispos, a Confer\u00eancia Episcopal e o Papa Francisco, que confirma na f\u00e9 a todos n\u00f3s.<\/p>\n<p style=\"text-align: justify;\">Louvamos a Deus pela caridade que voc\u00eas vivem, por amor a Jesus e aos irm\u00e3os, em tantas situa\u00e7\u00f5es de dor e sofrimento, no cuidado dos enfermos, dos idosos e dos mais necessitados. Agradecemos a Deus pelas in\u00fameras a\u00e7\u00f5es de fraternidade e partilha e pelo cuidado para com a vida e a fam\u00edlia.<\/p>\n<p style=\"text-align: justify;\">Alegra-nos saber que voc\u00eas s\u00e3o animados pela esperan\u00e7a crist\u00e3 \u201cque n\u00e3o decepciona\u201d (Rm 5,5) e n\u00e3o nos deixa abater diante das dificuldades. Esta esperan\u00e7a se baseia na firme certeza de que Jesus ressuscitado est\u00e1 sempre conosco e nos d\u00e1, sem reservas, o Esp\u00edrito Santo para a perseveran\u00e7a no bem.<\/p>\n<p style=\"text-align: justify;\">Conforta-nos a vitalidade das comunidades que se re\u00fanem em torno da Palavra de Deus, da Eucaristia e dos demais sacramentos. A celebra\u00e7\u00e3o lit\u00fargica nos edifica como comunidades de f\u00e9 e ora\u00e7\u00e3o, alicer\u00e7adas em Cristo.<\/p>\n<p style=\"text-align: justify;\">Vemos com alegria que nossa Igreja possui por toda parte grupos com intensa vida de ora\u00e7\u00e3o, os quais d\u00e3o express\u00e3o concreta \u00e0 sua f\u00e9 e impulsionando-os \u00e0 pr\u00e1tica da caridade. A Palavra de Deus \u00e9 lida, rezada e praticada de forma especial nos grupos b\u00edblicos, na catequese e mediante a leitura orante da Palavra de Deus.<\/p>\n<p style=\"text-align: justify;\">Temos motivos para nos alegrar com a multid\u00e3o de fi\u00e9is, que participam de nossas comunidades. Mesmo assim, n\u00e3o podemos acomodar-nos com a ilus\u00e3o da igreja cheia. H\u00e1 uma grande parte de nosso povo a ser evangelizada, que ainda n\u00e3o se encontrou verdadeiramente com Cristo e, mesmo sem saber por onde ir, anseia por esse encontro que transformar\u00e1 sua vida. Encorajamos as pastorais, movimentos e servi\u00e7os diversos a se tornarem cada vez mais mission\u00e1rios, indo a todos para oferecer a alegria do encontro pessoal e comunit\u00e1rio com Jesus Cristo.<\/p>\n<p style=\"text-align: justify;\">Constatamos com j\u00fabilo a riqueza de carismas, dons e servi\u00e7os existentes na nossa Igreja (cf. 1Cor 12,1-31), mostrando que a a\u00e7\u00e3o do Esp\u00edrito Santo impulsiona, tamb\u00e9m hoje, no cora\u00e7\u00e3o do Povo de Deus, o avan\u00e7o em novas frentes de compromisso eclesial, com renovado ardor e novos m\u00e9todos, para realizar a grande miss\u00e3o da evangeliza\u00e7\u00e3o.<\/p>\n<p style=\"text-align: justify;\">Edifica-nos a santidade vivida por tantos irm\u00e3os e irm\u00e3s, com testemunhos heroicos de f\u00e9 e caridade. \u201cO Brasil precisa de muitos santos e santas!\u201d (S\u00e3o Jo\u00e3o Paulo II). Quando surgiu a persegui\u00e7\u00e3o, os primeiros crist\u00e3os transformaram-na em oportunidade para a amplia\u00e7\u00e3o dos horizontes mission\u00e1rios. Agora, diante dos sofrimentos, injusti\u00e7as, incompreens\u00f5es e mart\u00edrios dos nossos dias, queremos encorajar todos voc\u00eas a se manterem unidos na f\u00e9, esperan\u00e7a e caridade.<\/p>\n<p style=\"text-align: justify;\">Os valores de nossa f\u00e9 cat\u00f3lica s\u00e3o preciosos e est\u00e3o acima de quest\u00f5es partid\u00e1rias e ideol\u00f3gicas, que n\u00e3o devem nos dividir. Saibamos respeitar quem pensa diversamente; devemos ouvir, dialogar, sem perder nossos valores, mas abrindo o cora\u00e7\u00e3o para acolher quem tem outras convic\u00e7\u00f5es. Recomendamos a todos a abertura ecum\u00eanica e a disposi\u00e7\u00e3o para o di\u00e1logo inter-religioso. Vivendo num mundo plural, desejamos dar nossa contribui\u00e7\u00e3o para que a sociedade se encha de genu\u00edna alegria, como aconteceu no in\u00edcio da prega\u00e7\u00e3o do Evangelho (cf. At 8,8).<\/p>\n<p style=\"text-align: justify;\">A Igreja Cat\u00f3lica no Brasil vive a comunh\u00e3o com o sucessor de Pedro, nosso Papa Francisco, repercutindo de forma positiva e corajosa seus ensinamentos e decis\u00f5es. Pedimos que todos se mantenham unidos em suas comunidades cat\u00f3licas, em comunh\u00e3o com o seu bispo, caminhando juntos na vida e na a\u00e7\u00e3o eclesial.<\/p>\n<p style=\"text-align: justify;\">Procuremos participar da vida da Igreja com os dons que cada um recebeu de Deus. \u00c9 uma grande gra\u00e7a participar dos bens da f\u00e9, do amor de Deus, dos sacramentos, da Palavra de Deus e da esperan\u00e7a, que nos orientam para a realiza\u00e7\u00e3o plena do Reino de Deus. A realiza\u00e7\u00e3o da vida e da miss\u00e3o da Igreja conta com a participa\u00e7\u00e3o de todos os seus membros. Encorajamos a todos a se sentirem parte da Igreja e a viverem a miss\u00e3o confiada por Jesus Cristo a todos os batizados. Para tanto, faz-se necess\u00e1rio implantar e fazer crescer um renovado processo de Inicia\u00e7\u00e3o \u00e0 Vida Crist\u00e3, assim como um cuidado e empenho no discernimento e pastoral das voca\u00e7\u00f5es, em sua edificante diversidade. Valorizemos de forma especial a participa\u00e7\u00e3o dos jovens em nossas comunidades. Por outro lado, encorajamos a participa\u00e7\u00e3o dos leigos e leigas nas responsabilidades da vida social e da vida p\u00fablica, em todas as suas dimens\u00f5es.<\/p>\n<p style=\"text-align: justify;\">N\u00e3o desanimemos diante das dificuldades e das cruzes da vida. Pensemos nos muitos irm\u00e3os do passado e do presente, que sofreram e que sofrem persegui\u00e7\u00f5es de todo tipo e at\u00e9 o mart\u00edrio. Que o exemplo deles d\u00ea coragem a todos n\u00f3s. Socorramos os irm\u00e3os que mais sofrem e n\u00e3o fiquemos insens\u00edveis \u00e0s ang\u00fastias dos pobres.<\/p>\n<p style=\"text-align: justify;\">E voc\u00eas, queridos irm\u00e3os e irm\u00e3s, membros da Igreja pela gra\u00e7a do Batismo, que por v\u00e1rios motivos t\u00eam vivido distantes, sintam-se convidados a se aproximarem de suas comunidades, nas a\u00e7\u00f5es lit\u00fargicas, pastorais e mission\u00e1rias. A Igreja est\u00e1 de bra\u00e7os abertos para acolher a todos, na certeza de que sua vida \u00e9 preciosa para Deus, e disposta a lhes apresentar o caminho da alegria, da felicidade e da salva\u00e7\u00e3o, revelado pelo Filho de Deus. Em nossas comunidades, voc\u00eas encontrar\u00e3o o sentido de sua exist\u00eancia e a inspira\u00e7\u00e3o para serem disc\u00edpulos mission\u00e1rios de Jesus Cristo Salvador.<\/p>\n<p style=\"text-align: justify;\">Agradecemos a todos as ora\u00e7\u00f5es que fazem por n\u00f3s. Tamb\u00e9m rezamos por voc\u00eas todos os dias, durante esta Assembleia da CNBB. Enfim, chamados a sermos todos Peregrinos da Esperan\u00e7a, vivamos este Ano da Ora\u00e7\u00e3o, em prepara\u00e7\u00e3o ao Jubileu de 2025.<\/p>\n<p style=\"text-align: justify;\">Por intercess\u00e3o de Nossa Senhora Aparecida, dos Santos e Santas Padroeiros de nossas comunidades, especialmente dos que edificaram a Igreja em nossa Terra de Santa Cruz, com seu servi\u00e7o ao Evangelho e testemunho de caridade, invocamos sobre todos as b\u00ean\u00e7\u00e3os de Deus que \u00e9 Pai, Filho e Esp\u00edrito Santo.<\/p>\n<p>&nbsp;<\/p>\n<p style=\"text-align: center;\"><strong>Dom Jaime Spengler<\/strong><br \/>\nArcebispo da Arquidiocese de Porto Alegre &#8211; RS<br \/>\nPresidente da CNBB<\/p>\n<p style=\"text-align: center;\"><strong>Dom Jo\u00e3o Justino de Medeiros Silva<\/strong><br \/>\nArcebispo da Arquidiocese de Goi\u00e2nia &#8211; GO<br \/>\n1\u00ba Vice-Presidente da CNBB<\/p>\n<p style=\"text-align: center;\"><strong>Dom Paulo Jackson N\u00f3brega<\/strong><br \/>\nArcebispo da Arquidiocese de Olinda e Recife &#8211; PE<br \/>\n2\u00ba Vice-Presidente da CNBB<\/p>\n<p style=\"text-align: center;\"><strong>Dom Ricardo Hoepers<\/strong><br \/>\nBispo Auxiliar da Arquidiocese de Bras\u00edlia &#8211; DF<br \/>\nSecret\u00e1rio-Geral da CNBB<\/p>\n","protected":false},"excerpt":{"rendered":"<p>Aparecida &#8211; SP, 18 de abril de 2024 &nbsp; MENSAGEM AOS CRIST\u00c3OS CAT\u00d3LICOS DO BRASIL Car\u00edssimos padres, di\u00e1conos, consagrados e consagradas, irm\u00e3os e irm\u00e3s das comunidades cat\u00f3licas, unidos conosco na f\u00e9 em Cristo ressuscitado, N\u00f3s, bispos cat\u00f3licos do Brasil, reunidos em Aparecida -SP, no Santu\u00e1rio Nacional da Padroeira do Brasil, na 61\u00aa Assembleia Geral da &hellip;<\/p>\n<p class=\"read-more\"> <a class=\"\" href=\"https:\/\/www.cnbb.org.br\/61a-ag-mensagem-aos-cristaos-catolicos-do-brasil\/\"> <span class=\"screen-reader-text\">61\u00aa Assembleia Geral: Mensagem aos Crist\u00e3os Cat\u00f3licos do Brasil<\/span> Leia mais &raquo;<\/a><\/p>\n","protected":false},"author":38,"featured_media":962003,"comment_status":"closed","ping_status":"closed","sticky":false,"template":"","format":"standard","meta":{"site-sidebar-layout":"default","site-content-layout":"default","ast-global-header-display":"","ast-banner-title-visibility":"","ast-main-header-display":"","ast-hfb-above-header-display":"","ast-hfb-below-header-display":"","ast-hfb-mobile-header-display":"","site-post-title":"","ast-breadcrumbs-content":"","ast-featured-img":"","footer-sml-layout":"","theme-transparent-header-meta":"default","adv-header-id-meta":"","stick-header-meta":"","header-above-stick-meta":"","header-main-stick-meta":"","header-below-stick-meta":""},"categories":[5429,989],"tags":[],"acf":[],"_links":{"self":[{"href":"https:\/\/www.cnbb.org.br\/cnbb-app\/wp\/v2\/posts\/975593"}],"collection":[{"href":"https:\/\/www.cnbb.org.br\/cnbb-app\/wp\/v2\/posts"}],"about":[{"href":"https:\/\/www.cnbb.org.br\/cnbb-app\/wp\/v2\/types\/post"}],"author":[{"embeddable":true,"href":"https:\/\/www.cnbb.org.br\/cnbb-app\/wp\/v2\/users\/38"}],"replies":[{"embeddable":true,"href":"https:\/\/www.cnbb.org.br\/cnbb-app\/wp\/v2\/comments?post=975593"}],"version-history":[{"count":1,"href":"https:\/\/www.cnbb.org.br\/cnbb-app\/wp\/v2\/posts\/975593\/revisions"}],"predecessor-version":[{"id":975597,"href":"https:\/\/www.cnbb.org.br\/cnbb-app\/wp\/v2\/posts\/975593\/revisions\/975597"}],"wp:featuredmedia":[{"embeddable":true,"href":"https:\/\/www.cnbb.org.br\/cnbb-app\/wp\/v2\/media\/962003"}],"wp:attachment":[{"href":"https:\/\/www.cnbb.org.br\/cnbb-app\/wp\/v2\/media?parent=975593"}],"wp:term":[{"taxonomy":"category","embeddable":true,"href":"https:\/\/www.cnbb.org.br\/cnbb-app\/wp\/v2\/categories?post=975593"},{"taxonomy":"post_tag","embeddable":true,"href":"https:\/\/www.cnbb.org.br\/cnbb-app\/wp\/v2\/tags?post=975593"}],"curies":[{"name":"wp","href":"https:\/\/api.w.org\/{rel}","templated":true}]}}