{"id":975657,"date":"2024-12-30T13:23:05","date_gmt":"2024-12-30T16:23:05","guid":{"rendered":"https:\/\/www.cnbb.org.br\/?p=975657"},"modified":"2024-12-30T14:02:08","modified_gmt":"2024-12-30T17:02:08","slug":"abertura-diocesana-jubileu-2025","status":"publish","type":"post","link":"https:\/\/www.cnbb.org.br\/abertura-diocesana-jubileu-2025\/","title":{"rendered":"Peregrinos de Esperan\u00e7a: Igrejas particulares abrem o Jubileu 2025 com peregrina\u00e7\u00f5es diocesanas"},"content":{"rendered":"<p style=\"text-align: justify;\">No domingo em que a Igreja celebrou a Festa da Sagrada Fam\u00edlia, foi a ocasi\u00e3o definida pelo Papa Francisco para a abertura diocesana do Jubileu 2025, com o tema &#8220;Peregrinos de Esperan\u00e7a&#8221;. Em cada Igreja particular, em todo o mundo, os bispos reuniram o povo de Deus para uma caminhada em peregrina\u00e7\u00e3o at\u00e9 a Igreja Catedral.<\/p>\n<p style=\"text-align: justify;\">O rito preparado constava do in\u00edcio da Missa, no local de origem da peregrina\u00e7\u00e3o, com a leitura de trechos da Bula de Proclama\u00e7\u00e3o do Ano Jubilar. Em seguida, a prociss\u00e3o, com a cruz \u00e0 frente. Em diversas dioceses e arquidioceses, foram preparadas cruzes especiais para marcar o Ano Santo. Ap\u00f3s a peregrina\u00e7\u00e3o, com c\u00e2nticos e ora\u00e7\u00f5es, foi dada sequ\u00eancia \u00e0 celebra\u00e7\u00e3o eucar\u00edstica, com aspers\u00e3o e entrada na catedral.<\/p>\n<p style=\"text-align: justify;\">Durante as celebra\u00e7\u00f5es, foram anunciadas as Igrejas Jubilares de cada diocese, onde os fi\u00e9is poder\u00e3o fazer suas peregrina\u00e7\u00f5es e lucrar suas indulg\u00eancias, conforme definido pela Penitenci\u00e1ria Apost\u00f3lica (link).<\/p>\n<p style=\"text-align: justify;\">O arcebispo de Porto Alegre (RS) e presidente da Confer\u00eancia Nacional dos Bispos do Brasil (CNBB), cardeal Jaime Spengler, destacou em sua homilia que &#8220;iniciamos este ano jubilar com o firme prop\u00f3sito de promover esperan\u00e7a&#8221; e que &#8220;existe esperan\u00e7a para todo ser humano&#8221;.<\/p>\n<blockquote>\n<p style=\"text-align: justify;\">&#8220;Maria, tendo ouvido que Jesus devia ocupar-se das coisas do Pai, conserva tudo no seu cora\u00e7\u00e3o. Jesus se ocupa das coisas do Pai. N\u00f3s, peregrinos de esperan\u00e7a, somos convidados a cultivar o mesmo modo de ser d\u2019Ele! A esperan\u00e7a possui o poder de curar quando a nossa f\u00e9 e o nosso amor est\u00e3o em crise. E n\u00f3s sabemos que existem muitos vales obscuros no nosso caminho, nos nossos numerosos encontros com o mal e o sofrimento, e suas consequ\u00eancias! A esperan\u00e7a pode nos conduzir por caminhos onde a mera racionalidade n\u00e3o pode se aventurar; tamb\u00e9m n\u00e3o nos deixa acomodados, tranquilos&#8230; A esperan\u00e7a crist\u00e3 requer coragem! A miss\u00e3o da esperan\u00e7a \u00e9 aquela de nos encorajar para trilhar o caminho da maturidade na f\u00e9&#8221;, disse dom Jaime.<\/p>\n<\/blockquote>\n<p style=\"text-align: justify;\">No jubileu, tempo de esperan\u00e7a, o convite \u00e9 &#8220;a redescobrir a alegria do encontro com o Senhor, que chama-nos a uma renova\u00e7\u00e3o espiritual e compromete-nos na transforma\u00e7\u00e3o do mundo&#8221;.<\/p>\n<p style=\"text-align: justify;\">Confira alguns destaques da celebra\u00e7\u00e3o do Jubileu pelo Brasil:<\/p>\n<h3 style=\"text-align: justify;\">PORTO ALEGRE<\/h3>\n<p style=\"text-align: justify;\">Na arquidiocese de Porto Alegre, a prociss\u00e3o partiu da Igreja do Ros\u00e1rio, que tamb\u00e9m \u00e9 um Santu\u00e1rio jubilar, at\u00e9 a Catedral Metropolitana M\u00e3e de Deus. Cada vicariato da arquidiocese ter\u00e1 uma Igreja jubilar, ser\u00e3o 13 no total. <a href=\"https:\/\/www.arquipoa.com\/noticias\/abertura-do-ano-jubilar-na-arquidiocese-de-porto-alegre\" target=\"_blank\" rel=\"noopener\">Saiba mais.<\/a><\/p>\n<div id='gallery-1' class='gallery galleryid-975657 gallery-columns-3 gallery-size-full'><figure class='gallery-item'>\n\t\t\t<div class='gallery-icon landscape'>\n\t\t\t\t<a href=\"https:\/\/www.cnbb.org.br\/wp-content\/uploads\/2024\/12\/Abertura-Jubileu-Porto-Alegre-1.jpg\" title=\"\" data-rl_title=\"\" class=\"rl-gallery-link\" data-rl_caption=\"\" data-rel=\"lightbox-gallery-1\" data-rl_><img width=\"1610\" height=\"911\" src=\"https:\/\/www.cnbb.org.br\/wp-content\/uploads\/2024\/12\/Abertura-Jubileu-Porto-Alegre-1.jpg\" class=\"attachment-full size-full\" alt=\"\" decoding=\"async\" loading=\"lazy\" aria-describedby=\"gallery-1-975667\" srcset=\"https:\/\/www.cnbb.org.br\/wp-content\/uploads\/2024\/12\/Abertura-Jubileu-Porto-Alegre-1.jpg 1610w, https:\/\/www.cnbb.org.br\/wp-content\/uploads\/2024\/12\/Abertura-Jubileu-Porto-Alegre-1-300x170.jpg 300w, https:\/\/www.cnbb.org.br\/wp-content\/uploads\/2024\/12\/Abertura-Jubileu-Porto-Alegre-1-1024x579.jpg 1024w, https:\/\/www.cnbb.org.br\/wp-content\/uploads\/2024\/12\/Abertura-Jubileu-Porto-Alegre-1-768x435.jpg 768w, https:\/\/www.cnbb.org.br\/wp-content\/uploads\/2024\/12\/Abertura-Jubileu-Porto-Alegre-1-1536x869.jpg 1536w, https:\/\/www.cnbb.org.br\/wp-content\/uploads\/2024\/12\/Abertura-Jubileu-Porto-Alegre-1-500x283.jpg 500w\" sizes=\"(max-width: 1610px) 100vw, 1610px\" \/><\/a>\n\t\t\t<\/div>\n\t\t\t\t<figcaption class='wp-caption-text gallery-caption' id='gallery-1-975667'>\n\t\t\t\tFoto: M\u00e1rcia Kazumi\n\t\t\t\t<\/figcaption><\/figure><figure class='gallery-item'>\n\t\t\t<div class='gallery-icon landscape'>\n\t\t\t\t<a href=\"https:\/\/www.cnbb.org.br\/wp-content\/uploads\/2024\/12\/Abertura-Jubileu-Porto-Alegre-Marcia-Kazumi-2.jpg\" title=\"\" data-rl_title=\"\" class=\"rl-gallery-link\" data-rl_caption=\"\" data-rel=\"lightbox-gallery-1\" data-rl_><img width=\"925\" height=\"911\" src=\"https:\/\/www.cnbb.org.br\/wp-content\/uploads\/2024\/12\/Abertura-Jubileu-Porto-Alegre-Marcia-Kazumi-2.jpg\" class=\"attachment-full size-full\" alt=\"\" decoding=\"async\" loading=\"lazy\" aria-describedby=\"gallery-1-975669\" srcset=\"https:\/\/www.cnbb.org.br\/wp-content\/uploads\/2024\/12\/Abertura-Jubileu-Porto-Alegre-Marcia-Kazumi-2.jpg 925w, https:\/\/www.cnbb.org.br\/wp-content\/uploads\/2024\/12\/Abertura-Jubileu-Porto-Alegre-Marcia-Kazumi-2-300x295.jpg 300w, https:\/\/www.cnbb.org.br\/wp-content\/uploads\/2024\/12\/Abertura-Jubileu-Porto-Alegre-Marcia-Kazumi-2-768x756.jpg 768w, https:\/\/www.cnbb.org.br\/wp-content\/uploads\/2024\/12\/Abertura-Jubileu-Porto-Alegre-Marcia-Kazumi-2-500x492.jpg 500w\" sizes=\"(max-width: 925px) 100vw, 925px\" \/><\/a>\n\t\t\t<\/div>\n\t\t\t\t<figcaption class='wp-caption-text gallery-caption' id='gallery-1-975669'>\n\t\t\t\tFoto: M\u00e1rcia Kazumi\n\t\t\t\t<\/figcaption><\/figure><figure class='gallery-item'>\n\t\t\t<div class='gallery-icon landscape'>\n\t\t\t\t<a href=\"https:\/\/www.cnbb.org.br\/wp-content\/uploads\/2024\/12\/Abertura-Jubileu-Porto-Alegre-Marcia-Kazumi.jpg\" title=\"\" data-rl_title=\"\" class=\"rl-gallery-link\" data-rl_caption=\"\" data-rel=\"lightbox-gallery-1\" data-rl_><img width=\"1234\" height=\"911\" src=\"https:\/\/www.cnbb.org.br\/wp-content\/uploads\/2024\/12\/Abertura-Jubileu-Porto-Alegre-Marcia-Kazumi.jpg\" class=\"attachment-full size-full\" alt=\"\" decoding=\"async\" loading=\"lazy\" aria-describedby=\"gallery-1-975668\" srcset=\"https:\/\/www.cnbb.org.br\/wp-content\/uploads\/2024\/12\/Abertura-Jubileu-Porto-Alegre-Marcia-Kazumi.jpg 1234w, https:\/\/www.cnbb.org.br\/wp-content\/uploads\/2024\/12\/Abertura-Jubileu-Porto-Alegre-Marcia-Kazumi-300x221.jpg 300w, https:\/\/www.cnbb.org.br\/wp-content\/uploads\/2024\/12\/Abertura-Jubileu-Porto-Alegre-Marcia-Kazumi-1024x756.jpg 1024w, https:\/\/www.cnbb.org.br\/wp-content\/uploads\/2024\/12\/Abertura-Jubileu-Porto-Alegre-Marcia-Kazumi-768x567.jpg 768w, https:\/\/www.cnbb.org.br\/wp-content\/uploads\/2024\/12\/Abertura-Jubileu-Porto-Alegre-Marcia-Kazumi-500x369.jpg 500w\" sizes=\"(max-width: 1234px) 100vw, 1234px\" \/><\/a>\n\t\t\t<\/div>\n\t\t\t\t<figcaption class='wp-caption-text gallery-caption' id='gallery-1-975668'>\n\t\t\t\tFoto: M\u00e1rcia Kazumi\n\t\t\t\t<\/figcaption><\/figure>\n\t\t<\/div>\n\n<h3 style=\"text-align: justify;\">GOI\u00c2NIA<\/h3>\n<p style=\"text-align: justify;\">Realizada na tarde deste domingo, a peregrina\u00e7\u00e3o na arquidiocese de Goi\u00e2nia partiu da par\u00f3quia S\u00e3o Jos\u00e9 e seguiu at\u00e9 a Catedral. A Eucaristia foi presidida pelo arcebispo metropolitano, dom Jo\u00e3o Justino de Medeiros Silva, primeiro vice-presidente da CNBB. O arcebispo divulgou mensagem pastoral com orienta\u00e7\u00f5es e motiva\u00e7\u00f5es para a celebra\u00e7\u00e3o do jubileu, a lista das Igrejas Jubilares e a programa\u00e7\u00e3o arquidiocesana.<\/p>\n<div id='gallery-2' class='gallery galleryid-975657 gallery-columns-3 gallery-size-full'><figure class='gallery-item'>\n\t\t\t<div class='gallery-icon landscape'>\n\t\t\t\t<a href=\"https:\/\/www.cnbb.org.br\/wp-content\/uploads\/2024\/12\/Abertura-Jubileu-Goiania-3.jpg\" title=\"\" data-rl_title=\"\" class=\"rl-gallery-link\" data-rl_caption=\"\" data-rel=\"lightbox-gallery-2\" data-rl_><img width=\"1440\" height=\"1440\" src=\"https:\/\/www.cnbb.org.br\/wp-content\/uploads\/2024\/12\/Abertura-Jubileu-Goiania-3.jpg\" class=\"attachment-full size-full\" alt=\"\" decoding=\"async\" loading=\"lazy\" srcset=\"https:\/\/www.cnbb.org.br\/wp-content\/uploads\/2024\/12\/Abertura-Jubileu-Goiania-3.jpg 1440w, https:\/\/www.cnbb.org.br\/wp-content\/uploads\/2024\/12\/Abertura-Jubileu-Goiania-3-300x300.jpg 300w, https:\/\/www.cnbb.org.br\/wp-content\/uploads\/2024\/12\/Abertura-Jubileu-Goiania-3-1024x1024.jpg 1024w, https:\/\/www.cnbb.org.br\/wp-content\/uploads\/2024\/12\/Abertura-Jubileu-Goiania-3-150x150.jpg 150w, https:\/\/www.cnbb.org.br\/wp-content\/uploads\/2024\/12\/Abertura-Jubileu-Goiania-3-768x768.jpg 768w, https:\/\/www.cnbb.org.br\/wp-content\/uploads\/2024\/12\/Abertura-Jubileu-Goiania-3-800x800.jpg 800w, https:\/\/www.cnbb.org.br\/wp-content\/uploads\/2024\/12\/Abertura-Jubileu-Goiania-3-500x500.jpg 500w\" sizes=\"(max-width: 1440px) 100vw, 1440px\" \/><\/a>\n\t\t\t<\/div><\/figure><figure class='gallery-item'>\n\t\t\t<div class='gallery-icon landscape'>\n\t\t\t\t<a href=\"https:\/\/www.cnbb.org.br\/wp-content\/uploads\/2024\/12\/Abertura-Jubileu-Goiania.jpg\" title=\"\" data-rl_title=\"\" class=\"rl-gallery-link\" data-rl_caption=\"\" data-rel=\"lightbox-gallery-2\" data-rl_><img width=\"1440\" height=\"1440\" src=\"https:\/\/www.cnbb.org.br\/wp-content\/uploads\/2024\/12\/Abertura-Jubileu-Goiania.jpg\" class=\"attachment-full size-full\" alt=\"\" decoding=\"async\" loading=\"lazy\" srcset=\"https:\/\/www.cnbb.org.br\/wp-content\/uploads\/2024\/12\/Abertura-Jubileu-Goiania.jpg 1440w, https:\/\/www.cnbb.org.br\/wp-content\/uploads\/2024\/12\/Abertura-Jubileu-Goiania-300x300.jpg 300w, https:\/\/www.cnbb.org.br\/wp-content\/uploads\/2024\/12\/Abertura-Jubileu-Goiania-1024x1024.jpg 1024w, https:\/\/www.cnbb.org.br\/wp-content\/uploads\/2024\/12\/Abertura-Jubileu-Goiania-150x150.jpg 150w, https:\/\/www.cnbb.org.br\/wp-content\/uploads\/2024\/12\/Abertura-Jubileu-Goiania-768x768.jpg 768w, https:\/\/www.cnbb.org.br\/wp-content\/uploads\/2024\/12\/Abertura-Jubileu-Goiania-800x800.jpg 800w, https:\/\/www.cnbb.org.br\/wp-content\/uploads\/2024\/12\/Abertura-Jubileu-Goiania-500x500.jpg 500w\" sizes=\"(max-width: 1440px) 100vw, 1440px\" \/><\/a>\n\t\t\t<\/div><\/figure><figure class='gallery-item'>\n\t\t\t<div class='gallery-icon landscape'>\n\t\t\t\t<a href=\"https:\/\/www.cnbb.org.br\/wp-content\/uploads\/2024\/12\/2Abertura-Jubileu-Goiania.jpg\" title=\"\" data-rl_title=\"\" class=\"rl-gallery-link\" data-rl_caption=\"\" data-rel=\"lightbox-gallery-2\" data-rl_><img width=\"1440\" height=\"1440\" src=\"https:\/\/www.cnbb.org.br\/wp-content\/uploads\/2024\/12\/2Abertura-Jubileu-Goiania.jpg\" class=\"attachment-full size-full\" alt=\"\" decoding=\"async\" loading=\"lazy\" srcset=\"https:\/\/www.cnbb.org.br\/wp-content\/uploads\/2024\/12\/2Abertura-Jubileu-Goiania.jpg 1440w, https:\/\/www.cnbb.org.br\/wp-content\/uploads\/2024\/12\/2Abertura-Jubileu-Goiania-300x300.jpg 300w, https:\/\/www.cnbb.org.br\/wp-content\/uploads\/2024\/12\/2Abertura-Jubileu-Goiania-1024x1024.jpg 1024w, https:\/\/www.cnbb.org.br\/wp-content\/uploads\/2024\/12\/2Abertura-Jubileu-Goiania-150x150.jpg 150w, https:\/\/www.cnbb.org.br\/wp-content\/uploads\/2024\/12\/2Abertura-Jubileu-Goiania-768x768.jpg 768w, https:\/\/www.cnbb.org.br\/wp-content\/uploads\/2024\/12\/2Abertura-Jubileu-Goiania-800x800.jpg 800w, https:\/\/www.cnbb.org.br\/wp-content\/uploads\/2024\/12\/2Abertura-Jubileu-Goiania-500x500.jpg 500w\" sizes=\"(max-width: 1440px) 100vw, 1440px\" \/><\/a>\n\t\t\t<\/div><\/figure>\n\t\t<\/div>\n\n<h3 style=\"text-align: justify;\">OLINDA E RECIFE<\/h3>\n<p style=\"text-align: justify;\">Na arquidiocese de Olinda e Recife (PE), a abertura do Ano Jubilar foi realizada na manh\u00e3 de domingo, partindo do Mosteiro de S\u00e3o Bento, em Olinda, em dire\u00e7\u00e3o \u00e0 Catedral S\u00e3o Salvador do Mundo. O arcebispo, dom Paulo Jackson, segundo vice-presidente da CNBB, aben\u00e7oou a caminhada do povo com a Cruz Gloriosa e, na homilia, convidou a viver este ano jubilar com profundo amor a Deus e ao pr\u00f3ximo, renovando o compromisso com a evangeliza\u00e7\u00e3o e com a caridade.<\/p>\n<p style=\"text-align: justify;\">Durante o Ano Jubilar, a Cruz Gloriosa estar\u00e1 exposta para venera\u00e7\u00e3o na Catedral do Sant\u00edssimo Salvador, em Olinda. A igreja catedral \u00e9 uma das doze igrejas jubilares que devem ser visitadas pelos fi\u00e9is da metropolia pernambucana.<\/p>\n<div id='gallery-3' class='gallery galleryid-975657 gallery-columns-3 gallery-size-full'><figure class='gallery-item'>\n\t\t\t<div class='gallery-icon landscape'>\n\t\t\t\t<a href=\"https:\/\/www.cnbb.org.br\/wp-content\/uploads\/2024\/12\/Abertura-Jubileu-Olinda-e-Recife.jpg\" title=\"\" data-rl_title=\"\" class=\"rl-gallery-link\" data-rl_caption=\"\" data-rel=\"lightbox-gallery-3\" data-rl_><img width=\"2048\" height=\"1153\" src=\"https:\/\/www.cnbb.org.br\/wp-content\/uploads\/2024\/12\/Abertura-Jubileu-Olinda-e-Recife.jpg\" class=\"attachment-full size-full\" alt=\"\" decoding=\"async\" loading=\"lazy\" srcset=\"https:\/\/www.cnbb.org.br\/wp-content\/uploads\/2024\/12\/Abertura-Jubileu-Olinda-e-Recife.jpg 2048w, https:\/\/www.cnbb.org.br\/wp-content\/uploads\/2024\/12\/Abertura-Jubileu-Olinda-e-Recife-300x169.jpg 300w, https:\/\/www.cnbb.org.br\/wp-content\/uploads\/2024\/12\/Abertura-Jubileu-Olinda-e-Recife-1024x577.jpg 1024w, https:\/\/www.cnbb.org.br\/wp-content\/uploads\/2024\/12\/Abertura-Jubileu-Olinda-e-Recife-768x432.jpg 768w, https:\/\/www.cnbb.org.br\/wp-content\/uploads\/2024\/12\/Abertura-Jubileu-Olinda-e-Recife-1536x865.jpg 1536w, https:\/\/www.cnbb.org.br\/wp-content\/uploads\/2024\/12\/Abertura-Jubileu-Olinda-e-Recife-500x281.jpg 500w\" sizes=\"(max-width: 2048px) 100vw, 2048px\" \/><\/a>\n\t\t\t<\/div><\/figure><figure class='gallery-item'>\n\t\t\t<div class='gallery-icon landscape'>\n\t\t\t\t<a href=\"https:\/\/www.cnbb.org.br\/wp-content\/uploads\/2024\/12\/Abertura-Jubileu-Olinda-e-Recife-3.jpg\" title=\"\" data-rl_title=\"\" class=\"rl-gallery-link\" data-rl_caption=\"\" data-rel=\"lightbox-gallery-3\" data-rl_><img width=\"1440\" height=\"960\" src=\"https:\/\/www.cnbb.org.br\/wp-content\/uploads\/2024\/12\/Abertura-Jubileu-Olinda-e-Recife-3.jpg\" class=\"attachment-full size-full\" alt=\"\" decoding=\"async\" loading=\"lazy\" srcset=\"https:\/\/www.cnbb.org.br\/wp-content\/uploads\/2024\/12\/Abertura-Jubileu-Olinda-e-Recife-3.jpg 1440w, https:\/\/www.cnbb.org.br\/wp-content\/uploads\/2024\/12\/Abertura-Jubileu-Olinda-e-Recife-3-300x200.jpg 300w, https:\/\/www.cnbb.org.br\/wp-content\/uploads\/2024\/12\/Abertura-Jubileu-Olinda-e-Recife-3-1024x683.jpg 1024w, https:\/\/www.cnbb.org.br\/wp-content\/uploads\/2024\/12\/Abertura-Jubileu-Olinda-e-Recife-3-768x512.jpg 768w, https:\/\/www.cnbb.org.br\/wp-content\/uploads\/2024\/12\/Abertura-Jubileu-Olinda-e-Recife-3-500x333.jpg 500w\" sizes=\"(max-width: 1440px) 100vw, 1440px\" \/><\/a>\n\t\t\t<\/div><\/figure><figure class='gallery-item'>\n\t\t\t<div class='gallery-icon landscape'>\n\t\t\t\t<a href=\"https:\/\/www.cnbb.org.br\/wp-content\/uploads\/2024\/12\/Abertura-Jubileu-Olinda-e-Recife-2.jpg\" title=\"\" data-rl_title=\"\" class=\"rl-gallery-link\" data-rl_caption=\"\" data-rel=\"lightbox-gallery-3\" data-rl_><img width=\"1440\" height=\"960\" src=\"https:\/\/www.cnbb.org.br\/wp-content\/uploads\/2024\/12\/Abertura-Jubileu-Olinda-e-Recife-2.jpg\" class=\"attachment-full size-full\" alt=\"\" decoding=\"async\" loading=\"lazy\" srcset=\"https:\/\/www.cnbb.org.br\/wp-content\/uploads\/2024\/12\/Abertura-Jubileu-Olinda-e-Recife-2.jpg 1440w, https:\/\/www.cnbb.org.br\/wp-content\/uploads\/2024\/12\/Abertura-Jubileu-Olinda-e-Recife-2-300x200.jpg 300w, https:\/\/www.cnbb.org.br\/wp-content\/uploads\/2024\/12\/Abertura-Jubileu-Olinda-e-Recife-2-1024x683.jpg 1024w, https:\/\/www.cnbb.org.br\/wp-content\/uploads\/2024\/12\/Abertura-Jubileu-Olinda-e-Recife-2-768x512.jpg 768w, https:\/\/www.cnbb.org.br\/wp-content\/uploads\/2024\/12\/Abertura-Jubileu-Olinda-e-Recife-2-500x333.jpg 500w\" sizes=\"(max-width: 1440px) 100vw, 1440px\" \/><\/a>\n\t\t\t<\/div><\/figure>\n\t\t<\/div>\n\n<h3 style=\"text-align: justify;\">BRAS\u00cdLIA<\/h3>\n<p style=\"text-align: justify;\">Na Capital Federal, milhares de fi\u00e9is percorreram a Esplanada dos Minist\u00e9rios durante a peregrina\u00e7\u00e3o, iniciada no estacionamento do Teatro Nacional. A Missa presidida pelo arcebispo, cardeal Paulo Cezar Costa, foi rezada no estacionamento da c\u00faria, onde acontece uma programa\u00e7\u00e3o at\u00e9 o dia 31 de dezembro, com o Jubileu da Renova\u00e7\u00e3o Carism\u00e1tica Cat\u00f3lica e das Novas Comunidades, nesta segunda-feira, e o R\u00e9veillon da Paz.<\/p>\n<p style=\"text-align: justify;\">Ap\u00f3s a missa, a prociss\u00e3o com a cruz jubilar conduziu os fi\u00e9is at\u00e9 a Catedral Metropolitana Nossa Senhora Aparecida, onde puderam fazer suas ora\u00e7\u00f5es e lucrar a indulg\u00eancia jubilar. <a href=\"https:\/\/arqbrasilia.com.br\/abertura-do-jubileu-da-esperanca-na-arquidiocese-de-brasilia-e-marcado-pela-fe-e-uniao-na-esplanada-dos-ministerios\/\" target=\"_blank\" rel=\"noopener\">Saiba mais.<\/a><\/p>\n<div id='gallery-4' class='gallery galleryid-975657 gallery-columns-3 gallery-size-full'><figure class='gallery-item'>\n\t\t\t<div class='gallery-icon landscape'>\n\t\t\t\t<a href=\"https:\/\/www.cnbb.org.br\/wp-content\/uploads\/2024\/12\/Abertura-Jubileu-Brasilia-Neto-Lima-2.jpg\" title=\"\" data-rl_title=\"\" class=\"rl-gallery-link\" data-rl_caption=\"\" data-rel=\"lightbox-gallery-4\" data-rl_><img width=\"960\" height=\"640\" src=\"https:\/\/www.cnbb.org.br\/wp-content\/uploads\/2024\/12\/Abertura-Jubileu-Brasilia-Neto-Lima-2.jpg\" class=\"attachment-full size-full\" alt=\"\" decoding=\"async\" loading=\"lazy\" aria-describedby=\"gallery-4-975666\" srcset=\"https:\/\/www.cnbb.org.br\/wp-content\/uploads\/2024\/12\/Abertura-Jubileu-Brasilia-Neto-Lima-2.jpg 960w, https:\/\/www.cnbb.org.br\/wp-content\/uploads\/2024\/12\/Abertura-Jubileu-Brasilia-Neto-Lima-2-300x200.jpg 300w, https:\/\/www.cnbb.org.br\/wp-content\/uploads\/2024\/12\/Abertura-Jubileu-Brasilia-Neto-Lima-2-768x512.jpg 768w, https:\/\/www.cnbb.org.br\/wp-content\/uploads\/2024\/12\/Abertura-Jubileu-Brasilia-Neto-Lima-2-500x333.jpg 500w\" sizes=\"(max-width: 960px) 100vw, 960px\" \/><\/a>\n\t\t\t<\/div>\n\t\t\t\t<figcaption class='wp-caption-text gallery-caption' id='gallery-4-975666'>\n\t\t\t\tFoto: Neto Lima\n\t\t\t\t<\/figcaption><\/figure><figure class='gallery-item'>\n\t\t\t<div class='gallery-icon landscape'>\n\t\t\t\t<a href=\"https:\/\/www.cnbb.org.br\/wp-content\/uploads\/2024\/12\/Abertura-Jubileu-Brasilia-Neto-Lima-1.jpg\" title=\"\" data-rl_title=\"\" class=\"rl-gallery-link\" data-rl_caption=\"\" data-rel=\"lightbox-gallery-4\" data-rl_><img width=\"960\" height=\"640\" src=\"https:\/\/www.cnbb.org.br\/wp-content\/uploads\/2024\/12\/Abertura-Jubileu-Brasilia-Neto-Lima-1.jpg\" class=\"attachment-full size-full\" alt=\"\" decoding=\"async\" loading=\"lazy\" aria-describedby=\"gallery-4-975665\" srcset=\"https:\/\/www.cnbb.org.br\/wp-content\/uploads\/2024\/12\/Abertura-Jubileu-Brasilia-Neto-Lima-1.jpg 960w, https:\/\/www.cnbb.org.br\/wp-content\/uploads\/2024\/12\/Abertura-Jubileu-Brasilia-Neto-Lima-1-300x200.jpg 300w, https:\/\/www.cnbb.org.br\/wp-content\/uploads\/2024\/12\/Abertura-Jubileu-Brasilia-Neto-Lima-1-768x512.jpg 768w, https:\/\/www.cnbb.org.br\/wp-content\/uploads\/2024\/12\/Abertura-Jubileu-Brasilia-Neto-Lima-1-500x333.jpg 500w\" sizes=\"(max-width: 960px) 100vw, 960px\" \/><\/a>\n\t\t\t<\/div>\n\t\t\t\t<figcaption class='wp-caption-text gallery-caption' id='gallery-4-975665'>\n\t\t\t\tFoto: Neto Lima\n\t\t\t\t<\/figcaption><\/figure><figure class='gallery-item'>\n\t\t\t<div class='gallery-icon landscape'>\n\t\t\t\t<a href=\"https:\/\/www.cnbb.org.br\/wp-content\/uploads\/2024\/12\/Abertura-Jubileu-Brasilia-Luiz-Loeps-Jr.jpg\" title=\"\" data-rl_title=\"\" class=\"rl-gallery-link\" data-rl_caption=\"\" data-rel=\"lightbox-gallery-4\" data-rl_><img width=\"960\" height=\"602\" src=\"https:\/\/www.cnbb.org.br\/wp-content\/uploads\/2024\/12\/Abertura-Jubileu-Brasilia-Luiz-Loeps-Jr.jpg\" class=\"attachment-full size-full\" alt=\"\" decoding=\"async\" loading=\"lazy\" aria-describedby=\"gallery-4-975664\" srcset=\"https:\/\/www.cnbb.org.br\/wp-content\/uploads\/2024\/12\/Abertura-Jubileu-Brasilia-Luiz-Loeps-Jr.jpg 960w, https:\/\/www.cnbb.org.br\/wp-content\/uploads\/2024\/12\/Abertura-Jubileu-Brasilia-Luiz-Loeps-Jr-300x188.jpg 300w, https:\/\/www.cnbb.org.br\/wp-content\/uploads\/2024\/12\/Abertura-Jubileu-Brasilia-Luiz-Loeps-Jr-768x482.jpg 768w, https:\/\/www.cnbb.org.br\/wp-content\/uploads\/2024\/12\/Abertura-Jubileu-Brasilia-Luiz-Loeps-Jr-500x314.jpg 500w\" sizes=\"(max-width: 960px) 100vw, 960px\" \/><\/a>\n\t\t\t<\/div>\n\t\t\t\t<figcaption class='wp-caption-text gallery-caption' id='gallery-4-975664'>\n\t\t\t\tFoto: Luiz Lopes Jr\n\t\t\t\t<\/figcaption><\/figure>\n\t\t<\/div>\n\n<h3 style=\"text-align: justify;\">MANAUS<\/h3>\n<p style=\"text-align: justify;\">Na Amaz\u00f4nia, a arquidiocese de Manaus celebrou a abertura do Jubileu com a peregrina\u00e7\u00e3o iniciada na par\u00f3quia Nossa Senhora dos Rem\u00e9dios, no Centro Hist\u00f3rico da capital amazonense, em dire\u00e7\u00e3o a catedral Nossa Senhora da Concei\u00e7\u00e3o.<\/p>\n<p style=\"text-align: justify;\">A cruz preparada para o jubileu em Manaus foi feita de forma artesanal, tendo ao centro o logotipo do Jubileu da Esperan\u00e7a e a uni\u00e3o de 9 madeiras. A obra reproduz a Cruz do Congresso Eucar\u00edstico realizado em Manaus em 1975.\u00a0 <a href=\"https:\/\/arquidiocesedemanaus.org.br\/2024\/12\/29\/arquidiocese-de-manaus-realiza-abertura-do-ano-jubilar-2025-com-caminhada-dos-peregrinos-da-esperanca-nesse-domingo\/\" target=\"_blank\" rel=\"noopener\">Saiba mais.<\/a><\/p>\n<p style=\"text-align: justify;\"><img decoding=\"async\" src=\"https:\/\/arquidiocesedemanaus.org.br\/wp-content\/uploads\/2024\/12\/IMG_6882-1.jpg\" \/><\/p>\n<pre>Por Luiz Lopes Jr<\/pre>\n<p>&nbsp;<\/p>\n<p>Veja tamb\u00e9m<br \/>\n<a href=\"https:\/\/www.instagram.com\/reel\/DEK69jCx9-O\/?igsh=MTR6Z3hzNDc0MDJxdw==\" target=\"_blank\" rel=\"noopener\">Arquidiocese de Fortaleza (CE)<\/a><\/p>\n<p><a href=\"https:\/\/www.diocesedecaxias.org.br\/noticias\/mais-de-1-5-mil-pessoas-participam-da-abertura-do-jubileu-2025-na-diocese-de-caxias-do-sul\" target=\"_blank\" rel=\"noopener\">Diocese de Caxias do Sul (RS)<\/a><\/p>\n<p><a href=\"https:\/\/www.instagram.com\/reel\/DELY3vTBDEn\/?igsh=MW1ta3NyNWFxZ28wdQ==\" target=\"_blank\" rel=\"noopener\">Arquidiocese de Macei\u00f3 (AL)<\/a><\/p>\n<p><a href=\"https:\/\/arquidiocesedesantarem.org.br\/noticias\/605\/aberto-o-jubileu-da-esperanca-na-arquidiocese-de-santarem\" target=\"_blank\" rel=\"noopener\">Arquidiocese de Santar\u00e9m (PA)<\/a><\/p>\n<p><a href=\"https:\/\/diocesedearacatuba.com.br\/ano-jubilar-e-aberto-na-diocese-de-aracatuba-dom-sergio-afirma-e-tempo-de-um-encontro-renovador-com-jesus\/\" target=\"_blank\" rel=\"noopener\">Diocese de Ara\u00e7atuba (SP)<\/a><\/p>\n<p><a href=\"https:\/\/arquidiocesedearacaju.org\/peregrinacao-a-catedral-metropolitana-marca-abertura-do-ano-santo-na-arquidiocese\" target=\"_blank\" rel=\"noopener\">Arquidiocese de Aracaju (SE)<\/a><\/p>\n<p>&nbsp;<\/p>\n","protected":false},"excerpt":{"rendered":"<p>No domingo em que a Igreja celebrou a Festa da Sagrada Fam\u00edlia, foi a ocasi\u00e3o definida pelo Papa Francisco para a abertura diocesana do Jubileu 2025, com o tema &#8220;Peregrinos de Esperan\u00e7a&#8221;. Em cada Igreja particular, em todo o mundo, os bispos reuniram o povo de Deus para uma caminhada em peregrina\u00e7\u00e3o at\u00e9 a Igreja &hellip;<\/p>\n<p class=\"read-more\"> <a class=\"\" href=\"https:\/\/www.cnbb.org.br\/abertura-diocesana-jubileu-2025\/\"> <span class=\"screen-reader-text\">Peregrinos de Esperan\u00e7a: Igrejas particulares abrem o Jubileu 2025 com peregrina\u00e7\u00f5es diocesanas<\/span> Leia mais &raquo;<\/a><\/p>\n","protected":false},"author":38,"featured_media":975671,"comment_status":"closed","ping_status":"closed","sticky":false,"template":"","format":"standard","meta":{"site-sidebar-layout":"default","site-content-layout":"default","ast-global-header-display":"","ast-banner-title-visibility":"","ast-main-header-display":"","ast-hfb-above-header-display":"","ast-hfb-below-header-display":"","ast-hfb-mobile-header-display":"","site-post-title":"","ast-breadcrumbs-content":"","ast-featured-img":"","footer-sml-layout":"","theme-transparent-header-meta":"default","adv-header-id-meta":"","stick-header-meta":"","header-above-stick-meta":"","header-main-stick-meta":"","header-below-stick-meta":""},"categories":[1841,865],"tags":[],"acf":[],"_links":{"self":[{"href":"https:\/\/www.cnbb.org.br\/cnbb-app\/wp\/v2\/posts\/975657"}],"collection":[{"href":"https:\/\/www.cnbb.org.br\/cnbb-app\/wp\/v2\/posts"}],"about":[{"href":"https:\/\/www.cnbb.org.br\/cnbb-app\/wp\/v2\/types\/post"}],"author":[{"embeddable":true,"href":"https:\/\/www.cnbb.org.br\/cnbb-app\/wp\/v2\/users\/38"}],"replies":[{"embeddable":true,"href":"https:\/\/www.cnbb.org.br\/cnbb-app\/wp\/v2\/comments?post=975657"}],"version-history":[{"count":3,"href":"https:\/\/www.cnbb.org.br\/cnbb-app\/wp\/v2\/posts\/975657\/revisions"}],"predecessor-version":[{"id":975675,"href":"https:\/\/www.cnbb.org.br\/cnbb-app\/wp\/v2\/posts\/975657\/revisions\/975675"}],"wp:featuredmedia":[{"embeddable":true,"href":"https:\/\/www.cnbb.org.br\/cnbb-app\/wp\/v2\/media\/975671"}],"wp:attachment":[{"href":"https:\/\/www.cnbb.org.br\/cnbb-app\/wp\/v2\/media?parent=975657"}],"wp:term":[{"taxonomy":"category","embeddable":true,"href":"https:\/\/www.cnbb.org.br\/cnbb-app\/wp\/v2\/categories?post=975657"},{"taxonomy":"post_tag","embeddable":true,"href":"https:\/\/www.cnbb.org.br\/cnbb-app\/wp\/v2\/tags?post=975657"}],"curies":[{"name":"wp","href":"https:\/\/api.w.org\/{rel}","templated":true}]}}