{"id":975820,"date":"2025-01-06T09:29:00","date_gmt":"2025-01-06T12:29:00","guid":{"rendered":"https:\/\/www.cnbb.org.br\/?p=975820"},"modified":"2025-01-06T09:37:08","modified_gmt":"2025-01-06T12:37:08","slug":"vamos-adorar-o-salvador","status":"publish","type":"post","link":"https:\/\/www.cnbb.org.br\/vamos-adorar-o-salvador\/","title":{"rendered":"Vamos adorar o Salvador!\u00a0"},"content":{"rendered":"<p style=\"text-align: right;\"><b><span data-contrast=\"none\">Dom Anuar Battisti\u202f<\/span><\/b><br \/>\n<b><span data-contrast=\"none\">Arcebispo Em\u00e9rito de Maring\u00e1 (PR)<\/span><\/b><span data-ccp-props=\"{&quot;201341983&quot;:0,&quot;335551550&quot;:2,&quot;335551620&quot;:2,&quot;335559731&quot;:708,&quot;335559739&quot;:160,&quot;335559740&quot;:278}\">\u00a0<\/span><\/p>\n<p style=\"text-align: justify;\"><span data-ccp-props=\"{&quot;201341983&quot;:0,&quot;335551550&quot;:6,&quot;335551620&quot;:6,&quot;335559731&quot;:708,&quot;335559739&quot;:160,&quot;335559740&quot;:278}\">\u00a0<\/span><\/p>\n<p style=\"text-align: justify;\"><span data-contrast=\"auto\">Queridos irm\u00e3os e irm\u00e3s em Cristo,<\/span><span data-ccp-props=\"{&quot;201341983&quot;:0,&quot;335551550&quot;:6,&quot;335551620&quot;:6,&quot;335559731&quot;:708,&quot;335559739&quot;:160,&quot;335559740&quot;:278}\">\u00a0<\/span><\/p>\n<p style=\"text-align: justify;\"><span data-contrast=\"auto\">Celebramos hoje a Solenidade da Epifania do Senhor, um momento em que a luz de Cristo se manifesta n\u00e3o apenas ao povo de Israel, mas a todas as na\u00e7\u00f5es. A palavra \u201cepifania\u201d significa \u201cmanifesta\u00e7\u00e3o\u201d, e neste dia contemplamos a vinda dos Magos do Oriente para adorar o Menino Jesus, reconhecendo-O como Rei, Deus e Salvador.<\/span><span data-ccp-props=\"{&quot;201341983&quot;:0,&quot;335551550&quot;:6,&quot;335551620&quot;:6,&quot;335559731&quot;:708,&quot;335559739&quot;:160,&quot;335559740&quot;:278}\">\u00a0<\/span><\/p>\n<p style=\"text-align: justify;\"><span data-contrast=\"auto\">Na primeira leitura, o profeta Isa\u00edas proclama: <\/span><i><span data-contrast=\"auto\">\u201cLevanta-te, Jerusal\u00e9m, e resplandece, pois chegou a tua luz!\u201d<\/span><\/i><span data-contrast=\"auto\"> (Is 60,1). Essa luz \u00e9 Cristo, que veio dissipar as trevas do pecado e iluminar todos os povos. Os Magos, guiados pela estrela, representam as na\u00e7\u00f5es que buscam essa luz. Eles nos ensinam que, mesmo em meio \u00e0s incertezas, Deus nos conduz com sinais claros para encontrarmos a verdade.<\/span><span data-ccp-props=\"{&quot;201341983&quot;:0,&quot;335551550&quot;:6,&quot;335551620&quot;:6,&quot;335559731&quot;:708,&quot;335559739&quot;:160,&quot;335559740&quot;:278}\">\u00a0<\/span><\/p>\n<p style=\"text-align: justify;\"><span data-contrast=\"auto\">Perguntemo-nos: estamos atentos aos sinais de Deus em nossa vida? Ou nos deixamos distrair pelas trevas da d\u00favida, do ego\u00edsmo e do des\u00e2nimo?<\/span><span data-ccp-props=\"{&quot;201341983&quot;:0,&quot;335551550&quot;:6,&quot;335551620&quot;:6,&quot;335559731&quot;:708,&quot;335559739&quot;:160,&quot;335559740&quot;:278}\">\u00a0<\/span><\/p>\n<p style=\"text-align: justify;\"><span data-contrast=\"auto\">S\u00e3o Paulo, na segunda leitura, nos lembra que a salva\u00e7\u00e3o em Cristo \u00e9 destinada a todos: <\/span><i><span data-contrast=\"auto\">\u201cOs pag\u00e3os s\u00e3o admitidos \u00e0 mesma heran\u00e7a, s\u00e3o membros do mesmo corpo\u201d<\/span><\/i><span data-contrast=\"auto\"> (Ef 3,6). A Epifania nos convida a sair das nossas zonas de conforto e abra\u00e7ar a miss\u00e3o universal da Igreja. Assim como os Magos foram ao encontro de Cristo, somos chamados a levar a luz do Evangelho aos que ainda n\u00e3o a conhecem.<\/span><span data-ccp-props=\"{&quot;201341983&quot;:0,&quot;335551550&quot;:6,&quot;335551620&quot;:6,&quot;335559731&quot;:708,&quot;335559739&quot;:160,&quot;335559740&quot;:278}\">\u00a0<\/span><\/p>\n<p style=\"text-align: justify;\"><span data-contrast=\"auto\">Isso nos desafia a sermos testemunhas vivas da f\u00e9. Como podemos ser estrelas que guiam outros ao encontro de Jesus?<\/span><span data-ccp-props=\"{&quot;201341983&quot;:0,&quot;335551550&quot;:6,&quot;335551620&quot;:6,&quot;335559731&quot;:708,&quot;335559739&quot;:160,&quot;335559740&quot;:278}\">\u00a0<\/span><\/p>\n<p style=\"text-align: justify;\"><span data-contrast=\"auto\">No Evangelho, vemos a atitude dos Magos ao encontrar Jesus: <\/span><i><span data-contrast=\"auto\">\u201cProstraram-se diante dele e o adoraram\u201d<\/span><\/i><span data-contrast=\"auto\"> (Mt 2,11). Reconheceram que aquele menino pobre era o verdadeiro Rei. Trouxeram-lhe presentes significativos:<\/span><span data-ccp-props=\"{&quot;201341983&quot;:0,&quot;335551550&quot;:6,&quot;335551620&quot;:6,&quot;335559731&quot;:708,&quot;335559739&quot;:160,&quot;335559740&quot;:278}\">\u00a0<\/span><\/p>\n<p style=\"text-align: justify;\"><b><span data-contrast=\"auto\">Ouro<\/span><\/b><span data-contrast=\"auto\">: simbolizando a realeza de Cristo.<\/span><span data-ccp-props=\"{&quot;201341983&quot;:0,&quot;335551550&quot;:6,&quot;335551620&quot;:6,&quot;335559731&quot;:708,&quot;335559739&quot;:160,&quot;335559740&quot;:278}\">\u00a0<\/span><\/p>\n<p style=\"text-align: justify;\"><b><span data-contrast=\"auto\">Incenso<\/span><\/b><span data-contrast=\"auto\">: indicando sua divindade.<\/span><span data-ccp-props=\"{&quot;201341983&quot;:0,&quot;335551550&quot;:6,&quot;335551620&quot;:6,&quot;335559731&quot;:708,&quot;335559739&quot;:160,&quot;335559740&quot;:278}\">\u00a0<\/span><\/p>\n<p style=\"text-align: justify;\"><b><span data-contrast=\"auto\">Mirra<\/span><\/b><span data-contrast=\"auto\">: prefigurando seu sofrimento e morte redentora.<\/span><span data-ccp-props=\"{&quot;201341983&quot;:0,&quot;335551550&quot;:6,&quot;335551620&quot;:6,&quot;335559731&quot;:708,&quot;335559739&quot;:160,&quot;335559740&quot;:278}\">\u00a0<\/span><\/p>\n<p style=\"text-align: justify;\"><span data-contrast=\"auto\">Esses presentes nos convidam a refletir: o que temos oferecido a Jesus? Nossa vida, nossas a\u00e7\u00f5es, nossas escolhas refletem a entrega total a Ele?<\/span><span data-ccp-props=\"{&quot;201341983&quot;:0,&quot;335551550&quot;:6,&quot;335551620&quot;:6,&quot;335559731&quot;:708,&quot;335559739&quot;:160,&quot;335559740&quot;:278}\">\u00a0<\/span><\/p>\n<p style=\"text-align: justify;\"><span data-contrast=\"auto\">Ap\u00f3s o encontro com Jesus, os Magos voltaram por outro caminho (Mt 2,12). Esse gesto simboliza a transforma\u00e7\u00e3o que ocorre quando encontramos Cristo. N\u00e3o podemos voltar \u00e0 vida de antes; somos chamados a trilhar novos caminhos de convers\u00e3o, amor e servi\u00e7o.<\/span><span data-ccp-props=\"{&quot;201341983&quot;:0,&quot;335551550&quot;:6,&quot;335551620&quot;:6,&quot;335559731&quot;:708,&quot;335559739&quot;:160,&quot;335559740&quot;:278}\">\u00a0<\/span><\/p>\n<p style=\"text-align: justify;\"><span data-contrast=\"auto\">Queridos irm\u00e3os e irm\u00e3s, a Epifania \u00e9 um convite a sermos luz no mundo, a reconhecer Cristo em nossa vida e a ador\u00e1-Lo com humildade e f\u00e9. Que possamos, como os Magos, buscar incansavelmente o Senhor, oferecer-Lhe o que temos de melhor e deixar que Ele transforme nossos caminhos.<\/span><span data-ccp-props=\"{&quot;201341983&quot;:0,&quot;335551550&quot;:6,&quot;335551620&quot;:6,&quot;335559731&quot;:708,&quot;335559739&quot;:160,&quot;335559740&quot;:278}\">\u00a0<\/span><\/p>\n<p style=\"text-align: justify;\"><span data-contrast=\"auto\">Pe\u00e7amos a intercess\u00e3o de Maria, a Estrela da Manh\u00e3, para que nos guie sempre ao seu Filho. Que a luz de Cristo brilhe em nossas vidas e ilumine o mundo inteiro.<\/span><span data-ccp-props=\"{&quot;201341983&quot;:0,&quot;335551550&quot;:6,&quot;335551620&quot;:6,&quot;335559731&quot;:708,&quot;335559739&quot;:160,&quot;335559740&quot;:278}\">\u00a0<\/span><\/p>\n<p style=\"text-align: justify;\"><span data-contrast=\"auto\">Am\u00e9m.<\/span><span data-ccp-props=\"{&quot;201341983&quot;:0,&quot;335551550&quot;:6,&quot;335551620&quot;:6,&quot;335559731&quot;:708,&quot;335559739&quot;:160,&quot;335559740&quot;:278}\">\u00a0<\/span><\/p>\n<p style=\"text-align: justify;\"><span data-ccp-props=\"{&quot;201341983&quot;:0,&quot;335551550&quot;:6,&quot;335551620&quot;:6,&quot;335559731&quot;:708,&quot;335559739&quot;:160,&quot;335559740&quot;:278}\">\u00a0<\/span><\/p>\n<p style=\"text-align: justify;\">\n","protected":false},"excerpt":{"rendered":"<p>Dom Anuar Battisti\u202f Arcebispo Em\u00e9rito de Maring\u00e1 (PR)\u00a0 \u00a0 Queridos irm\u00e3os e irm\u00e3s em Cristo,\u00a0 Celebramos hoje a Solenidade da Epifania do Senhor, um momento em que a luz de Cristo se manifesta n\u00e3o apenas ao povo de Israel, mas a todas as na\u00e7\u00f5es. A palavra \u201cepifania\u201d significa \u201cmanifesta\u00e7\u00e3o\u201d, e neste dia contemplamos a vinda &hellip;<\/p>\n<p class=\"read-more\"> <a class=\"\" href=\"https:\/\/www.cnbb.org.br\/vamos-adorar-o-salvador\/\"> <span class=\"screen-reader-text\">Vamos adorar o Salvador!\u00a0<\/span> Leia mais &raquo;<\/a><\/p>\n","protected":false},"author":41,"featured_media":0,"comment_status":"closed","ping_status":"closed","sticky":false,"template":"","format":"standard","meta":{"site-sidebar-layout":"default","site-content-layout":"default","ast-global-header-display":"","ast-banner-title-visibility":"","ast-main-header-display":"","ast-hfb-above-header-display":"","ast-hfb-below-header-display":"","ast-hfb-mobile-header-display":"","site-post-title":"","ast-breadcrumbs-content":"","ast-featured-img":"","footer-sml-layout":"","theme-transparent-header-meta":"default","adv-header-id-meta":"","stick-header-meta":"","header-above-stick-meta":"","header-main-stick-meta":"","header-below-stick-meta":""},"categories":[758],"tags":[],"acf":[],"_links":{"self":[{"href":"https:\/\/www.cnbb.org.br\/cnbb-app\/wp\/v2\/posts\/975820"}],"collection":[{"href":"https:\/\/www.cnbb.org.br\/cnbb-app\/wp\/v2\/posts"}],"about":[{"href":"https:\/\/www.cnbb.org.br\/cnbb-app\/wp\/v2\/types\/post"}],"author":[{"embeddable":true,"href":"https:\/\/www.cnbb.org.br\/cnbb-app\/wp\/v2\/users\/41"}],"replies":[{"embeddable":true,"href":"https:\/\/www.cnbb.org.br\/cnbb-app\/wp\/v2\/comments?post=975820"}],"version-history":[{"count":1,"href":"https:\/\/www.cnbb.org.br\/cnbb-app\/wp\/v2\/posts\/975820\/revisions"}],"predecessor-version":[{"id":975821,"href":"https:\/\/www.cnbb.org.br\/cnbb-app\/wp\/v2\/posts\/975820\/revisions\/975821"}],"wp:attachment":[{"href":"https:\/\/www.cnbb.org.br\/cnbb-app\/wp\/v2\/media?parent=975820"}],"wp:term":[{"taxonomy":"category","embeddable":true,"href":"https:\/\/www.cnbb.org.br\/cnbb-app\/wp\/v2\/categories?post=975820"},{"taxonomy":"post_tag","embeddable":true,"href":"https:\/\/www.cnbb.org.br\/cnbb-app\/wp\/v2\/tags?post=975820"}],"curies":[{"name":"wp","href":"https:\/\/api.w.org\/{rel}","templated":true}]}}