{"id":975918,"date":"2025-01-14T11:39:26","date_gmt":"2025-01-14T14:39:26","guid":{"rendered":"https:\/\/www.cnbb.org.br\/?p=975918"},"modified":"2025-01-14T13:20:41","modified_gmt":"2025-01-14T16:20:41","slug":"jovens-profissionais-da-comunicacao-sao-selecionados-para-participar-de-programacao-especial-dentro-do-jubileu-2025","status":"publish","type":"post","link":"https:\/\/www.cnbb.org.br\/jovens-profissionais-da-comunicacao-sao-selecionados-para-participar-de-programacao-especial-dentro-do-jubileu-2025\/","title":{"rendered":"Jovens profissionais da comunica\u00e7\u00e3o s\u00e3o selecionados para participar de programa\u00e7\u00e3o especial dentro do Jubileu 2025\u00a0\u00a0"},"content":{"rendered":"<div class=\"flex-shrink-0 flex flex-col relative items-end\">\n<div>\n<div class=\"pt-0\">\n<div class=\"gizmo-bot-avatar flex h-8 w-8 items-center justify-center overflow-hidden rounded-full\">\n<p style=\"text-align: justify;\"><span style=\"font-size: 16px; text-align: justify;\">Roma recebe, neste in\u00edcio de ano, um encontro internacional de tr\u00eas dias que promete inspirar e mobilizar jovens comunicadores profissionais de todos os continentes. Trata-se do <\/span><span style=\"font-size: 16px; text-align: justify;\">encontro de jovens profissionais de comunica\u00e7\u00e3o, que acontece no \u00e2mbito do Jubileu das Comunica\u00e7\u00f5es, e re\u00fane cerca de 120 jovens representantes das Confer\u00eancias Episcopais, com idades de at\u00e9 35 anos, todos com experi\u00eancia na \u00e1rea de comunica\u00e7\u00e3o e meios digitais.<\/span><\/p>\n<p style=\"text-align: justify;\">A iniciativa \u00e9 organizada pelo Dicast\u00e9rio da Comunica\u00e7\u00e3o,<span style=\"font-size: 16px; text-align: justify;\"> do Vaticano, e <\/span><span style=\"font-size: 16px; text-align: justify;\">tem como objetivo promover a troca de experi\u00eancias, compartilhar inspira\u00e7\u00f5es e alinhar miss\u00f5es com vistas ao Jubileu de 2025. Al\u00e9m disso refor\u00e7a a import\u00e2ncia da comunica\u00e7\u00e3o para o fortalecimento da f\u00e9 e da mensagem cat\u00f3lica no mundo contempor\u00e2neo.<\/span><\/p>\n<\/div>\n<\/div>\n<\/div>\n<\/div>\n<div class=\"group\/conversation-turn relative flex w-full min-w-0 flex-col agent-turn\">\n<div class=\"flex-col gap-1 md:gap-3\">\n<div class=\"flex max-w-full flex-col flex-grow\">\n<div class=\"min-h-8 text-message flex w-full flex-col items-end gap-2 whitespace-normal break-words text-start [.text-message+&amp;]:mt-5\" dir=\"auto\" data-message-author-role=\"assistant\" data-message-id=\"e8518a3b-d084-4903-b199-d8009d9ac8fb\" data-message-model-slug=\"gpt-4o-mini\">\n<div class=\"flex w-full flex-col gap-1 empty:hidden first:pt-[3px]\">\n<div class=\"markdown prose w-full break-words dark:prose-invert light\">\n<p style=\"text-align: justify;\">Durante os tr\u00eas dias, os participantes ter\u00e3o a oportunidade de dialogar com especialistas da \u00e1rea da comunica\u00e7\u00e3o, incluindo jornalistas, influenciadores digitais e profissionais de organiza\u00e7\u00f5es internacionais. Al\u00e9m disso, ser\u00e3o abordadas quest\u00f5es-chave sobre o papel da m\u00eddia na propaga\u00e7\u00e3o dos valores crist\u00e3os e a miss\u00e3o da Igreja no mundo digital.<\/p>\n<p style=\"text-align: justify;\">A programa\u00e7\u00e3o do evento incluir\u00e1 palestras, workshops e momentos de reflex\u00e3o sobre como as novas plataformas digitais podem ser aliadas poderosas na evangeliza\u00e7\u00e3o e no fortalecimento das comunidades de f\u00e9 ao redor do mundo. Entre os temas debatidos, destacam-se o papel das redes sociais, a \u00e9tica na comunica\u00e7\u00e3o e o uso da tecnologia para engajar jovens na miss\u00e3o da Igreja.<\/p>\n<p style=\"text-align: justify;\">A participa\u00e7\u00e3o dos jovens comunicadores no encontro de Roma n\u00e3o apenas fortalece a miss\u00e3o de evangeliza\u00e7\u00e3o, mas tamb\u00e9m prepara a Igreja para um Jubileu que, pela primeira vez, ser\u00e1 marcado por um forte uso de meios digitais, conectando pessoas de diferentes culturas e realidades.<\/p>\n<h3>Conhe\u00e7a alguns dos participantes<\/h3>\n<p style=\"text-align: justify;\">Do Brasil algumas pessoas foram convidadas pelo Dicast\u00e9rio para a Comunica\u00e7\u00e3o, do Vaticano, para participar do <span style=\"font-size: 16px; text-align: justify;\">encontro de jovens profissionais de comunica\u00e7\u00e3o. Alguns dos participantes identificados pela Ascom da CNBB s\u00e3o Let\u00edcia Flor\u00eancio, coordenadora de comunica\u00e7\u00e3o no Movimento Laudato Si&#8217;; <\/span><span style=\"font-size: 16px; text-align: justify;\">Ronnaldh de Oliveira, mission\u00e1rio Digital, Larissa Carvalho, da Assessoria de Comunica\u00e7\u00e3o da CNBB; Gizele Barbosa, da Signis Jovem; Paloma Timo, das Edi\u00e7\u00f5es CNBB; Thulio Fonseca, da reda\u00e7\u00e3o brasileira do Vatican News.<\/span><\/p>\n<figure id=\"attachment_976127\" aria-describedby=\"caption-attachment-976127\" style=\"width: 224px\" class=\"wp-caption alignleft\"><img decoding=\"async\" loading=\"lazy\" class=\"wp-image-976127 \" src=\"https:\/\/www.cnbb.org.br\/wp-content\/uploads\/2025\/01\/WhatsApp-Image-2025-01-11-at-21.22.43-200x300.jpeg\" alt=\"\" width=\"224\" height=\"336\" srcset=\"https:\/\/www.cnbb.org.br\/wp-content\/uploads\/2025\/01\/WhatsApp-Image-2025-01-11-at-21.22.43-200x300.jpeg 200w, https:\/\/www.cnbb.org.br\/wp-content\/uploads\/2025\/01\/WhatsApp-Image-2025-01-11-at-21.22.43-683x1024.jpeg 683w, https:\/\/www.cnbb.org.br\/wp-content\/uploads\/2025\/01\/WhatsApp-Image-2025-01-11-at-21.22.43-768x1152.jpeg 768w, https:\/\/www.cnbb.org.br\/wp-content\/uploads\/2025\/01\/WhatsApp-Image-2025-01-11-at-21.22.43-1024x1536.jpeg 1024w, https:\/\/www.cnbb.org.br\/wp-content\/uploads\/2025\/01\/WhatsApp-Image-2025-01-11-at-21.22.43-1366x2048.jpeg 1366w, https:\/\/www.cnbb.org.br\/wp-content\/uploads\/2025\/01\/WhatsApp-Image-2025-01-11-at-21.22.43-500x750.jpeg 500w, https:\/\/www.cnbb.org.br\/wp-content\/uploads\/2025\/01\/WhatsApp-Image-2025-01-11-at-21.22.43-scaled.jpeg 1707w\" sizes=\"(max-width: 224px) 100vw, 224px\" \/><figcaption id=\"caption-attachment-976127\" class=\"wp-caption-text\">Let\u00edcia Flor\u00eancio<\/figcaption><\/figure>\n<p style=\"text-align: justify;\"><strong>Let\u00edcia Flor\u00eancio<\/strong> \u00e9 f<span style=\"font-size: 16px;\">ormada em jornalismo e designer gr\u00e1fico. Atualmente \u00e9 coordenadora de comunica\u00e7\u00e3o no Movimento Laudato Si\u2019 para pa\u00edses de l\u00edngua portuguesa, e assessora de comunica\u00e7\u00e3o na Prov\u00edncia Franciscana de Santo Ant\u00f4nio do Brasil &#8211; Ordem dos Frades Menores, regi\u00e3o Nordeste. Com mais de 10 anos de experi\u00eancia em comunica\u00e7\u00e3o criativa, atua nos eixos de espiritualidade, educa\u00e7\u00e3o e desenvolvimento social, em especial no contexto eclesial.<\/span><\/p>\n<\/div>\n<\/div>\n<\/div>\n<\/div>\n<p style=\"text-align: justify;\">Ela compartilhou seus sentimentos e objetivos para o evento, destacando o valor da troca cultural e espiritual entre os jovens comunicadores de diferentes pa\u00edses.<\/p>\n<blockquote>\n<p style=\"text-align: justify;\">\u201cA minha expectativa para o encontro \u00e9 uma das maiores poss\u00edveis. Estou com muita expectativa de participar, de poder me conectar com outros jovens comunicadores de outros pa\u00edses do mundo, o que \u00e9 algo que eu valorizo muito. A troca de experi\u00eancias entre diferentes culturas, com pessoas que atuam em suas comunidades locais, com seus pr\u00f3prios idiomas e realidades, \u00e9 algo \u00fanico\u201d, disse Let\u00edcia, refletindo sobre a import\u00e2ncia desse interc\u00e2mbio.<\/p>\n<\/blockquote>\n<p style=\"text-align: justify;\">Ela tamb\u00e9m destacou como o evento permitir\u00e1 a viv\u00eancia pr\u00e1tica da comunh\u00e3o da igreja universal, um princ\u00edpio central da f\u00e9 crist\u00e3. \u201c\u00c9 uma oportunidade de viver na pr\u00e1tica o testemunho da comunh\u00e3o da igreja, de perceber que, embora venhamos de contextos diferentes, as necessidades e os desafios s\u00e3o comuns. O que acontece aqui no interior do Brasil, na minha comunidade na periferia de Teresina, pode tamb\u00e9m ser realidade em outros lugares do mundo\u201d, afirmou.<\/p>\n<p style=\"text-align: justify;\">Let\u00edcia tamb\u00e9m enfatizou a import\u00e2ncia de voltar \u00e0 sua comunidade local com um novo entendimento e renovada energia. \u201cEu acredito que a gente precisa se preencher de boas experi\u00eancias, bons testemunhos e b\u00ean\u00e7\u00e3os para poder, ao retornar, derramar isso na nossa realidade local. Vou com a expectativa de voltar com muito conhecimento, com paix\u00e3o e com amor para compartilhar com a minha igreja e minha comunidade\u201d, concluiu.<\/p>\n<figure id=\"attachment_976129\" aria-describedby=\"caption-attachment-976129\" style=\"width: 272px\" class=\"wp-caption alignright\"><img decoding=\"async\" loading=\"lazy\" class=\"wp-image-976129 size-medium\" src=\"https:\/\/www.cnbb.org.br\/wp-content\/uploads\/2025\/01\/WhatsApp-Image-2025-01-13-at-14.00.03-272x300.jpeg\" alt=\"\" width=\"272\" height=\"300\" srcset=\"https:\/\/www.cnbb.org.br\/wp-content\/uploads\/2025\/01\/WhatsApp-Image-2025-01-13-at-14.00.03-272x300.jpeg 272w, https:\/\/www.cnbb.org.br\/wp-content\/uploads\/2025\/01\/WhatsApp-Image-2025-01-13-at-14.00.03-927x1024.jpeg 927w, https:\/\/www.cnbb.org.br\/wp-content\/uploads\/2025\/01\/WhatsApp-Image-2025-01-13-at-14.00.03-768x848.jpeg 768w, https:\/\/www.cnbb.org.br\/wp-content\/uploads\/2025\/01\/WhatsApp-Image-2025-01-13-at-14.00.03-500x552.jpeg 500w, https:\/\/www.cnbb.org.br\/wp-content\/uploads\/2025\/01\/WhatsApp-Image-2025-01-13-at-14.00.03.jpeg 1159w\" sizes=\"(max-width: 272px) 100vw, 272px\" \/><figcaption id=\"caption-attachment-976129\" class=\"wp-caption-text\">Savio Martins<\/figcaption><\/figure>\n<p style=\"text-align: justify;\"><strong>Savio Martins\u00a0<\/strong>\u00e9 publicit\u00e1rio e, atualmente, atua na \u00e1rea da cria\u00e7\u00e3o do design gr\u00e1fico e est\u00e1 inserido na comunica\u00e7\u00e3o da Igreja Cat\u00f3lica h\u00e1 mais de dez anos, tendo contribu\u00eddo profissionalmente tanto em pastorais, par\u00f3quias, arquidioceses. Hoje trabalha no marco de uma das maiores emissoras cat\u00f3licas do pa\u00eds que \u00e9 a Rede Vida.<\/p>\n<p style=\"text-align: justify;\">Ele compartilhou uma vis\u00e3o mais focada no aspecto profissional do evento: \u201cA minha expectativa para o encontro \u00e9 que seja um momento que nos enrique\u00e7a e fortale\u00e7a profissionalmente, espiritualmente e tamb\u00e9m culturalmente. Espero que cada jovem possa levar e partilhar um pouco das experi\u00eancias vividas por meio da comunica\u00e7\u00e3o nos diversos meios em que est\u00e3o inseridos\u201d, explicou S\u00e1vio.<\/p>\n<p style=\"text-align: justify;\">Para ele, a troca de experi\u00eancias ser\u00e1 essencial para enriquecer o trabalho de cada um em seus contextos locais. \u201cA partir dessas experi\u00eancias, espero que possamos trazer algo valioso para os nossos meios de atua\u00e7\u00e3o, no dia a dia, trabalhando com a comunica\u00e7\u00e3o.\u201d<\/p>\n<figure id=\"attachment_976176\" aria-describedby=\"caption-attachment-976176\" style=\"width: 200px\" class=\"wp-caption alignleft\"><img decoding=\"async\" loading=\"lazy\" class=\"wp-image-976176 size-medium\" src=\"https:\/\/www.cnbb.org.br\/wp-content\/uploads\/2025\/01\/MG_1620-1-200x300.jpg\" alt=\"\" width=\"200\" height=\"300\" srcset=\"https:\/\/www.cnbb.org.br\/wp-content\/uploads\/2025\/01\/MG_1620-1-200x300.jpg 200w, https:\/\/www.cnbb.org.br\/wp-content\/uploads\/2025\/01\/MG_1620-1-683x1024.jpg 683w, https:\/\/www.cnbb.org.br\/wp-content\/uploads\/2025\/01\/MG_1620-1-768x1152.jpg 768w, https:\/\/www.cnbb.org.br\/wp-content\/uploads\/2025\/01\/MG_1620-1-1024x1536.jpg 1024w, https:\/\/www.cnbb.org.br\/wp-content\/uploads\/2025\/01\/MG_1620-1-1365x2048.jpg 1365w, https:\/\/www.cnbb.org.br\/wp-content\/uploads\/2025\/01\/MG_1620-1-500x750.jpg 500w, https:\/\/www.cnbb.org.br\/wp-content\/uploads\/2025\/01\/MG_1620-1-scaled.jpg 1707w\" sizes=\"(max-width: 200px) 100vw, 200px\" \/><figcaption id=\"caption-attachment-976176\" class=\"wp-caption-text\">Gizele Barbosa<\/figcaption><\/figure>\n<p style=\"text-align: justify;\">Entre os participantes tamb\u00e9m encontramos hist\u00f3rias como a de <strong>Gizele Barbosa<\/strong>, que destaca a import\u00e2ncia de se conectar com pessoas que est\u00e3o na mesma din\u00e2mica de ser e comunicar esperan\u00e7a. &#8220;Conhecer e encontrar pessoas que est\u00e3o na mesma trajet\u00f3ria \u00e9 um dos maiores presentes que podemos receber&#8221;.<\/p>\n<p style=\"text-align: justify;\">Para ela, o Jubileu ser\u00e1 tamb\u00e9m uma oportunidade de aprender com aqueles que vem de diferentes lugares e contextos, cada um trazendo consigo um olhar \u00fanico sobre o mundo e a comunica\u00e7\u00e3o. Esse interc\u00e2mbio de viv\u00eancias \u00e9 visto por ela como uma forma de enriquecer a vis\u00e3o de todos, fortalecer a esperan\u00e7a e ampliar os horizontes de como comunicar de maneira mais aut\u00eantica e inspiradora.<\/p>\n<p style=\"text-align: justify;\">Gizele Barbosa \u00e9 <span style=\"font-size: 16px; font-weight: 400;\">te\u00f3loga de forma\u00e7\u00e3o e comunicadora por voca\u00e7\u00e3o. J\u00e1 foi da Congrega\u00e7\u00e3o das Irm\u00e3s Paulinas, no qual dedicou 15 anos de sua vida como religiosa.\u00a0<\/span><\/p>\n<p style=\"text-align: justify;\">Participar de um Jubileu na Santa S\u00e9 \u00e9, para qualquer crist\u00e3o, uma experi\u00eancia profundamente significativa. Para <strong>Ronnaldh de Oliveira<\/strong>, que tamb\u00e9m \u00e9 comunicador, a oportunidade \u00e9 ainda mais especial. Ele compartilhou com entusiasmo a alegria e a responsabilidade de viver este momento \u00fanico.<\/p>\n<figure id=\"attachment_976159\" aria-describedby=\"caption-attachment-976159\" style=\"width: 225px\" class=\"wp-caption alignright\"><img decoding=\"async\" loading=\"lazy\" class=\"wp-image-976159 size-medium\" src=\"https:\/\/www.cnbb.org.br\/wp-content\/uploads\/2025\/01\/WhatsApp-Image-2025-01-14-at-09.58.59-225x300.jpeg\" alt=\"\" width=\"225\" height=\"300\" srcset=\"https:\/\/www.cnbb.org.br\/wp-content\/uploads\/2025\/01\/WhatsApp-Image-2025-01-14-at-09.58.59-225x300.jpeg 225w, https:\/\/www.cnbb.org.br\/wp-content\/uploads\/2025\/01\/WhatsApp-Image-2025-01-14-at-09.58.59-768x1024.jpeg 768w, https:\/\/www.cnbb.org.br\/wp-content\/uploads\/2025\/01\/WhatsApp-Image-2025-01-14-at-09.58.59-1152x1536.jpeg 1152w, https:\/\/www.cnbb.org.br\/wp-content\/uploads\/2025\/01\/WhatsApp-Image-2025-01-14-at-09.58.59-1536x2048.jpeg 1536w, https:\/\/www.cnbb.org.br\/wp-content\/uploads\/2025\/01\/WhatsApp-Image-2025-01-14-at-09.58.59-500x667.jpeg 500w, https:\/\/www.cnbb.org.br\/wp-content\/uploads\/2025\/01\/WhatsApp-Image-2025-01-14-at-09.58.59-scaled.jpeg 1920w\" sizes=\"(max-width: 225px) 100vw, 225px\" \/><figcaption id=\"caption-attachment-976159\" class=\"wp-caption-text\">Ronnaldh de Oliveira<\/figcaption><\/figure>\n<p style=\"text-align: justify;\">\u201cPrimeiramente, \u00e9 uma gra\u00e7a muito grande participar de um Jubileu a partir da e na Santa S\u00e9. Vivenciar essa experi\u00eancia como batizado, jovem e comunicador \u00e9 justamente congruir f\u00e9, exist\u00eancia e voca\u00e7\u00e3o\u201d, afirmou, ressaltando a profundidade do significado de sua presen\u00e7a nesse evento.<\/p>\n<p style=\"text-align: justify;\">Ele destacou que, ao estar no cora\u00e7\u00e3o da Igreja, sente-se n\u00e3o apenas representando a si mesmo, mas tamb\u00e9m muitos jovens brasileiros, comunicadores e batizados. \u201cDe certa forma, compreender que estou ali representando tantos outros \u00e9 tamb\u00e9m criar consci\u00eancia de sinodalidade e apostolado. \u00c9 um momento de uni\u00e3o e de fortalecimento do compromisso com a f\u00e9 e com os outros\u201d, explicou.<\/p>\n<p style=\"text-align: justify;\">A empolga\u00e7\u00e3o \u00e9 palp\u00e1vel: \u201cEstou super feliz com tudo isso, entusiasmado e pronto a vivenciar intensamente essa experi\u00eancia que j\u00e1 tem marcado a minha vida!\u201d, concluiu, demonstrando o quanto esse evento tem sido uma grande fonte de inspira\u00e7\u00e3o e alegria.<\/p>\n<p style=\"text-align: justify;\">\n<\/div>\n<div class=\"flex-col gap-1 md:gap-3\">\n<p>&nbsp;<\/p>\n<\/div>\n<p>&nbsp;<\/p>\n<\/div>\n<pre>Por Larissa Carvalho. Foto de capa: Site oficial do Jubileu<\/pre>\n<div class=\"group\/conversation-turn relative flex w-full min-w-0 flex-col agent-turn\">\n<div class=\"flex-col gap-1 md:gap-3\">\n<div class=\"flex max-w-full flex-col flex-grow\">\n<div class=\"min-h-8 text-message flex w-full flex-col items-end gap-2 whitespace-normal break-words text-start [.text-message+&amp;]:mt-5\" dir=\"auto\" data-message-author-role=\"assistant\" data-message-id=\"e8518a3b-d084-4903-b199-d8009d9ac8fb\" data-message-model-slug=\"gpt-4o-mini\">\n<div class=\"flex w-full flex-col gap-1 empty:hidden first:pt-[3px]\">\n<div class=\"markdown prose w-full break-words dark:prose-invert light\">\n<p style=\"text-align: justify;\">\n<\/div>\n<\/div>\n<\/div>\n<\/div>\n<\/div>\n<\/div>\n","protected":false},"excerpt":{"rendered":"<p>Roma recebe, neste in\u00edcio de ano, um encontro internacional de tr\u00eas dias que promete inspirar e mobilizar jovens comunicadores profissionais de todos os continentes. Trata-se do encontro de jovens profissionais de comunica\u00e7\u00e3o, que acontece no \u00e2mbito do Jubileu das Comunica\u00e7\u00f5es, e re\u00fane cerca de 200 jovens representantes das Confer\u00eancias Episcopais<\/p>\n","protected":false},"author":141,"featured_media":976133,"comment_status":"closed","ping_status":"closed","sticky":false,"template":"","format":"standard","meta":{"site-sidebar-layout":"default","site-content-layout":"default","ast-global-header-display":"","ast-banner-title-visibility":"","ast-main-header-display":"","ast-hfb-above-header-display":"","ast-hfb-below-header-display":"","ast-hfb-mobile-header-display":"","site-post-title":"","ast-breadcrumbs-content":"","ast-featured-img":"","footer-sml-layout":"","theme-transparent-header-meta":"default","adv-header-id-meta":"","stick-header-meta":"","header-above-stick-meta":"","header-main-stick-meta":"","header-below-stick-meta":""},"categories":[50,1851],"tags":[3616,5851,4922],"acf":[],"_links":{"self":[{"href":"https:\/\/www.cnbb.org.br\/cnbb-app\/wp\/v2\/posts\/975918"}],"collection":[{"href":"https:\/\/www.cnbb.org.br\/cnbb-app\/wp\/v2\/posts"}],"about":[{"href":"https:\/\/www.cnbb.org.br\/cnbb-app\/wp\/v2\/types\/post"}],"author":[{"embeddable":true,"href":"https:\/\/www.cnbb.org.br\/cnbb-app\/wp\/v2\/users\/141"}],"replies":[{"embeddable":true,"href":"https:\/\/www.cnbb.org.br\/cnbb-app\/wp\/v2\/comments?post=975918"}],"version-history":[{"count":37,"href":"https:\/\/www.cnbb.org.br\/cnbb-app\/wp\/v2\/posts\/975918\/revisions"}],"predecessor-version":[{"id":976195,"href":"https:\/\/www.cnbb.org.br\/cnbb-app\/wp\/v2\/posts\/975918\/revisions\/976195"}],"wp:featuredmedia":[{"embeddable":true,"href":"https:\/\/www.cnbb.org.br\/cnbb-app\/wp\/v2\/media\/976133"}],"wp:attachment":[{"href":"https:\/\/www.cnbb.org.br\/cnbb-app\/wp\/v2\/media?parent=975918"}],"wp:term":[{"taxonomy":"category","embeddable":true,"href":"https:\/\/www.cnbb.org.br\/cnbb-app\/wp\/v2\/categories?post=975918"},{"taxonomy":"post_tag","embeddable":true,"href":"https:\/\/www.cnbb.org.br\/cnbb-app\/wp\/v2\/tags?post=975918"}],"curies":[{"name":"wp","href":"https:\/\/api.w.org\/{rel}","templated":true}]}}