{"id":975981,"date":"2025-01-09T08:48:47","date_gmt":"2025-01-09T11:48:47","guid":{"rendered":"https:\/\/www.cnbb.org.br\/?p=975981"},"modified":"2025-01-10T08:49:40","modified_gmt":"2025-01-10T11:49:40","slug":"desarmar-o-coracao-e-reconstruir-a-paz","status":"publish","type":"post","link":"https:\/\/www.cnbb.org.br\/desarmar-o-coracao-e-reconstruir-a-paz\/","title":{"rendered":"Desarmar o cora\u00e7\u00e3o e reconstruir a paz\u00a0"},"content":{"rendered":"<p style=\"text-align: right;\"><strong>Dom Itacir Brassiani<br \/>\nBispo de Santa Cruz do Sul (RS)<\/strong><\/p>\n<p style=\"text-align: justify;\"><span data-contrast=\"none\">\u00a0<\/span><\/p>\n<p style=\"text-align: justify;\"><span data-contrast=\"none\">Todos sabemos, mas vale a pena lembrar: n\u00e3o \u00e9 o ano que precisa ser novo; somos n\u00f3s que precisamos renovar nossa escala de valores, atitudes, projetos, a\u00e7\u00f5es e rela\u00e7\u00f5es; somos n\u00f3s que precisamos abandonar as velhas li\u00e7\u00f5es e as roupas novas da meritocracia e da competi\u00e7\u00e3o, que muito cedo se revelaram apertadas e inadequadas.<\/span><span data-ccp-props=\"{&quot;201341983&quot;:0,&quot;335551550&quot;:6,&quot;335551620&quot;:6,&quot;335557856&quot;:16777215,&quot;335559740&quot;:240}\">\u00a0<\/span><\/p>\n<p style=\"text-align: justify;\"><span data-contrast=\"none\">Nas li\u00e7\u00f5es sempre novas da cartilha crist\u00e3 n\u00e3o encontram guarida mandamentos do tipo \u201ccada um para si e Deus para todos\u201d; \u201cquem pode mais chora menos\u201d; \u201co importante \u00e9 levar vantagem em tudo\u201d; \u201cv\u00edcios privados se convertem em virtudes p\u00fablicas\u201d; \u201csa\u00fade \u00e9 o que interessa, o resto n\u00e3o tem pressa\u201d; \u201cse queres a paz, prepara-te para a guerra\u201d&#8230;<\/span><span data-ccp-props=\"{&quot;201341983&quot;:0,&quot;335551550&quot;:6,&quot;335551620&quot;:6,&quot;335557856&quot;:16777215,&quot;335559740&quot;:240}\">\u00a0<\/span><\/p>\n<p style=\"text-align: justify;\"><span data-contrast=\"none\">Voltemos nossa aten\u00e7\u00e3o \u00e0 guerra, sereia que seduz navegadores em todos os mares e em todos os tempos. Ela \u00e9 gerada no ventre in\u00f3spito da ambi\u00e7\u00e3o desmedida, do medo irracional, da intoler\u00e2ncia pand\u00eamica, da livre concorr\u00eancia revestida com as belas roupas da virtude. Ela nunca realiza o que promete, e, no fim, todos perdem.<\/span><span data-ccp-props=\"{&quot;201341983&quot;:0,&quot;335551550&quot;:6,&quot;335551620&quot;:6,&quot;335557856&quot;:16777215,&quot;335559740&quot;:240}\">\u00a0<\/span><\/p>\n<p style=\"text-align: justify;\"><span data-contrast=\"none\">Permitam-me lev\u00e1-los novamente \u00e0 exorta\u00e7\u00e3o com a qual o Papa Francisco se dirige aos homens e mulheres de boa vontade na abertura deste novo ano civil: \u201cU<\/span><span data-contrast=\"none\">tilizemos pelo menos uma percentagem fixa do dinheiro gasto em armamento para a cria\u00e7\u00e3o de um fundo mundial que elimine definitivamente a fome\u201d. Ou a paz n\u00e3o merece esta chance?<\/span><span data-ccp-props=\"{&quot;201341983&quot;:0,&quot;335551550&quot;:6,&quot;335551620&quot;:6,&quot;335559740&quot;:240}\">\u00a0<\/span><\/p>\n<p style=\"text-align: justify;\"><span data-contrast=\"none\">Para que cheguemos, como comunidades e como humanidade, a essa meta ousada e necess\u00e1ria, precisamos desenvolver uma ampla gama de atividades educativas que nos ajudem a abrir os olhos \u00e0s crises que nos rodeiam e elimine qualquer pretexto para competir e vencer o outro, vingar a ofensa recebida ou eliminar quem pensa diferente.\u00a0<\/span><span data-ccp-props=\"{&quot;201341983&quot;:0,&quot;335551550&quot;:6,&quot;335551620&quot;:6,&quot;335559740&quot;:240}\">\u00a0<\/span><\/p>\n<p style=\"text-align: justify;\"><span data-contrast=\"none\">\u00c9 duro, mas precisamos compreender que a meritocracia, oferecida como for\u00e7a propulsora do sucesso, pode ser uma arma perigosa que deve ser descartada definitivamente. Ela forma consci\u00eancias arrogantes, que nos levam a atribuir a n\u00f3s mesmos os cr\u00e9ditos de tudo o que existe de bom e a deixar aos outros apenas os d\u00e9bitos.<\/span><span data-ccp-props=\"{&quot;201341983&quot;:0,&quot;335551550&quot;:6,&quot;335551620&quot;:6,&quot;335559740&quot;:240}\">\u00a0<\/span><\/p>\n<p style=\"text-align: justify;\"><span data-contrast=\"none\">Por isso, quando nos despojamos da arma do cr\u00e9dito e devolvemos o caminho da esperan\u00e7a a um irm\u00e3o, contribu\u00edmos para a restaura\u00e7\u00e3o da justi\u00e7a de Deus e caminhamos juntos para a meta da paz, diz o Papa. Para desarmar o mundo e investir no combate a fome, precisamos \u201cdesarmar o cora\u00e7\u00e3o\u201d e superar a ideologia da meritocracia.<\/span><span data-ccp-props=\"{&quot;201341983&quot;:0,&quot;335551550&quot;:6,&quot;335551620&quot;:6,&quot;335559740&quot;:240}\">\u00a0<\/span><\/p>\n<p style=\"text-align: justify;\"><span data-contrast=\"none\">\u201cProcuremos a verdadeira paz, que \u00e9 dada por Deus a um cora\u00e7\u00e3o desarmado: um cora\u00e7\u00e3o que n\u00e3o se det\u00e9m em calcular o que \u00e9 meu e o que \u00e9 teu; um cora\u00e7\u00e3o que dissolve o ego\u00edsmo para se dispor a ir ao encontro dos outros; um cora\u00e7\u00e3o que n\u00e3o hesita em reconhecer-se devedor e est\u00e1 pronto para perdoar as d\u00edvidas que oprimem o pr\u00f3ximo\u201d.<\/span><span data-ccp-props=\"{&quot;201341983&quot;:0,&quot;335551550&quot;:6,&quot;335551620&quot;:6,&quot;335559740&quot;:240}\">\u00a0<\/span><\/p>\n<p style=\"text-align: justify;\"><span data-contrast=\"none\">E o Papa Francisco continua: \u201c<\/span><span data-contrast=\"none\">Desarmar o cora\u00e7\u00e3o \u00e9 um gesto que compromete a todos, do primeiro ao \u00faltimo, do pequeno ao grande, do rico ao pobre. Por vezes, \u00e9 suficiente algo simples como um sorriso, um gesto de amizade, um olhar fraterno, uma escuta sincera, um servi\u00e7o gratuito<\/span><span data-contrast=\"none\">\u201d, pois a paz n\u00e3o nasce dos acordos selados nos escrit\u00f3rios.<\/span><span data-ccp-props=\"{&quot;201341983&quot;:0,&quot;335551550&quot;:6,&quot;335551620&quot;:6,&quot;335559740&quot;:240}\">\u00a0<\/span><\/p>\n<p style=\"text-align: justify;\"><span data-contrast=\"none\">Com estes gestos \u2013 pequenos, mas significativos \u2013 nos aproximamos da meta da paz. Caminhando juntos, perceberemos que j\u00e1 mudamos o nosso ponto de partida. <\/span><span data-contrast=\"none\">\u201cA paz n\u00e3o vem apenas com o fim da guerra, mas com o in\u00edcio de um mundo novo, no qual nos descobrimos diferentes e mais unidos, mais irm\u00e3os do que poder\u00edamos imaginar\u201d.<\/span><span data-ccp-props=\"{&quot;201341983&quot;:0,&quot;335551550&quot;:6,&quot;335551620&quot;:6,&quot;335559740&quot;:240}\">\u00a0<\/span><\/p>\n<p>&nbsp;<\/p>\n","protected":false},"excerpt":{"rendered":"<p>Dom Itacir Brassiani Bispo de Santa Cruz do Sul (RS) \u00a0 Todos sabemos, mas vale a pena lembrar: n\u00e3o \u00e9 o ano que precisa ser novo; somos n\u00f3s que precisamos renovar nossa escala de valores, atitudes, projetos, a\u00e7\u00f5es e rela\u00e7\u00f5es; somos n\u00f3s que precisamos abandonar as velhas li\u00e7\u00f5es e as roupas novas da meritocracia e &hellip;<\/p>\n<p class=\"read-more\"> <a class=\"\" href=\"https:\/\/www.cnbb.org.br\/desarmar-o-coracao-e-reconstruir-a-paz\/\"> <span class=\"screen-reader-text\">Desarmar o cora\u00e7\u00e3o e reconstruir a paz\u00a0<\/span> Leia mais &raquo;<\/a><\/p>\n","protected":false},"author":2510,"featured_media":0,"comment_status":"closed","ping_status":"closed","sticky":false,"template":"","format":"standard","meta":{"site-sidebar-layout":"default","site-content-layout":"default","ast-global-header-display":"","ast-banner-title-visibility":"","ast-main-header-display":"","ast-hfb-above-header-display":"","ast-hfb-below-header-display":"","ast-hfb-mobile-header-display":"","site-post-title":"","ast-breadcrumbs-content":"","ast-featured-img":"","footer-sml-layout":"","theme-transparent-header-meta":"default","adv-header-id-meta":"","stick-header-meta":"","header-above-stick-meta":"","header-main-stick-meta":"","header-below-stick-meta":""},"categories":[758],"tags":[],"acf":[],"_links":{"self":[{"href":"https:\/\/www.cnbb.org.br\/cnbb-app\/wp\/v2\/posts\/975981"}],"collection":[{"href":"https:\/\/www.cnbb.org.br\/cnbb-app\/wp\/v2\/posts"}],"about":[{"href":"https:\/\/www.cnbb.org.br\/cnbb-app\/wp\/v2\/types\/post"}],"author":[{"embeddable":true,"href":"https:\/\/www.cnbb.org.br\/cnbb-app\/wp\/v2\/users\/2510"}],"replies":[{"embeddable":true,"href":"https:\/\/www.cnbb.org.br\/cnbb-app\/wp\/v2\/comments?post=975981"}],"version-history":[{"count":1,"href":"https:\/\/www.cnbb.org.br\/cnbb-app\/wp\/v2\/posts\/975981\/revisions"}],"predecessor-version":[{"id":975982,"href":"https:\/\/www.cnbb.org.br\/cnbb-app\/wp\/v2\/posts\/975981\/revisions\/975982"}],"wp:attachment":[{"href":"https:\/\/www.cnbb.org.br\/cnbb-app\/wp\/v2\/media?parent=975981"}],"wp:term":[{"taxonomy":"category","embeddable":true,"href":"https:\/\/www.cnbb.org.br\/cnbb-app\/wp\/v2\/categories?post=975981"},{"taxonomy":"post_tag","embeddable":true,"href":"https:\/\/www.cnbb.org.br\/cnbb-app\/wp\/v2\/tags?post=975981"}],"curies":[{"name":"wp","href":"https:\/\/api.w.org\/{rel}","templated":true}]}}