{"id":975992,"date":"2025-01-10T09:08:41","date_gmt":"2025-01-10T12:08:41","guid":{"rendered":"https:\/\/www.cnbb.org.br\/?p=975992"},"modified":"2025-01-10T13:31:54","modified_gmt":"2025-01-10T16:31:54","slug":"jubileu-2025-a-terra-seca-clama-por-vida-e-esperanca","status":"publish","type":"post","link":"https:\/\/www.cnbb.org.br\/jubileu-2025-a-terra-seca-clama-por-vida-e-esperanca\/","title":{"rendered":"Jubileu 2025: A terra seca clama por vida e esperan\u00e7a\u00a0"},"content":{"rendered":"<p style=\"text-align: right;\"><strong>Dom Jailton Oliveira Lino<br \/>\n<\/strong><span data-contrast=\"auto\"><strong>Bispo de Teixeira de Freitas-Caravelas (BA)<\/strong><\/p>\n<p><\/span><\/p>\n<p>&nbsp;<\/p>\n<p style=\"text-align: justify;\"><span data-contrast=\"auto\">\u201cQuando a terra seca clama pelo c\u00e9u&#8230;\u201d Quantos de n\u00f3s j\u00e1 nos sentimos assim? Perdidos, \u00e1ridos, como um solo que h\u00e1 muito tempo n\u00e3o sente o frescor da chuva. A can\u00e7\u00e3o Terra Seca n\u00e3o fala apenas da natureza. Ela fala de n\u00f3s. De nossas almas sedentas, de nossos cora\u00e7\u00f5es que tantas vezes t\u00eam vivido longe da fonte de vida que \u00e9 Deus.<\/span><span data-ccp-props=\"{}\">\u00a0<\/span><\/p>\n<p style=\"text-align: justify;\"><span data-contrast=\"auto\">E agora, em 2025, a Igreja nos chama. O Jubileu chega como a resposta desse clamor. \u00c9 como se o pr\u00f3prio c\u00e9u dissesse: \u201cEu ouvi o teu grito. Eu trarei a chuva.\u201d Mas eu te pergunto: voc\u00ea est\u00e1 pronto para receb\u00ea-la?<\/span><span data-ccp-props=\"{}\">\u00a0<\/span><\/p>\n<p style=\"text-align: justify;\"><span data-contrast=\"auto\">Vivemos tempos dif\u00edceis. O mundo est\u00e1 seco de compaix\u00e3o, de justi\u00e7a, de amor. Quantos cora\u00e7\u00f5es est\u00e3o endurecidos pela indiferen\u00e7a? Quantas vezes escolhemos o ego\u00edsmo, ignorando o outro? Estamos como a terra rachada que rejeita a semente porque n\u00e3o se preparou para o momento da chuva. Mas o Jubileu nos desafia: prepare o solo do seu cora\u00e7\u00e3o.<\/span><span data-ccp-props=\"{}\">\u00a0<\/span><\/p>\n<p style=\"text-align: justify;\"><span data-contrast=\"auto\">Esse ano santo n\u00e3o \u00e9 apenas uma celebra\u00e7\u00e3o. \u00c9 um chamado. Um chamado para sairmos de nossa zona de conforto, para enfrentarmos a aridez de nossas vidas e nos deixarmos transformar pela miseric\u00f3rdia de Deus. O Jubileu nos convida a sermos peregrinos da esperan\u00e7a, mas para isso, precisamos nos perguntar: estamos dispostos a caminhar?<\/span><span data-ccp-props=\"{}\">\u00a0<\/span><\/p>\n<p style=\"text-align: justify;\"><span data-contrast=\"auto\">A gra\u00e7a de Deus \u00e9 como a chuva, mas a terra precisa querer florescer. Voc\u00ea est\u00e1 disposto a abrir m\u00e3o do orgulho, da raiva, da culpa que pesa no peito? Est\u00e1 disposto a perdoar quem te feriu e buscar reconcilia\u00e7\u00e3o com Deus, com os outros e com voc\u00ea mesmo?<\/span><span data-ccp-props=\"{}\">\u00a0<\/span><\/p>\n<p style=\"text-align: justify;\"><span data-contrast=\"auto\">Olhe para o mundo ao seu redor. As guerras, as desigualdades, o sofrimento dos pobres e o descaso com a cria\u00e7\u00e3o s\u00e3o reflexos de uma humanidade que se afastou da sua ess\u00eancia. O Jubileu \u00e9 um convite para mudar essa realidade, mas a mudan\u00e7a come\u00e7a em voc\u00ea.<\/span><span data-ccp-props=\"{}\">\u00a0<\/span><\/p>\n<p style=\"text-align: justify;\"><span data-contrast=\"auto\">Talvez voc\u00ea se pergunte: E se eu n\u00e3o conseguir? Eu te digo: Deus \u00e9 fiel. Ele nunca te abandonar\u00e1. Assim como a chuva vem no tempo certo, a gra\u00e7a d\u2019Ele chega para renovar aquilo que parecia perdido. Mas voc\u00ea precisa estar disposto. \u00c9 preciso abrir o cora\u00e7\u00e3o, tirar as pedras do caminho e deixar que Ele fa\u00e7a o imposs\u00edvel: transformar seu deserto em um jardim.<\/span><span data-ccp-props=\"{}\">\u00a0<\/span><\/p>\n<p style=\"text-align: justify;\"><span data-contrast=\"auto\">N\u00e3o viva este ano santo como um espectador. Seja protagonista. V\u00e1 \u00e0 confiss\u00e3o, participe das celebra\u00e7\u00f5es, ajude quem precisa, cuide da cria\u00e7\u00e3o. Viva como quem acredita que o amor de Deus pode mudar o mundo, porque pode.<\/span><span data-ccp-props=\"{}\">\u00a0<\/span><\/p>\n<p style=\"text-align: justify;\"><span data-contrast=\"auto\">A terra seca est\u00e1 clamando. Voc\u00ea tamb\u00e9m est\u00e1. E Deus responde: \u201cEis que fa\u00e7o novas todas as coisas.\u201d O que voc\u00ea far\u00e1 com essa promessa?<\/span><span data-ccp-props=\"{}\">\u00a0<\/span><\/p>\n<p style=\"text-align: justify;\"><span data-contrast=\"auto\">\u201cQue venha a chuva. Que venha a vida.\u201d<\/span><span data-ccp-props=\"{}\">\u00a0<\/span><\/p>\n","protected":false},"excerpt":{"rendered":"<p>Dom Jailton Oliveira Lino Bispo de Teixeira de Freitas-Caravelas (BA) &nbsp; \u201cQuando a terra seca clama pelo c\u00e9u&#8230;\u201d Quantos de n\u00f3s j\u00e1 nos sentimos assim? Perdidos, \u00e1ridos, como um solo que h\u00e1 muito tempo n\u00e3o sente o frescor da chuva. A can\u00e7\u00e3o Terra Seca n\u00e3o fala apenas da natureza. Ela fala de n\u00f3s. De nossas &hellip;<\/p>\n<p class=\"read-more\"> <a class=\"\" href=\"https:\/\/www.cnbb.org.br\/jubileu-2025-a-terra-seca-clama-por-vida-e-esperanca\/\"> <span class=\"screen-reader-text\">Jubileu 2025: A terra seca clama por vida e esperan\u00e7a\u00a0<\/span> Leia mais &raquo;<\/a><\/p>\n","protected":false},"author":159,"featured_media":0,"comment_status":"closed","ping_status":"closed","sticky":false,"template":"","format":"standard","meta":{"site-sidebar-layout":"default","site-content-layout":"default","ast-global-header-display":"","ast-banner-title-visibility":"","ast-main-header-display":"","ast-hfb-above-header-display":"","ast-hfb-below-header-display":"","ast-hfb-mobile-header-display":"","site-post-title":"","ast-breadcrumbs-content":"","ast-featured-img":"","footer-sml-layout":"","theme-transparent-header-meta":"default","adv-header-id-meta":"","stick-header-meta":"","header-above-stick-meta":"","header-main-stick-meta":"","header-below-stick-meta":""},"categories":[758,1837],"tags":[],"acf":[],"_links":{"self":[{"href":"https:\/\/www.cnbb.org.br\/cnbb-app\/wp\/v2\/posts\/975992"}],"collection":[{"href":"https:\/\/www.cnbb.org.br\/cnbb-app\/wp\/v2\/posts"}],"about":[{"href":"https:\/\/www.cnbb.org.br\/cnbb-app\/wp\/v2\/types\/post"}],"author":[{"embeddable":true,"href":"https:\/\/www.cnbb.org.br\/cnbb-app\/wp\/v2\/users\/159"}],"replies":[{"embeddable":true,"href":"https:\/\/www.cnbb.org.br\/cnbb-app\/wp\/v2\/comments?post=975992"}],"version-history":[{"count":2,"href":"https:\/\/www.cnbb.org.br\/cnbb-app\/wp\/v2\/posts\/975992\/revisions"}],"predecessor-version":[{"id":975994,"href":"https:\/\/www.cnbb.org.br\/cnbb-app\/wp\/v2\/posts\/975992\/revisions\/975994"}],"wp:attachment":[{"href":"https:\/\/www.cnbb.org.br\/cnbb-app\/wp\/v2\/media?parent=975992"}],"wp:term":[{"taxonomy":"category","embeddable":true,"href":"https:\/\/www.cnbb.org.br\/cnbb-app\/wp\/v2\/categories?post=975992"},{"taxonomy":"post_tag","embeddable":true,"href":"https:\/\/www.cnbb.org.br\/cnbb-app\/wp\/v2\/tags?post=975992"}],"curies":[{"name":"wp","href":"https:\/\/api.w.org\/{rel}","templated":true}]}}