{"id":976196,"date":"2025-01-14T15:41:14","date_gmt":"2025-01-14T18:41:14","guid":{"rendered":"https:\/\/www.cnbb.org.br\/?p=976196"},"modified":"2025-01-14T15:41:14","modified_gmt":"2025-01-14T18:41:14","slug":"peregrinos-brasileiros-falam-das-expectativas-de-participar-do-jubileu-dos-comunicadores","status":"publish","type":"post","link":"https:\/\/www.cnbb.org.br\/peregrinos-brasileiros-falam-das-expectativas-de-participar-do-jubileu-dos-comunicadores\/","title":{"rendered":"Peregrinos brasileiros falam de suas expectativas em participar do Jubileu dos Comunicadores em Roma"},"content":{"rendered":"<p style=\"text-align: justify;\">Um grupo de peregrinos do Brasil vai embarcar nos pr\u00f3ximos dias para Roma afim de vivenciar o Jubileu do Mundo das Comunica\u00e7\u00f5es, o primeiro evento dos 36 grandes <a href=\"https:\/\/www.iubilaeum2025.va\/it.html\" target=\"_blank\" rel=\"noopener\">eventos divulgados na programa\u00e7\u00e3o oficial do Ano Santo<\/a>.\u00a0\u00a0O Portal da CNBB conversou com tr\u00eas deles para saber como est\u00e3o se preparando para fazer a experi\u00eancia como peregrinos da Esperan\u00e7a na Santa S\u00e9.<\/p>\n<p style=\"text-align: justify;\"><img decoding=\"async\" loading=\"lazy\" class=\"size-medium wp-image-976203 alignright\" src=\"https:\/\/www.cnbb.org.br\/wp-content\/uploads\/2025\/01\/Pe.-Leonardo-Foto-Oficial-267x300.jpg\" alt=\"\" width=\"267\" height=\"300\" srcset=\"https:\/\/www.cnbb.org.br\/wp-content\/uploads\/2025\/01\/Pe.-Leonardo-Foto-Oficial-267x300.jpg 267w, https:\/\/www.cnbb.org.br\/wp-content\/uploads\/2025\/01\/Pe.-Leonardo-Foto-Oficial-912x1024.jpg 912w, https:\/\/www.cnbb.org.br\/wp-content\/uploads\/2025\/01\/Pe.-Leonardo-Foto-Oficial-768x862.jpg 768w, https:\/\/www.cnbb.org.br\/wp-content\/uploads\/2025\/01\/Pe.-Leonardo-Foto-Oficial-1368x1536.jpg 1368w, https:\/\/www.cnbb.org.br\/wp-content\/uploads\/2025\/01\/Pe.-Leonardo-Foto-Oficial-1824x2048.jpg 1824w, https:\/\/www.cnbb.org.br\/wp-content\/uploads\/2025\/01\/Pe.-Leonardo-Foto-Oficial-500x561.jpg 500w\" sizes=\"(max-width: 267px) 100vw, 267px\" \/>Um deles \u00e9 o padre Leonardo Monteiro, membro do clero da arquidiocese de Bel\u00e9m (PA). Ele coordena a Pastoral da Comunica\u00e7\u00e3o na arquidiocese e tamb\u00e9m no regional Norte 2 da CNBB que compreende (Par\u00e1 e Amapa), onde se encontram 9 dioceses e duas arquidioceses.<\/p>\n<p style=\"text-align: justify;\">Padre Leonardo estar\u00e1 em Roma de 23 a 29 de janeiro. O presb\u00edtero conta que \u00e9 a primeira vez que vai \u00e0 Santa S\u00e9. &#8220;As minhas expectativas s\u00e3o as melhores&#8221;, confidenciou.<\/p>\n<p style=\"text-align: justify;\">Ele considera surreal a possibilidade de encontrar o sucessor de Pedro, o Papa Francisco, e tamb\u00e9m na mesma oportunidade partilhar suas experi\u00eancias com outros comunicadores do mundo. &#8220;Estou acostumado a participar dos eventos de comunica\u00e7\u00e3o pela Igreja no Brasil e vejo o quanto \u00e9 rica a partilha e conviv\u00eancia. Eu fico pensando e criando proje\u00e7\u00f5es para este encontro internacional de comunicadores. Estou com o cora\u00e7\u00e3o muito aberto para o que vou viver, aprender, escutar e celebrar&#8221;, partilhou.<\/p>\n<p style=\"text-align: justify;\">Na mesma medida da expectativa que est\u00e1 alta, o padre contou que est\u00e1 apreensivo para trazer ao seu povo &#8211; da Pascom e tamb\u00e9m de sua par\u00f3quia na periferia de Ananindeua &#8211; que tamb\u00e9m vive, com ele, a expectativa da viagem e dos encontros.<\/p>\n<blockquote>\n<p style=\"text-align: justify;\">&#8220;Eu realmente estou muito feliz, agradecido a Deus pela oportunidade que ele deu, e na expectativa de viver dias muito santificadores dentro do Ano Santo da Esperan\u00e7a. Que eu possa voltar com uma rica experi\u00eancia na bagagem&#8221;, disse.<\/p>\n<\/blockquote>\n<h3>&#8220;Decis\u00f5es profissionais aben\u00e7oadas por Deus&#8221;<\/h3>\n<p>&nbsp;<\/p>\n<p style=\"text-align: justify;\">\u00a0<img decoding=\"async\" loading=\"lazy\" class=\"size-medium wp-image-976202 alignleft\" src=\"https:\/\/www.cnbb.org.br\/wp-content\/uploads\/2025\/01\/Paloma-Edicoes--300x200.jpg\" alt=\"\" width=\"300\" height=\"200\" srcset=\"https:\/\/www.cnbb.org.br\/wp-content\/uploads\/2025\/01\/Paloma-Edicoes--300x200.jpg 300w, https:\/\/www.cnbb.org.br\/wp-content\/uploads\/2025\/01\/Paloma-Edicoes--1024x683.jpg 1024w, https:\/\/www.cnbb.org.br\/wp-content\/uploads\/2025\/01\/Paloma-Edicoes--768x512.jpg 768w, https:\/\/www.cnbb.org.br\/wp-content\/uploads\/2025\/01\/Paloma-Edicoes--1536x1024.jpg 1536w, https:\/\/www.cnbb.org.br\/wp-content\/uploads\/2025\/01\/Paloma-Edicoes--2048x1365.jpg 2048w, https:\/\/www.cnbb.org.br\/wp-content\/uploads\/2025\/01\/Paloma-Edicoes--500x333.jpg 500w\" sizes=\"(max-width: 300px) 100vw, 300px\" \/>A Paloma Timo, jovem ligada ao Caminho Neocatecumenal, \u00e0 arquidiocese de Bras\u00edlia e tamb\u00e9m colaboradora no Setor de Marketing da Edi\u00e7\u00f5es CNBB, disse que tem se preparado para este momento com muita ora\u00e7\u00e3o com o desejo de que a experi\u00eancia confirme sua miss\u00e3o como comunicadora e como cat\u00f3lica.<\/p>\n<p style=\"text-align: justify;\">Ela participar\u00e1, de 24 a 26 pr\u00f3ximo, de um encontro de profissionais de comunica\u00e7\u00e3o do mundo todo, que acontece no \u00e2mbito do Jubileu das Comunica\u00e7\u00f5es, e reunir\u00e1 cerca de 120 jovens representantes das Confer\u00eancias Episcopais, com idades de at\u00e9 35 anos, todos com experi\u00eancia na \u00e1rea de comunica\u00e7\u00e3o e meios digitais.<\/p>\n<blockquote>\n<p style=\"text-align: justify;\">&#8220;N\u00f3s teremos uma programa\u00e7\u00e3o especial de encontro, palestras, network voltados para a comunica\u00e7\u00e3o cat\u00f3licas. A minha expectativa \u00e9 alta por ter uma confirma\u00e7\u00e3o por parte da Igreja de que minhas decis\u00f5es profissionais tamb\u00e9m s\u00e3o aben\u00e7oadas por Deus&#8221;, disse.<\/p>\n<\/blockquote>\n<h3 style=\"text-align: justify;\">&#8220;Estar em comunh\u00e3o com a Igreja&#8221;<\/h3>\n<p style=\"text-align: justify;\">\nO Darlan dos Santos (foto abaixo) \u00e9 colaborador do santu\u00e1rio Sagrado Cora\u00e7\u00e3o de Jesus em Joinville (SC) e residente na mesma cidade. Ele tamb\u00e9m trabalha em uma <a href=\"https:\/\/www.agenciaarcanjo.com.br\/\" target=\"_blank\" rel=\"noopener\">Ag\u00eancia Arcanjo<\/a> que h\u00e1 mais de 12 anos trabalha com grupos religiosos da Igreja no Brasil, incluindo a CNBB. &#8220;Estou muito feliz pela oportunidade de celebrar um Jubileu&#8221;, disse.<\/p>\n<p style=\"text-align: justify;\">Com exce\u00e7\u00e3o do Jubileu Extraordin\u00e1rio da Miseric\u00f3rdia, este ser\u00e1 o primeiro Jubileu que Darlan vai vivenciar aos 31 anos de idade. &#8220;\u00c9 a primeira oportunidade que tenho de fato de celebrar um Jubileu da Igreja. Eu me senti muito especial de ver esta convoca\u00e7\u00e3o por parte da Igreja e do Santo Padre, de uma forma particular, para participar de um Jubileu do Mundo das Comunica\u00e7\u00f5es&#8221;, disse.<\/p>\n<blockquote>\n<p style=\"text-align: justify;\">Segundo ele, o objetivo de ir at\u00e9 Roma \u00e9 estar em comunh\u00e3o com a Igreja, de ouvir o Santo Padre, participar das atividades e, em especial, viver esse momento espiritual de passar pela Porta Santa, receber as indulg\u00eancias plen\u00e1rias e ser um peregrino. &#8220;Vai ser uma experi\u00eancia incr\u00edvel que vai enriquecer minha vida espiritual, meu envolvimento enquanto parte da Igreja e tamb\u00e9m a minha vida profissional&#8221;, disse.<\/p>\n<\/blockquote>\n<p><img decoding=\"async\" loading=\"lazy\" class=\"aligncenter wp-image-976200 size-large\" src=\"https:\/\/www.cnbb.org.br\/wp-content\/uploads\/2025\/01\/Darlan-dos-Santos-1024x797.jpg\" alt=\"\" width=\"1024\" height=\"797\" srcset=\"https:\/\/www.cnbb.org.br\/wp-content\/uploads\/2025\/01\/Darlan-dos-Santos-1024x797.jpg 1024w, https:\/\/www.cnbb.org.br\/wp-content\/uploads\/2025\/01\/Darlan-dos-Santos-300x233.jpg 300w, https:\/\/www.cnbb.org.br\/wp-content\/uploads\/2025\/01\/Darlan-dos-Santos-768x598.jpg 768w, https:\/\/www.cnbb.org.br\/wp-content\/uploads\/2025\/01\/Darlan-dos-Santos-1536x1195.jpg 1536w, https:\/\/www.cnbb.org.br\/wp-content\/uploads\/2025\/01\/Darlan-dos-Santos-500x389.jpg 500w, https:\/\/www.cnbb.org.br\/wp-content\/uploads\/2025\/01\/Darlan-dos-Santos.jpg 1600w\" sizes=\"(max-width: 1024px) 100vw, 1024px\" \/><\/p>\n<p>&nbsp;<\/p>\n<h3>Jubileu do Mundo das Comunica\u00e7\u00f5es<\/h3>\n<p style=\"text-align: justify;\">De 24 a 26 de janeiro ocorrer\u00e1 o primeiro dos 36 grandes eventos do Ano Jubilar, o \ud835\udc09\ud835\udc2e\ud835\udc1b\ud835\udc22\ud835\udc25\ud835\udc1e\ud835\udc2e \ud835\udc1d\ud835\udc28 \ud835\udc0c\ud835\udc2e\ud835\udc27\ud835\udc1d\ud835\udc28 \ud835\udc1d\ud835\udc1a\ud835\udc2c \ud835\udc02\ud835\udc28\ud835\udc26\ud835\udc2e\ud835\udc27\ud835\udc22\ud835\udc1c\ud835\udc1a\ud835\udc1c\u0327\ud835\udc28\u0303\ud835\udc1e\ud835\udc2c, que reunir\u00e1 em Roma profissionais da comunica\u00e7\u00e3o de todo o mundo. <span style=\"font-size: 16px; text-align: justify;\">E<\/span>spera-se que o evento incorpore uma s\u00e9rie de atividades que reflitam sobre o papel das comunica\u00e7\u00f5es na Igreja e no mundo contempor\u00e2neo.<\/p>\n<p style=\"text-align: justify;\">Foram convocados a participar todos os profissionais do mundo da comunica\u00e7\u00e3o (jornalistas, operadores de m\u00eddia, executivos e editores, membros do Conselho de Administra\u00e7\u00e3o, videomakers, designers gr\u00e1ficos, redatores, rela\u00e7\u00f5es p\u00fablicas, gerentes de m\u00eddia social, t\u00e9cnicos de \u00e1udio e v\u00eddeo, tip\u00f3grafos, cientistas da computa\u00e7\u00e3o, etc.). Do Brasil s\u00e3o esperados que 40 profissionais participem, segundo balan\u00e7o da CNBB.<\/p>\n<p style=\"text-align: justify;\"><strong>Encontro com jovens comunicadores profissionais &#8211;\u00a0<\/strong><span style=\"font-size: 16px; text-align: justify;\"> No \u00e2mbito do Jubileu das Comunica\u00e7\u00f5es haver\u00e1 um encontro, organizado pelo Dicast\u00e9rio para a Comunica\u00e7\u00e3o, do Vaticano, que reunir\u00e1 cerca de 200 jovens representantes das Confer\u00eancias Episcopais, com idades de at\u00e9 35 anos, todos com experi\u00eancia na \u00e1rea de comunica\u00e7\u00e3o e meios digitais. Do Brasil participam representantes da Signis Jovem, Edi\u00e7\u00f5es CNBB, do Movimento Laudato Si&#8217;, da Ascom da CNBB, Rede Vida, e membros da reda\u00e7\u00e3o brasileira do Vatican News.<\/span><\/p>\n<p style=\"text-align: justify;\"><strong>Encontro com os presidentes das Comiss\u00f5es Episcopais e Diretores dos Gabinetes de Comunica\u00e7\u00e3o Social &#8211; <\/strong>Foram convidados pelo Dicast\u00e9rio para a Comunica\u00e7\u00e3o, do Vaticano, tamb\u00e9m os presidentes das Comiss\u00f5es Episcopais e Diretores dos Gabinetes de Comunica\u00e7\u00e3o Social para um encontro presencial nos dias 27, 28 e 29 de janeiro. Do Brasil, participam o padre Arnaldo Rodrigues, assessor de Comunica\u00e7\u00e3o da Confer\u00eancia Nacional dos Bispos do Brasil (CNBB) e o bispo de Campo Limpo (SP) e presidente da Comiss\u00e3o Episcopal para a Comunica\u00e7\u00e3o Social da CNBB, dom Valdir Jos\u00e9 de Castro.<\/p>\n<p style=\"text-align: justify;\"><strong>Saiba mais:<\/strong><br \/>\n<a href=\"https:\/\/www.cnbb.org.br\/jubileu-2025-descubra-os-principais-eventos-comemoracoes-e-atividades-que-marcarao-o-ano-santo\/\">Jubileu 2025: descubra os principais eventos, comemora\u00e7\u00f5es e atividades que marcar\u00e3o o Ano Santo &#8211; CNBB<\/a><\/p>\n<pre>Por Willian Bonfim, com fotos de arquivo pessoal.<\/pre>\n","protected":false},"excerpt":{"rendered":"<p>De 24 a 26 de janeiro ocorrer\u00e1 o primeiro dos 36 grandes eventos do Ano Jubilar, o \ud835\udc09\ud835\udc2e\ud835\udc1b\ud835\udc22\ud835\udc25\ud835\udc1e\ud835\udc2e \ud835\udc1d\ud835\udc28 \ud835\udc0c\ud835\udc2e\ud835\udc27\ud835\udc1d\ud835\udc28 \ud835\udc1d\ud835\udc1a\ud835\udc2c \ud835\udc02\ud835\udc28\ud835\udc26\ud835\udc2e\ud835\udc27\ud835\udc22\ud835\udc1c\ud835\udc1a\ud835\udc1c\u0327\ud835\udc28\u0303\ud835\udc1e\ud835\udc2c, que reunir\u00e1 em Roma profissionais da comunica\u00e7\u00e3o de todo o mundo. Espera-se que o evento incorpore uma s\u00e9rie de atividades que reflitam sobre o papel das comunica\u00e7\u00f5es na Igreja e no mundo contempor\u00e2neo<\/p>\n","protected":false},"author":142,"featured_media":976201,"comment_status":"closed","ping_status":"closed","sticky":false,"template":"","format":"standard","meta":{"site-sidebar-layout":"default","site-content-layout":"default","ast-global-header-display":"","ast-banner-title-visibility":"","ast-main-header-display":"","ast-hfb-above-header-display":"","ast-hfb-below-header-display":"","ast-hfb-mobile-header-display":"","site-post-title":"","ast-breadcrumbs-content":"","ast-featured-img":"","footer-sml-layout":"","theme-transparent-header-meta":"default","adv-header-id-meta":"","stick-header-meta":"","header-above-stick-meta":"","header-main-stick-meta":"","header-below-stick-meta":""},"categories":[1841,784],"tags":[4922,5857],"acf":[],"_links":{"self":[{"href":"https:\/\/www.cnbb.org.br\/cnbb-app\/wp\/v2\/posts\/976196"}],"collection":[{"href":"https:\/\/www.cnbb.org.br\/cnbb-app\/wp\/v2\/posts"}],"about":[{"href":"https:\/\/www.cnbb.org.br\/cnbb-app\/wp\/v2\/types\/post"}],"author":[{"embeddable":true,"href":"https:\/\/www.cnbb.org.br\/cnbb-app\/wp\/v2\/users\/142"}],"replies":[{"embeddable":true,"href":"https:\/\/www.cnbb.org.br\/cnbb-app\/wp\/v2\/comments?post=976196"}],"version-history":[{"count":6,"href":"https:\/\/www.cnbb.org.br\/cnbb-app\/wp\/v2\/posts\/976196\/revisions"}],"predecessor-version":[{"id":976209,"href":"https:\/\/www.cnbb.org.br\/cnbb-app\/wp\/v2\/posts\/976196\/revisions\/976209"}],"wp:featuredmedia":[{"embeddable":true,"href":"https:\/\/www.cnbb.org.br\/cnbb-app\/wp\/v2\/media\/976201"}],"wp:attachment":[{"href":"https:\/\/www.cnbb.org.br\/cnbb-app\/wp\/v2\/media?parent=976196"}],"wp:term":[{"taxonomy":"category","embeddable":true,"href":"https:\/\/www.cnbb.org.br\/cnbb-app\/wp\/v2\/categories?post=976196"},{"taxonomy":"post_tag","embeddable":true,"href":"https:\/\/www.cnbb.org.br\/cnbb-app\/wp\/v2\/tags?post=976196"}],"curies":[{"name":"wp","href":"https:\/\/api.w.org\/{rel}","templated":true}]}}