{"id":976197,"date":"2025-01-14T14:09:37","date_gmt":"2025-01-14T17:09:37","guid":{"rendered":"https:\/\/www.cnbb.org.br\/?p=976197"},"modified":"2025-01-14T14:10:44","modified_gmt":"2025-01-14T17:10:44","slug":"santo-amaro-e-a-politica","status":"publish","type":"post","link":"https:\/\/www.cnbb.org.br\/santo-amaro-e-a-politica\/","title":{"rendered":"Santo Amaro e a pol\u00edtica"},"content":{"rendered":"<p style=\"text-align: right;\"><strong>Dom Fernando Ar\u00eaas Rifan<\/strong><br \/>\n<strong>Bispo da Administra\u00e7\u00e3o Apost\u00f3lica Pessoal S\u00e3o Jo\u00e3o Maria Vianney (RJ)<\/strong><\/p>\n<p>&nbsp;<\/p>\n<p style=\"text-align: justify;\">A grande devo\u00e7\u00e3o em nossa regi\u00e3o a Santo Amaro, cuja festa celebramos hoje, \u00e9 explicada pela presen\u00e7a dos monges beneditinos que foram os valorosos mission\u00e1rios da zona rural de Campos dos Goytacazes, em cujo munic\u00edpio se situa o c\u00e9lebre Mosteiro de S\u00e3o Bento, em Mussurepe. Vale a pena recordar um pouco a sua vida, por muitos desconhecida.<\/p>\n<p style=\"text-align: justify;\">Santo Amaro, ou S\u00e3o Mauro, foi monge e abade beneditino, ou seja, da Ordem de S\u00e3o Bento. Nascido em Roma, de fam\u00edlia senatorial, Amaro, quando tinha apenas doze anos, foi entregue no mosteiro por seu pai, Egrico, homem ilustre pela virtude e pela nobreza do nascimento, confiando-o aos cuidados de S\u00e3o Bento, em 522.<\/p>\n<p style=\"text-align: justify;\">Correspondeu t\u00e3o bem \u00e0 afei\u00e7\u00e3o e \u00e0 solicitude do mestre, que foi em breve proposto como modelo aos outros religiosos. S\u00e3o Greg\u00f3rio exaltou-o por se ter distinguido no amor da ora\u00e7\u00e3o e do sil\u00eancio. Sempre se lhe notou profunda humildade e admir\u00e1vel simplicidade de cora\u00e7\u00e3o. Mas nele sobressaia a virtude da obedi\u00eancia, sendo por isso recompensado por Deus, com o milagre semelhante ao de S\u00e3o Pedro no lago de Tiber\u00edades, caminhando sobre as \u00e1guas.<\/p>\n<p style=\"text-align: justify;\">S\u00e3o Bento, mestre de Santo Amaro, escreveu a sua regra, par\u00e2metro de vida para todos, at\u00e9 para os governantes e pol\u00edticos. Consta que o grande imperador Carlos Magno pautava o seu governo pela regra de S\u00e3o Bento. Podemos resumir a sua regra pela sua frase lapidar: \u201cNada antepor a Cristo\u201d, ou seja, Deus em primeiro lugar. A consci\u00eancia reta, voz de Deus em nosso interior, deve ser a nossa regra de vida, e n\u00e3o os conchavos, os compromissos esp\u00farios, a corrup\u00e7\u00e3o, a venda do dever pelo dinheiro, etc.<\/p>\n<p style=\"text-align: justify;\">Estou em Portugal, Sintra, a convite, onde participo, como todos os anos, de um Congresso internacional para Bispos, com Cardeais e Bispos de v\u00e1rios continentes, promovido pelo Acton Institute, institui\u00e7\u00e3o universit\u00e1ria voltada para estudos de economia, pol\u00edtica e sociologia \u00e0 luz da Doutrina social da Igreja.<\/p>\n<p style=\"text-align: justify;\">\u201cEntre as muitas quest\u00f5es que hoje a todos preocupam, importa revelar particularmente as seguintes:&#8230; a vida econ\u00f4mico-social e a pol\u00edtica\u201d (Gaudium et Spes 46).<\/p>\n<p style=\"text-align: justify;\">\u201cA passagem da economia ao campo pol\u00edtico se afigura necess\u00e1ria. Sob o termo \u2018pol\u00edtico\u2019, naturalmente, s\u00e3o poss\u00edveis muitas confus\u00f5es e devem ser esclarecidas; entretanto, todos t\u00eam mais ou menos a sensa\u00e7\u00e3o de que dom\u00ednios sociais e econ\u00f4micos, tanto nacionais como internacionais, a decis\u00e3o \u00faltima \u00e9 do poder pol\u00edtico. Tomar a s\u00e9rio a pol\u00edtica, nos seus diversos n\u00edveis&#8230; \u00e9 afirmar o dever do homem, de todos os homens de reconhecerem a realidade concreta e o valor da liberdade de escolha que lhes \u00e9 proporcionada para procurarem juntos o bem da cidade, da na\u00e7\u00e3o e da humanidade. A pol\u00edtica \u00e9 uma maneira exigente \u2013 se bem que n\u00e3o seja a \u00fanica \u2013 de viver o compromisso crist\u00e3o ao servi\u00e7o dos outros&#8230; Reconhecendo muito embora a autonomia da realidade pol\u00edtica, esfor\u00e7ar-se-\u00e3o os crist\u00e3os solicitados a entrarem na a\u00e7\u00e3o pol\u00edtica por encontrar uma coer\u00eancia entre as suas a\u00e7\u00f5es e o Evangelho\u201d (Octog Adv 46).<\/p>\n<p>&nbsp;<\/p>\n<p>&nbsp;<\/p>\n","protected":false},"excerpt":{"rendered":"<p>Dom Fernando Ar\u00eaas Rifan Bispo da Administra\u00e7\u00e3o Apost\u00f3lica Pessoal S\u00e3o Jo\u00e3o Maria Vianney (RJ) &nbsp; A grande devo\u00e7\u00e3o em nossa regi\u00e3o a Santo Amaro, cuja festa celebramos hoje, \u00e9 explicada pela presen\u00e7a dos monges beneditinos que foram os valorosos mission\u00e1rios da zona rural de Campos dos Goytacazes, em cujo munic\u00edpio se situa o c\u00e9lebre Mosteiro &hellip;<\/p>\n<p class=\"read-more\"> <a class=\"\" href=\"https:\/\/www.cnbb.org.br\/santo-amaro-e-a-politica\/\"> <span class=\"screen-reader-text\">Santo Amaro e a pol\u00edtica<\/span> Leia mais &raquo;<\/a><\/p>\n","protected":false},"author":29,"featured_media":0,"comment_status":"closed","ping_status":"closed","sticky":false,"template":"","format":"standard","meta":{"site-sidebar-layout":"default","site-content-layout":"default","ast-global-header-display":"","ast-banner-title-visibility":"","ast-main-header-display":"","ast-hfb-above-header-display":"","ast-hfb-below-header-display":"","ast-hfb-mobile-header-display":"","site-post-title":"","ast-breadcrumbs-content":"","ast-featured-img":"","footer-sml-layout":"","theme-transparent-header-meta":"default","adv-header-id-meta":"","stick-header-meta":"","header-above-stick-meta":"","header-main-stick-meta":"","header-below-stick-meta":""},"categories":[758],"tags":[],"acf":[],"_links":{"self":[{"href":"https:\/\/www.cnbb.org.br\/cnbb-app\/wp\/v2\/posts\/976197"}],"collection":[{"href":"https:\/\/www.cnbb.org.br\/cnbb-app\/wp\/v2\/posts"}],"about":[{"href":"https:\/\/www.cnbb.org.br\/cnbb-app\/wp\/v2\/types\/post"}],"author":[{"embeddable":true,"href":"https:\/\/www.cnbb.org.br\/cnbb-app\/wp\/v2\/users\/29"}],"replies":[{"embeddable":true,"href":"https:\/\/www.cnbb.org.br\/cnbb-app\/wp\/v2\/comments?post=976197"}],"version-history":[{"count":2,"href":"https:\/\/www.cnbb.org.br\/cnbb-app\/wp\/v2\/posts\/976197\/revisions"}],"predecessor-version":[{"id":976199,"href":"https:\/\/www.cnbb.org.br\/cnbb-app\/wp\/v2\/posts\/976197\/revisions\/976199"}],"wp:attachment":[{"href":"https:\/\/www.cnbb.org.br\/cnbb-app\/wp\/v2\/media?parent=976197"}],"wp:term":[{"taxonomy":"category","embeddable":true,"href":"https:\/\/www.cnbb.org.br\/cnbb-app\/wp\/v2\/categories?post=976197"},{"taxonomy":"post_tag","embeddable":true,"href":"https:\/\/www.cnbb.org.br\/cnbb-app\/wp\/v2\/tags?post=976197"}],"curies":[{"name":"wp","href":"https:\/\/api.w.org\/{rel}","templated":true}]}}